{"id":967,"date":"2023-03-04T17:44:49","date_gmt":"2023-03-04T16:44:49","guid":{"rendered":"https:\/\/wp.unil.ch\/biodiversite\/?p=967"},"modified":"2023-03-04T17:44:51","modified_gmt":"2023-03-04T16:44:51","slug":"les-pigeons","status":"publish","type":"post","link":"https:\/\/wp.unil.ch\/biodiversite\/les-pigeons\/","title":{"rendered":"Les pigeons"},"content":{"rendered":"\n<p>A l\u2019heure d\u2019aujourd\u2019hui on peut dire que les pigeons font partie int\u00e9grante du paysage urbain. Bien qu\u2019il en existe plusieurs esp\u00e8ces dans le monde entier, en Europe on retrouve principalement 3 esp\u00e8ces\u00a0: le pigeon biset, le pigeon ramier et le pigeon colombin. Ici nous nous concentrerons sur les deux premiers car ce sont ceux que nous rencontrons le plus souvent sur le campus.<\/p>\n\n\n\n<h5 class=\"wp-block-heading\">Le pigeon biset<\/h5>\n\n\n\n<div class=\"wp-block-columns is-layout-flex wp-container-core-columns-is-layout-9d6595d7 wp-block-columns-is-layout-flex\">\n<div class=\"wp-block-column is-layout-flow wp-block-column-is-layout-flow\" style=\"flex-basis:50%\">\n<figure class=\"wp-block-image size-full\"><img alt=\"\" loading=\"lazy\" decoding=\"async\" width=\"600\" height=\"400\" src=\"https:\/\/wp.unil.ch\/biodiversite\/files\/2023\/03\/Pigeon-biset.jpg\" alt=\"\" class=\"wp-image-999\" srcset=\"https:\/\/wp.unil.ch\/biodiversite\/files\/2023\/03\/Pigeon-biset.jpg 600w, https:\/\/wp.unil.ch\/biodiversite\/files\/2023\/03\/Pigeon-biset-300x200.jpg 300w\" sizes=\"auto, (max-width: 600px) 100vw, 600px\" \/><figcaption class=\"wp-element-caption\">Pigeon biset<\/figcaption><\/figure>\n<\/div>\n\n\n\n<div class=\"wp-block-column is-layout-flow wp-block-column-is-layout-flow\" style=\"flex-basis:50%\">\n<p>Le pigeon biset, connu de tous, est pr\u00e9sent dans le monde entier. Son plumage varie fortement entre les individus mais il est de mani\u00e8re g\u00e9n\u00e9rale gris-bleut\u00e9 avec la partie sup\u00e9rieure du corps plus claire que la partie inf\u00e9rieure. Le plumage vert et violac\u00e9 sur son cou est tr\u00e8s remarquable, tout comme les deux barres noires sur ces ailes. Le bec est gris avec la base blanche et les yeux sont rouge-orang\u00e9s.<\/p>\n<\/div>\n<\/div>\n\n\n\n<p>On retrouve souvent les pigeons dans les villes. Lorsqu\u2019ils ne d\u00e9ambulent pas dans les rues, on les observe souvent dans les trous des fa\u00e7ades, les toits, les cavit\u00e9s des b\u00e2timents aussi bien habit\u00e9s qu\u2019abandonn\u00e9s. Ce sont des refuges parfaits pour \u00e9lever des petits ou se reposer tranquillement. Ils se nourrissent principalement de graines mais s\u2019accommodent tr\u00e8s bien des restes laisser par les Hommes, tel que les miettes.<\/p>\n\n\n\n<h5 class=\"wp-block-heading\">Pigeon ramier<\/h5>\n\n\n\n<div class=\"wp-block-columns is-layout-flex wp-container-core-columns-is-layout-9d6595d7 wp-block-columns-is-layout-flex\">\n<div class=\"wp-block-column is-layout-flow wp-block-column-is-layout-flow\" style=\"flex-basis:50%\">\n<p>Le pigeon ramier est principalement pr\u00e9sent en Europe, en Asie et au nord de l\u2019Afrique. Bien que semblable au pigeon biset, le pigeon ramier est un peu plus grand, la marque blanche de chaque c\u00f4t\u00e9 de son cou est tr\u00e8s reconnaissable et il a une bande blanche qui coupe l\u2019aile en deux, visible lorsqu\u2019il est en vol. La t\u00eate et la partie sup\u00e9rieure du corps est d\u2019un gris-bleut\u00e9 alors que la partie inf\u00e9rieure est plus claire avec une teinte mauve sur la poitrine.<\/p>\n<\/div>\n\n\n\n<div class=\"wp-block-column is-layout-flow wp-block-column-is-layout-flow\" style=\"flex-basis:50%\">\n<figure class=\"wp-block-image size-full\"><img alt=\"\" loading=\"lazy\" decoding=\"async\" width=\"600\" height=\"400\" src=\"https:\/\/wp.unil.ch\/biodiversite\/files\/2023\/03\/Pigeon-ramier.jpg\" alt=\"\" class=\"wp-image-1000\" srcset=\"https:\/\/wp.unil.ch\/biodiversite\/files\/2023\/03\/Pigeon-ramier.jpg 600w, https:\/\/wp.unil.ch\/biodiversite\/files\/2023\/03\/Pigeon-ramier-300x200.jpg 300w\" sizes=\"auto, (max-width: 600px) 100vw, 600px\" \/><figcaption class=\"wp-element-caption\">Pigeon ramier<\/figcaption><\/figure>\n<\/div>\n<\/div>\n\n\n\n<p>Cet oiseau pr\u00e9f\u00e8re vivre dans des milieux bois\u00e9s, surtout en p\u00e9riode de reproduction. Toutefois, on peut aussi bien l\u2019observer dans des for\u00eats denses que dans des jardins avec peu d\u2019arbres. Il se nourrit principalement d\u2019\u00e9l\u00e9ments de nature v\u00e9g\u00e9tale, tel que des graines diverses, des bourgeons, des feuilles, des fruits, etc\u2026<\/p>\n\n\n\n<h5 class=\"wp-block-heading\">Le saviez-vous&nbsp;?<\/h5>\n\n\n\n<ul class=\"wp-block-list\">\n<li>Un cerveau de pigeon pr\u00e9sente une densit\u00e9 de neurones six fois plus \u00e9lev\u00e9e qu&rsquo;un cerveau humain.<\/li>\n\n\n\n<li>Les pigeons \u00e9taient transport\u00e9s dans les bombardiers comme un moyen de communication dans le cas d&rsquo;un accident, d&rsquo;amerrissage ou de panne radio durant la seconde guerre mondiale.<\/li>\n<\/ul>\n","protected":false},"excerpt":{"rendered":"<p>A l\u2019heure d\u2019aujourd\u2019hui on peut dire que les pigeons font partie int\u00e9grante du paysage urbain. Bien qu\u2019il en existe plusieurs esp\u00e8ces dans le monde entier, en Europe on retrouve principalement &hellip; <\/p>\n","protected":false},"author":1801,"featured_media":999,"comment_status":"closed","ping_status":"closed","sticky":false,"template":"","format":"standard","meta":{"_seopress_robots_primary_cat":"","_seopress_titles_title":"","_seopress_titles_desc":"","_seopress_robots_index":"","footnotes":""},"categories":[4],"tags":[17],"class_list":{"0":"post-967","1":"post","2":"type-post","3":"status-publish","4":"format-standard","5":"has-post-thumbnail","7":"category-oiseaux","8":"tag-oiseau"},"_links":{"self":[{"href":"https:\/\/wp.unil.ch\/biodiversite\/wp-json\/wp\/v2\/posts\/967","targetHints":{"allow":["GET"]}}],"collection":[{"href":"https:\/\/wp.unil.ch\/biodiversite\/wp-json\/wp\/v2\/posts"}],"about":[{"href":"https:\/\/wp.unil.ch\/biodiversite\/wp-json\/wp\/v2\/types\/post"}],"author":[{"embeddable":true,"href":"https:\/\/wp.unil.ch\/biodiversite\/wp-json\/wp\/v2\/users\/1801"}],"replies":[{"embeddable":true,"href":"https:\/\/wp.unil.ch\/biodiversite\/wp-json\/wp\/v2\/comments?post=967"}],"version-history":[{"count":0,"href":"https:\/\/wp.unil.ch\/biodiversite\/wp-json\/wp\/v2\/posts\/967\/revisions"}],"wp:featuredmedia":[{"embeddable":true,"href":"https:\/\/wp.unil.ch\/biodiversite\/wp-json\/wp\/v2\/media\/999"}],"wp:attachment":[{"href":"https:\/\/wp.unil.ch\/biodiversite\/wp-json\/wp\/v2\/media?parent=967"}],"wp:term":[{"taxonomy":"category","embeddable":true,"href":"https:\/\/wp.unil.ch\/biodiversite\/wp-json\/wp\/v2\/categories?post=967"},{"taxonomy":"post_tag","embeddable":true,"href":"https:\/\/wp.unil.ch\/biodiversite\/wp-json\/wp\/v2\/tags?post=967"}],"curies":[{"name":"wp","href":"https:\/\/api.w.org\/{rel}","templated":true}]}}