{"id":30,"date":"2011-10-18T10:44:35","date_gmt":"2011-10-18T08:44:35","guid":{"rendered":"http:\/\/wp.unil.ch\/avml\/?p=30"},"modified":"2011-10-27T18:36:55","modified_gmt":"2011-10-27T16:36:55","slug":"activite-generale","status":"publish","type":"post","link":"https:\/\/wp.unil.ch\/avml\/2011\/10\/activite-generale\/","title":{"rendered":"Activit\u00e9 g\u00e9n\u00e9rale"},"content":{"rendered":"<p>Le comit\u00e9 de l&rsquo;AVML s&rsquo;est r\u00e9uni \u00e0 dix reprises (huit s\u00e9ances AVML et deux s\u00e9ances AVML-CIE) au cours de l&rsquo;ann\u00e9e \u00e9coul\u00e9e, afin de discuter et de mettre en place les divers services propos\u00e9s.<\/p>\n<p>En plus de la gestion des activit\u00e9s courantes, le comit\u00e9 s\u2019est, par exemple, souci\u00e9 de mettre en place les diff\u00e9rentes commissions d&rsquo;encadrement et de gestion de la formation telles qu&rsquo;exig\u00e9es par la nouvelle loi de formation professionnelle des laborantins CFC (biologie et chimie).<\/p>\n<p>Le comit\u00e9 s&rsquo;est \u00e9galement int\u00e9ress\u00e9 \u00e0 la mise en place de cours de formation continue en g\u00e9n\u00e9tique et \u00e0 renouveler la certification eduQua, label de qualit\u00e9 d\u00e9cern\u00e9 par le SECO et l&rsquo;OFFT, pour les organisations qui dispensent des cours de formation continue.<\/p>\n<p>Les membres du comit\u00e9 ont \u00e9galement d\u00e9fendu activement, au niveau cantonal et f\u00e9d\u00e9ral, la profession de laboriste. L&rsquo;AVML s&rsquo;est port\u00e9e ORTRA pour la mise sur pieds d&rsquo;une nouvelle ordonnance sur la formation initiale et la cr\u00e9ation d&rsquo;une formation de laborantin AFP en 2012-2013 et il est tr\u00e8s important que la formation de laboriste ne soit pas interrompue d&rsquo;ici-l\u00e0.<\/p>\n<p>Les comptes de l&rsquo;Association et des diff\u00e9rents services propos\u00e9s : engagement group\u00e9, formation continue, cours interentreprises, cours compl\u00e9mentaire de chimie et examen pratique interm\u00e9diaire, sont pr\u00e9sent\u00e9s conjointement et ont \u00e9t\u00e9 examin\u00e9s par la Fiduciaire Ren\u00e9 Guignard.<\/p>\n","protected":false},"excerpt":{"rendered":"<p>Le comit\u00e9 de l&rsquo;AVML s&rsquo;est r\u00e9uni \u00e0 dix reprises (huit s\u00e9ances AVML et deux s\u00e9ances AVML-CIE) au cours de l&rsquo;ann\u00e9e \u00e9coul\u00e9e, afin de discuter et de mettre en place les divers services propos\u00e9s. En&#46;&#46;&#46;<\/p>\n","protected":false},"author":274,"featured_media":0,"comment_status":"closed","ping_status":"closed","sticky":true,"template":"","format":"standard","meta":{"_seopress_robots_primary_cat":"","_seopress_titles_title":"","_seopress_titles_desc":"","_seopress_robots_index":"","footnotes":""},"categories":[30534],"tags":[],"class_list":{"0":"post-30","1":"post","2":"type-post","3":"status-publish","4":"format-standard","6":"category-avantages"},"_links":{"self":[{"href":"https:\/\/wp.unil.ch\/avml\/wp-json\/wp\/v2\/posts\/30","targetHints":{"allow":["GET"]}}],"collection":[{"href":"https:\/\/wp.unil.ch\/avml\/wp-json\/wp\/v2\/posts"}],"about":[{"href":"https:\/\/wp.unil.ch\/avml\/wp-json\/wp\/v2\/types\/post"}],"author":[{"embeddable":true,"href":"https:\/\/wp.unil.ch\/avml\/wp-json\/wp\/v2\/users\/274"}],"replies":[{"embeddable":true,"href":"https:\/\/wp.unil.ch\/avml\/wp-json\/wp\/v2\/comments?post=30"}],"version-history":[{"count":0,"href":"https:\/\/wp.unil.ch\/avml\/wp-json\/wp\/v2\/posts\/30\/revisions"}],"wp:attachment":[{"href":"https:\/\/wp.unil.ch\/avml\/wp-json\/wp\/v2\/media?parent=30"}],"wp:term":[{"taxonomy":"category","embeddable":true,"href":"https:\/\/wp.unil.ch\/avml\/wp-json\/wp\/v2\/categories?post=30"},{"taxonomy":"post_tag","embeddable":true,"href":"https:\/\/wp.unil.ch\/avml\/wp-json\/wp\/v2\/tags?post=30"}],"curies":[{"name":"wp","href":"https:\/\/api.w.org\/{rel}","templated":true}]}}