{"id":2030,"date":"2015-10-15T18:32:04","date_gmt":"2015-10-15T16:32:04","guid":{"rendered":"http:\/\/wp.unil.ch\/avml\/?p=2030"},"modified":"2021-04-19T11:11:08","modified_gmt":"2021-04-19T09:11:08","slug":"journee-info-metier","status":"publish","type":"post","link":"https:\/\/wp.unil.ch\/avml\/2015\/10\/journee-info-metier\/","title":{"rendered":"Journ\u00e9e info-m\u00e9tier"},"content":{"rendered":"<h3><span style=\"color: #000000\">L\u2019Association Vaudoise pour les M\u00e9tiers de Laboratoire pr\u00e9sentera <\/span><\/h3>\n<h3><span style=\"color: #000000\"><span style=\"color: #ff0000\"><strong>l\u2019APPRENTISSAGE ET LES M\u00c9TIERS DE LABORANTIN EN CHIMIE, EN BIOLOGIE ET EN PHYSIQUE <\/strong><\/span>lors d\u2019une s\u00e9ance d\u2019information:<\/span><\/h3>\n<ul>\n<li><span style=\"color: #000000\"><strong>\u00a0<\/strong>Le<strong> <span style=\"color: #ff0000\">mercredi 4 novembre 2015 de 14 h \u00e0 16 h<\/span><\/strong><\/span><\/li>\n<li><span style=\"color: #000000\">\u00a0Lieu\u00a0: <span style=\"color: #ff0000\"><strong><a style=\"color: #ff0000\" href=\"https:\/\/www.unil.ch\/acces\/fr\/home\/menuinst\/unil---chuv.html\">Auditoire de la maternit\u00e9 du CHUV<\/a><\/strong><\/span><\/span><\/li>\n<\/ul>\n<p><span style=\"color: #000000\">\u00a0 \u00a0 \u00a0 \u00a0 \u00a0 \u00a0 \u00a0 \u00a0<\/span><strong>\u00a0Au programme :<\/strong><\/p>\n<blockquote>\n<ul>\n<li style=\"text-align: left\"><span style=\"color: #000000\">Pr\u00e9sentation de l\u2019apprentissage de laborantin et des orientations en chimie, biologie et physique<\/span><\/li>\n<li style=\"text-align: left\"><span style=\"color: #000000\">Pr\u00e9sentation des structures de formation et des processus d\u2019engagement <\/span><span style=\"color: #000000\">(Association Vaudoise des M\u00e9tiers de Laboratoire, Ecole Intercantonale des Laborantins, \u2026)<\/span><\/li>\n<li style=\"text-align: left\"><span style=\"color: #000000\">Pr\u00e9sentation des m\u00e9tiers de laboratoire et des offres de formations sup\u00e9rieures et continues<\/span><\/li>\n<li style=\"text-align: left\"><span style=\"color: #000000\">Places de stage<\/span><\/li>\n<li style=\"text-align: left\"><span style=\"color: #000000\">T\u00e9moignages d\u2019apprentis<\/span><\/li>\n<\/ul>\n<\/blockquote>\n<h3><span style=\"color: #000000\">D\u00e9lai d&rsquo;inscription: le 3 novembre 2015<br \/>\n<\/span><\/h3>\n<h3><span style=\"color: #000000\"><strong>FORMULAIRE D&rsquo;INSCRIPTION:<\/strong><\/span><\/h3>\n<h3><span style=\"color: #000000\">Cet \u00e9v\u00e8nement est pass\u00e9.<br \/>\n<\/span><\/h3>\n","protected":false},"excerpt":{"rendered":"<p>L\u2019Association Vaudoise pour les M\u00e9tiers de Laboratoire pr\u00e9sentera l\u2019APPRENTISSAGE ET LES M\u00c9TIERS DE LABORANTIN EN CHIMIE, EN BIOLOGIE ET EN PHYSIQUE lors d\u2019une s\u00e9ance d\u2019information: \u00a0Le mercredi 4 novembre 2015 de 14 h \u00e0&#46;&#46;&#46;<\/p>\n","protected":false},"author":274,"featured_media":0,"comment_status":"closed","ping_status":"closed","sticky":false,"template":"","format":"standard","meta":{"_seopress_robots_primary_cat":"","_seopress_titles_title":"","_seopress_titles_desc":"","_seopress_robots_index":"","footnotes":""},"categories":[30534],"tags":[],"class_list":{"0":"post-2030","1":"post","2":"type-post","3":"status-publish","4":"format-standard","6":"category-avantages"},"_links":{"self":[{"href":"https:\/\/wp.unil.ch\/avml\/wp-json\/wp\/v2\/posts\/2030","targetHints":{"allow":["GET"]}}],"collection":[{"href":"https:\/\/wp.unil.ch\/avml\/wp-json\/wp\/v2\/posts"}],"about":[{"href":"https:\/\/wp.unil.ch\/avml\/wp-json\/wp\/v2\/types\/post"}],"author":[{"embeddable":true,"href":"https:\/\/wp.unil.ch\/avml\/wp-json\/wp\/v2\/users\/274"}],"replies":[{"embeddable":true,"href":"https:\/\/wp.unil.ch\/avml\/wp-json\/wp\/v2\/comments?post=2030"}],"version-history":[{"count":0,"href":"https:\/\/wp.unil.ch\/avml\/wp-json\/wp\/v2\/posts\/2030\/revisions"}],"wp:attachment":[{"href":"https:\/\/wp.unil.ch\/avml\/wp-json\/wp\/v2\/media?parent=2030"}],"wp:term":[{"taxonomy":"category","embeddable":true,"href":"https:\/\/wp.unil.ch\/avml\/wp-json\/wp\/v2\/categories?post=2030"},{"taxonomy":"post_tag","embeddable":true,"href":"https:\/\/wp.unil.ch\/avml\/wp-json\/wp\/v2\/tags?post=2030"}],"curies":[{"name":"wp","href":"https:\/\/api.w.org\/{rel}","templated":true}]}}