{"id":23491,"date":"2026-04-25T15:22:11","date_gmt":"2026-04-25T13:22:11","guid":{"rendered":"https:\/\/wp.unil.ch\/ateliercritique\/?p=23491"},"modified":"2026-04-25T15:22:32","modified_gmt":"2026-04-25T13:22:32","slug":"les-limbes","status":"publish","type":"post","link":"https:\/\/wp.unil.ch\/ateliercritique\/2026\/04\/les-limbes\/","title":{"rendered":"Les Limbes"},"content":{"rendered":"<h2 class=\"wp-block-post-title\">Les Limbes<\/h2>\n\n<div class=\"wp-block-post-excerpt\"><p class=\"wp-block-post-excerpt__excerpt\">Conception et mise en sc\u00e8ne d&rsquo;Etienne Saglio\/ Th\u00e9\u00e2tre du Jura (Del\u00e9mont) \/ Du 22 au 23 avril 2026 \/ Critique par Mathys Lonfat . <\/p><\/div>\n\n\n<hr class=\"wp-block-separator has-alpha-channel-opacity is-style-wide\" \/>\n\n\n\n<div class=\"wp-block-columns is-layout-flex wp-container-core-columns-is-layout-9d6595d7 wp-block-columns-is-layout-flex\">\n<div class=\"wp-block-column is-layout-flow wp-block-column-is-layout-flow\">\n<p>22 avril 2026<\/p>\n<\/div>\n\n\n\n<div class=\"wp-block-column is-layout-flow wp-block-column-is-layout-flow\">\n<p class=\"has-text-align-right\">Par <a href=\"https:\/\/wp.unil.ch\/ateliercritique\/mathys-lonfat\/\">Mathys Lonfat<\/a><\/p>\n<\/div>\n<\/div>\n\n\n\n<h3 class=\"wp-block-heading\">Voyage dans l\u2019entre-deux-mondes<\/h3>\n\n\n<div class=\"wp-block-image\">\n<figure class=\"alignleft size-large is-resized\"><img loading=\"lazy\" decoding=\"async\" width=\"1024\" height=\"726\" src=\"https:\/\/wp.unil.ch\/ateliercritique\/files\/2026\/04\/les-limbes_article-1024x726.jpg\" alt=\"les limbes article\" class=\"wp-image-23492\" style=\"width:300px\" srcset=\"https:\/\/wp.unil.ch\/ateliercritique\/files\/2026\/04\/les-limbes_article-1024x726.jpg 1024w, https:\/\/wp.unil.ch\/ateliercritique\/files\/2026\/04\/les-limbes_article-282x200.jpg 282w, https:\/\/wp.unil.ch\/ateliercritique\/files\/2026\/04\/les-limbes_article-240x170.jpg 240w, https:\/\/wp.unil.ch\/ateliercritique\/files\/2026\/04\/les-limbes_article-768x544.jpg 768w, https:\/\/wp.unil.ch\/ateliercritique\/files\/2026\/04\/les-limbes_article.jpg 1500w\" sizes=\"auto, (max-width: 1024px) 100vw, 1024px\" \/><figcaption class=\"wp-element-caption\">Etienne Saglio \/ Cie Monstre(s)<\/figcaption><\/figure>\n<\/div>\n\n\n<p><em>Pour deux soirs de suite, Etienne Saglio pr\u00e9sente au Th\u00e9\u00e2tre du Jura \u00ab&nbsp;Les Limbes&nbsp;\u00bb, un spectacle o\u00f9 l\u2019illusion reprend ses droits et d\u00e9fie l\u2019esprit logique des spectateurs pour nous faire voyager dans le flou irrationnel des marges de l\u2019enfer. &nbsp;<\/em><\/p>\n\n\n\n<p>L\u2019\u00e9clairage de la salle s\u2019abaisse. On per\u00e7oit encore les visages de nos voisins. Entre alors sur sc\u00e8ne Etienne Saglio. Dans la main gauche, une \u00e9p\u00e9e&nbsp;; dans la droite, un manteau rouge. Il le d\u00e9pose sur le sol, le consid\u00e8re religieusement&nbsp;: le pardessus rouge est muni d\u2019une t\u00eate. Il l\u2019enfile et le paletot rouge prend vie. L\u2019un et l\u2019autre se scrutent, se d\u00e9couvrent, se t\u00e2tent. Progressivement, l\u2019on ne sait plus tr\u00e8s bien qui, entre le com\u00e9dien et le fantoche, m\u00e8ne la danse. La coexistence se transforme alors en lutte. Le premier tente de recouvrir son identit\u00e9, le second bataille pour gagner son autonomie. Bringuebal\u00e9 \u00e0 travers la sc\u00e8ne, Etienne Saglio rend les armes contre son double. Les Limbes s\u2019ouvrent et, avec elles, le bal de l\u2019entre-deux-mondes.<\/p>\n\n\n\n<p>Spectacle enivrant rythm\u00e9 par les mouvements d\u2019apparition-disparition, <em>Les Limbes<\/em> suscitent un univers o\u00f9 les forces terrestres, telles que la gravit\u00e9, capitulent, o\u00f9 l\u2019\u00eatre et le non-\u00eatre, le soi et l\u2019autre se brouillent. Les avatars d\u2019Etienne Saglio se volatilisent, aspir\u00e9s par le sol, se muent de la chair au chiffon, de l\u2019homme \u00e0 la marionnette, se multiplient, gr\u00e2ce \u00e0 des effets de projections, tombent du ciel d\u00e9sarticul\u00e9s avant de s\u2019animer, se refl\u00e8tent derri\u00e8re un \u00e9cran o\u00f9 se d\u00e9ploient les jeux d\u2019ombre et de lumi\u00e8re. Pris dans ce tourbillon, le spectateur est fascin\u00e9, sans \u00eatre jamais totalement d\u00e9sorient\u00e9. Cadenc\u00e9 par le \u00ab&nbsp;Stabat Mater&nbsp;\u00bb d\u2019Antonio Vivaldi, \u00ab&nbsp;Les Limbes&nbsp;\u00bb &nbsp;instaurent des mouvements de suspension au cours desquels le magicien fait danser d\u2019anodins bouts de plastique qui se m\u00e9tamorphosent, sous son action, en de gracieuses entit\u00e9s fantomatiques qui elles aussi, peu \u00e0 peu, s\u2019ind\u00e9pendantisent. Nous scrutons l\u2019espace, mobilisons toutes nos aptitudes logiques pour d\u00e9jouer &nbsp;les leurres. Et soudain, dans un v\u00e9ritable tour de force, l\u2019une de ces m\u00e9duses de plastique \u2013 ici les m\u00e9taphores sont notre dernier secours \u2013 traverse le parterre, circule \u00e0 travers les rangs et l\u2019on a beau lever les yeux pour observer le plafond, on ne saura expliquer ce ph\u00e9nom\u00e8ne.<\/p>\n\n\n\n<p>Dans \u00ab&nbsp;Les Limbes&nbsp;\u00bb, le th\u00e9\u00e2tre &nbsp;s\u2019affirme comme art de l\u2019illusion. Proche de Rapha\u00ebl Navarro, Etienne Saglio est l\u2019un des repr\u00e9sentants du courant de la magie nouvelle. La compagnie Monstre(s) se saisit de toutes les puissances de la bo\u00eete noire, non pas comme appareil de r\u00e9v\u00e9lation, mais pour l\u2019explorer en tant que machine merveilleuse o\u00f9 les complices, tapis dans l\u2019ombre, se confondent avec les forces de l\u2019entre-deux-mondes. &nbsp;Parce qu\u2019ils font preuve d\u2019une habilet\u00e9 sans faille, d\u2019une po\u00e9sie envo\u00fbtante et d\u2019une d\u00e9marche coh\u00e9rente, nous leur accordons alors volontiers notre cr\u00e9dulit\u00e9.<\/p>\n\n\n\n<div class=\"wp-block-columns is-layout-flex wp-container-core-columns-is-layout-9d6595d7 wp-block-columns-is-layout-flex\">\n<div class=\"wp-block-column is-layout-flow wp-block-column-is-layout-flow\">\n<p>22 avril 2026<\/p>\n<\/div>\n\n\n\n<div class=\"wp-block-column is-layout-flow wp-block-column-is-layout-flow\">\n<p class=\"has-text-align-right\">Par <a href=\"https:\/\/wp.unil.ch\/ateliercritique\/mathys-lonfat\/\">Mathys Lonfat<\/a><\/p>\n<\/div>\n<\/div>\n\n\n\n<hr class=\"wp-block-separator has-alpha-channel-opacity is-style-wide\" \/>\n\n\n\n<p><a href=\"https:\/\/www.theatre-du-jura.ch\/f\/programme\/detail\/604-les-limbes\">Voir la page du spectacle<\/a><\/p>\n","protected":false},"excerpt":{"rendered":"<p>Conception et mise en sc\u00e8ne d&rsquo;Etienne Saglio\/ Th\u00e9\u00e2tre du Jura (Del\u00e9mont) \/ Du 22 au 23 avril 2026 \/ Critique par Mathys Lonfat . <\/p>\n","protected":false},"author":1002847,"featured_media":23493,"comment_status":"closed","ping_status":"closed","sticky":false,"template":"","format":"standard","meta":{"_seopress_robots_primary_cat":"","_seopress_titles_title":"","_seopress_titles_desc":"","_seopress_robots_index":"","footnotes":""},"categories":[32,34,38,289],"tags":[323],"class_list":["post-23491","post","type-post","status-publish","format-standard","has-post-thumbnail","category-critique","category-expired","category-spectacle","category-theatre-du-jura","tag-mathys-lonfat"],"_links":{"self":[{"href":"https:\/\/wp.unil.ch\/ateliercritique\/wp-json\/wp\/v2\/posts\/23491","targetHints":{"allow":["GET"]}}],"collection":[{"href":"https:\/\/wp.unil.ch\/ateliercritique\/wp-json\/wp\/v2\/posts"}],"about":[{"href":"https:\/\/wp.unil.ch\/ateliercritique\/wp-json\/wp\/v2\/types\/post"}],"author":[{"embeddable":true,"href":"https:\/\/wp.unil.ch\/ateliercritique\/wp-json\/wp\/v2\/users\/1002847"}],"replies":[{"embeddable":true,"href":"https:\/\/wp.unil.ch\/ateliercritique\/wp-json\/wp\/v2\/comments?post=23491"}],"version-history":[{"count":2,"href":"https:\/\/wp.unil.ch\/ateliercritique\/wp-json\/wp\/v2\/posts\/23491\/revisions"}],"predecessor-version":[{"id":23495,"href":"https:\/\/wp.unil.ch\/ateliercritique\/wp-json\/wp\/v2\/posts\/23491\/revisions\/23495"}],"wp:featuredmedia":[{"embeddable":true,"href":"https:\/\/wp.unil.ch\/ateliercritique\/wp-json\/wp\/v2\/media\/23493"}],"wp:attachment":[{"href":"https:\/\/wp.unil.ch\/ateliercritique\/wp-json\/wp\/v2\/media?parent=23491"}],"wp:term":[{"taxonomy":"category","embeddable":true,"href":"https:\/\/wp.unil.ch\/ateliercritique\/wp-json\/wp\/v2\/categories?post=23491"},{"taxonomy":"post_tag","embeddable":true,"href":"https:\/\/wp.unil.ch\/ateliercritique\/wp-json\/wp\/v2\/tags?post=23491"}],"curies":[{"name":"wp","href":"https:\/\/api.w.org\/{rel}","templated":true}]}}