{"id":22988,"date":"2025-03-27T22:24:23","date_gmt":"2025-03-27T21:24:23","guid":{"rendered":"https:\/\/wp.unil.ch\/ateliercritique\/?p=22988"},"modified":"2025-04-04T15:16:36","modified_gmt":"2025-04-04T13:16:36","slug":"la-visite-du-futur-imparfait","status":"publish","type":"post","link":"https:\/\/wp.unil.ch\/ateliercritique\/2025\/03\/la-visite-du-futur-imparfait\/","title":{"rendered":"La visite du futur imparfait"},"content":{"rendered":"<h2 class=\"wp-block-post-title\">La visite du futur imparfait<\/h2>\n\n<div class=\"wp-block-post-excerpt\"><p class=\"wp-block-post-excerpt__excerpt\">Conception et jeu par Yvan Richardet \/ La Grange \u2013 Centre \/ Arts et Science \/ UNIL \/ Du 11 mars au 15 mai 2025 \/ Textes cr\u00e9atifs par Orane Gigon, Maxime Grandjean, Killian Lachat, Lucie Ortet, Hadrien Halter, Loris Ferrari, Muireann Walsh et C\u00e9lia Reymond . <\/p><\/div>\n\n\n<hr class=\"wp-block-separator has-alpha-channel-opacity is-style-wide\" \/>\n\n\n\n<p><em>En lien avec le spectacle d\u00e9ambulatoire <\/em>La Visite du futur imparfait<em>, propos\u00e9 \u00e0 la Grange  par Yvan Richardet, l&rsquo;Atelier critique a collabor\u00e9 avec l&rsquo;Atelier d&rsquo;\u00e9criture litt\u00e9raire (dir. J\u00e9r\u00f4me Meizoz). Les textes ci-dessous sont des cr\u00e9ations originales libres \u00e0 partir du spectacle. Elles en imaginent une prolongation ou une variante, exploitent l&rsquo;univers cr\u00e9\u00e9, ou adoptent un point de vue d\u00e9plac\u00e9 sur le spectacle. <\/em><\/p>\n\n\n\n<hr class=\"wp-block-separator has-alpha-channel-opacity is-style-wide\" \/>\n\n\n\n<div class=\"wp-block-columns is-layout-flex wp-container-core-columns-is-layout-9d6595d7 wp-block-columns-is-layout-flex\">\n<div class=\"wp-block-column is-layout-flow wp-block-column-is-layout-flow\">\n<p>11 mars 2025<\/p>\n<\/div>\n\n\n\n<div class=\"wp-block-column is-layout-flow wp-block-column-is-layout-flow\">\n<p class=\"has-text-align-right\">Par <a href=\"https:\/\/wp.unil.ch\/ateliercritique\/lequipe\/orane-gigon\/\">Orane Gigon<\/a><\/p>\n<\/div>\n<\/div>\n\n\n\n<figure class=\"wp-block-image size-full is-resized\"><img loading=\"lazy\" decoding=\"async\" width=\"659\" height=\"917\" src=\"https:\/\/wp.unil.ch\/ateliercritique\/files\/2025\/03\/gigon-1.jpg\" alt=\"gigon 1\" class=\"wp-image-23010\" style=\"width:735px;height:auto\" srcset=\"https:\/\/wp.unil.ch\/ateliercritique\/files\/2025\/03\/gigon-1.jpg 659w, https:\/\/wp.unil.ch\/ateliercritique\/files\/2025\/03\/gigon-1-144x200.jpg 144w, https:\/\/wp.unil.ch\/ateliercritique\/files\/2025\/03\/gigon-1-122x170.jpg 122w\" sizes=\"auto, (max-width: 659px) 100vw, 659px\" \/><\/figure>\n\n\n\n<figure class=\"wp-block-image size-full is-resized\"><img loading=\"lazy\" decoding=\"async\" width=\"593\" height=\"859\" src=\"https:\/\/wp.unil.ch\/ateliercritique\/files\/2025\/03\/gigon-2-1.jpg\" alt=\"gigon 2\" class=\"wp-image-23035\" style=\"width:735px;height:auto\" srcset=\"https:\/\/wp.unil.ch\/ateliercritique\/files\/2025\/03\/gigon-2-1.jpg 593w, https:\/\/wp.unil.ch\/ateliercritique\/files\/2025\/03\/gigon-2-1-138x200.jpg 138w, https:\/\/wp.unil.ch\/ateliercritique\/files\/2025\/03\/gigon-2-1-117x170.jpg 117w\" sizes=\"auto, (max-width: 593px) 100vw, 593px\" \/><\/figure>\n\n\n\n<div class=\"wp-block-columns is-layout-flex wp-container-core-columns-is-layout-9d6595d7 wp-block-columns-is-layout-flex\">\n<div class=\"wp-block-column is-layout-flow wp-block-column-is-layout-flow\">\n<p>11 mars 2025<\/p>\n<\/div>\n\n\n\n<div class=\"wp-block-column is-layout-flow wp-block-column-is-layout-flow\">\n<p class=\"has-text-align-right\">Par <a href=\"https:\/\/wp.unil.ch\/ateliercritique\/lequipe\/orane-gigon\/\">Orane Gigon<\/a><\/p>\n<\/div>\n<\/div>\n\n\n\n<hr class=\"wp-block-separator has-alpha-channel-opacity is-style-wide\" \/>\n\n\n\n<div class=\"wp-block-columns is-layout-flex wp-container-core-columns-is-layout-9d6595d7 wp-block-columns-is-layout-flex\">\n<div class=\"wp-block-column is-layout-flow wp-block-column-is-layout-flow\">\n<p>11 mars 2025<\/p>\n<\/div>\n\n\n\n<div class=\"wp-block-column is-layout-flow wp-block-column-is-layout-flow\">\n<p class=\"has-text-align-right\">Par <a href=\"https:\/\/wp.unil.ch\/ateliercritique\/maxime-grandjean\/\">Maxime Grandjean<\/a><\/p>\n<\/div>\n<\/div>\n\n\n\n<figure class=\"wp-block-image size-full is-resized\"><img loading=\"lazy\" decoding=\"async\" width=\"610\" height=\"866\" src=\"https:\/\/wp.unil.ch\/ateliercritique\/files\/2025\/03\/maxime-grandjean_1.jpg\" alt=\"maxime grandjean 1\" class=\"wp-image-22992\" style=\"width:735px;height:auto\" srcset=\"https:\/\/wp.unil.ch\/ateliercritique\/files\/2025\/03\/maxime-grandjean_1.jpg 610w, https:\/\/wp.unil.ch\/ateliercritique\/files\/2025\/03\/maxime-grandjean_1-141x200.jpg 141w, https:\/\/wp.unil.ch\/ateliercritique\/files\/2025\/03\/maxime-grandjean_1-120x170.jpg 120w\" sizes=\"auto, (max-width: 610px) 100vw, 610px\" \/><\/figure>\n\n\n\n<figure class=\"wp-block-image size-full is-resized\"><img loading=\"lazy\" decoding=\"async\" width=\"605\" height=\"861\" src=\"https:\/\/wp.unil.ch\/ateliercritique\/files\/2025\/03\/maxime-grandjean_2.jpg\" alt=\"maxime grandjean 2\" class=\"wp-image-22993\" style=\"width:735px;height:auto\" srcset=\"https:\/\/wp.unil.ch\/ateliercritique\/files\/2025\/03\/maxime-grandjean_2.jpg 605w, https:\/\/wp.unil.ch\/ateliercritique\/files\/2025\/03\/maxime-grandjean_2-141x200.jpg 141w, https:\/\/wp.unil.ch\/ateliercritique\/files\/2025\/03\/maxime-grandjean_2-119x170.jpg 119w\" sizes=\"auto, (max-width: 605px) 100vw, 605px\" \/><\/figure>\n\n\n\n<figure class=\"wp-block-image size-full is-resized\"><img loading=\"lazy\" decoding=\"async\" width=\"607\" height=\"864\" src=\"https:\/\/wp.unil.ch\/ateliercritique\/files\/2025\/03\/maxime-grandjean_3.jpg\" alt=\"maxime grandjean 3\" class=\"wp-image-22994\" style=\"width:735px;height:auto\" srcset=\"https:\/\/wp.unil.ch\/ateliercritique\/files\/2025\/03\/maxime-grandjean_3.jpg 607w, https:\/\/wp.unil.ch\/ateliercritique\/files\/2025\/03\/maxime-grandjean_3-141x200.jpg 141w, https:\/\/wp.unil.ch\/ateliercritique\/files\/2025\/03\/maxime-grandjean_3-119x170.jpg 119w\" sizes=\"auto, (max-width: 607px) 100vw, 607px\" \/><\/figure>\n\n\n\n<figure class=\"wp-block-image size-full is-resized\"><img loading=\"lazy\" decoding=\"async\" width=\"605\" height=\"863\" src=\"https:\/\/wp.unil.ch\/ateliercritique\/files\/2025\/03\/maxime-grandjean_4.jpg\" alt=\"maxime grandjean 4\" class=\"wp-image-22995\" style=\"width:735px;height:auto\" srcset=\"https:\/\/wp.unil.ch\/ateliercritique\/files\/2025\/03\/maxime-grandjean_4.jpg 605w, https:\/\/wp.unil.ch\/ateliercritique\/files\/2025\/03\/maxime-grandjean_4-140x200.jpg 140w, https:\/\/wp.unil.ch\/ateliercritique\/files\/2025\/03\/maxime-grandjean_4-119x170.jpg 119w\" sizes=\"auto, (max-width: 605px) 100vw, 605px\" \/><\/figure>\n\n\n\n<div class=\"wp-block-columns is-layout-flex wp-container-core-columns-is-layout-9d6595d7 wp-block-columns-is-layout-flex\">\n<div class=\"wp-block-column is-layout-flow wp-block-column-is-layout-flow\">\n<p>11 mars 2025<\/p>\n<\/div>\n\n\n\n<div class=\"wp-block-column is-layout-flow wp-block-column-is-layout-flow\">\n<p class=\"has-text-align-right\">Par <a href=\"https:\/\/wp.unil.ch\/ateliercritique\/maxime-grandjean\/\">Maxime Grandjean<\/a><\/p>\n<\/div>\n<\/div>\n\n\n\n<hr class=\"wp-block-separator has-alpha-channel-opacity is-style-wide\" \/>\n\n\n\n<div class=\"wp-block-columns is-layout-flex wp-container-core-columns-is-layout-9d6595d7 wp-block-columns-is-layout-flex\">\n<div class=\"wp-block-column is-layout-flow wp-block-column-is-layout-flow\">\n<p>11 mars 2025<\/p>\n<\/div>\n\n\n\n<div class=\"wp-block-column is-layout-flow wp-block-column-is-layout-flow\">\n<p class=\"has-text-align-right\">Par<a href=\"https:\/\/wp.unil.ch\/ateliercritique\/killian-lachat\/\"> Killian Lachat<\/a><\/p>\n<\/div>\n<\/div>\n\n\n\n<figure class=\"wp-block-image size-full is-resized\"><img loading=\"lazy\" decoding=\"async\" width=\"630\" height=\"800\" src=\"https:\/\/wp.unil.ch\/ateliercritique\/files\/2025\/03\/killian-lachat_1.jpg\" alt=\"killian lachat 1\" class=\"wp-image-22996\" style=\"width:735px;height:auto\" srcset=\"https:\/\/wp.unil.ch\/ateliercritique\/files\/2025\/03\/killian-lachat_1.jpg 630w, https:\/\/wp.unil.ch\/ateliercritique\/files\/2025\/03\/killian-lachat_1-158x200.jpg 158w, https:\/\/wp.unil.ch\/ateliercritique\/files\/2025\/03\/killian-lachat_1-134x170.jpg 134w\" sizes=\"auto, (max-width: 630px) 100vw, 630px\" \/><\/figure>\n\n\n\n<figure class=\"wp-block-image size-full is-resized\"><img loading=\"lazy\" decoding=\"async\" width=\"599\" height=\"630\" src=\"https:\/\/wp.unil.ch\/ateliercritique\/files\/2025\/03\/killian-lachat_2.jpg\" alt=\"killian lachat 2\" class=\"wp-image-22997\" style=\"width:735px;height:auto\" srcset=\"https:\/\/wp.unil.ch\/ateliercritique\/files\/2025\/03\/killian-lachat_2.jpg 599w, https:\/\/wp.unil.ch\/ateliercritique\/files\/2025\/03\/killian-lachat_2-190x200.jpg 190w, https:\/\/wp.unil.ch\/ateliercritique\/files\/2025\/03\/killian-lachat_2-162x170.jpg 162w\" sizes=\"auto, (max-width: 599px) 100vw, 599px\" \/><\/figure>\n\n\n\n<div class=\"wp-block-columns is-layout-flex wp-container-core-columns-is-layout-9d6595d7 wp-block-columns-is-layout-flex\">\n<div class=\"wp-block-column is-layout-flow wp-block-column-is-layout-flow\">\n<p>11 mars 2025<\/p>\n<\/div>\n\n\n\n<div class=\"wp-block-column is-layout-flow wp-block-column-is-layout-flow\">\n<p class=\"has-text-align-right\">Par<a href=\"https:\/\/wp.unil.ch\/ateliercritique\/killian-lachat\/\"> Killian Lachat<\/a><\/p>\n<\/div>\n<\/div>\n\n\n\n<hr class=\"wp-block-separator has-alpha-channel-opacity is-style-wide\" \/>\n\n\n\n<div class=\"wp-block-columns is-layout-flex wp-container-core-columns-is-layout-9d6595d7 wp-block-columns-is-layout-flex\">\n<div class=\"wp-block-column is-layout-flow wp-block-column-is-layout-flow\">\n<p>11 mars 2025<\/p>\n<\/div>\n\n\n\n<div class=\"wp-block-column is-layout-flow wp-block-column-is-layout-flow\">\n<p class=\"has-text-align-right\">Par<a href=\"https:\/\/wp.unil.ch\/ateliercritique\/lequipe\/lucie-ortet\/\"> Lucie Ortet<\/a><\/p>\n<\/div>\n<\/div>\n\n\n\n<figure class=\"wp-block-image size-full is-resized\"><img loading=\"lazy\" decoding=\"async\" width=\"576\" height=\"819\" src=\"https:\/\/wp.unil.ch\/ateliercritique\/files\/2025\/03\/ortet_1.jpg\" alt=\"ortet 1\" class=\"wp-image-22998\" style=\"width:735px;height:auto\" srcset=\"https:\/\/wp.unil.ch\/ateliercritique\/files\/2025\/03\/ortet_1.jpg 576w, https:\/\/wp.unil.ch\/ateliercritique\/files\/2025\/03\/ortet_1-141x200.jpg 141w, https:\/\/wp.unil.ch\/ateliercritique\/files\/2025\/03\/ortet_1-120x170.jpg 120w\" sizes=\"auto, (max-width: 576px) 100vw, 576px\" \/><\/figure>\n\n\n\n<figure class=\"wp-block-image size-full is-resized\"><img loading=\"lazy\" decoding=\"async\" width=\"560\" height=\"432\" src=\"https:\/\/wp.unil.ch\/ateliercritique\/files\/2025\/03\/ortet_2.jpg\" alt=\"ortet 2\" class=\"wp-image-22999\" style=\"width:735px;height:auto\" srcset=\"https:\/\/wp.unil.ch\/ateliercritique\/files\/2025\/03\/ortet_2.jpg 560w, https:\/\/wp.unil.ch\/ateliercritique\/files\/2025\/03\/ortet_2-259x200.jpg 259w, https:\/\/wp.unil.ch\/ateliercritique\/files\/2025\/03\/ortet_2-220x170.jpg 220w\" sizes=\"auto, (max-width: 560px) 100vw, 560px\" \/><\/figure>\n\n\n\n<div class=\"wp-block-columns is-layout-flex wp-container-core-columns-is-layout-9d6595d7 wp-block-columns-is-layout-flex\">\n<div class=\"wp-block-column is-layout-flow wp-block-column-is-layout-flow\">\n<p>11 mars 2025<\/p>\n<\/div>\n\n\n\n<div class=\"wp-block-column is-layout-flow wp-block-column-is-layout-flow\">\n<p class=\"has-text-align-right\">Par<a href=\"https:\/\/wp.unil.ch\/ateliercritique\/lequipe\/lucie-ortet\/\"> Lucie Ortet<\/a><\/p>\n<\/div>\n<\/div>\n\n\n\n<hr class=\"wp-block-separator has-alpha-channel-opacity is-style-wide\" \/>\n\n\n\n<div class=\"wp-block-columns is-layout-flex wp-container-core-columns-is-layout-9d6595d7 wp-block-columns-is-layout-flex\">\n<div class=\"wp-block-column is-layout-flow wp-block-column-is-layout-flow\">\n<p>11 mars 2025<\/p>\n<\/div>\n\n\n\n<div class=\"wp-block-column is-layout-flow wp-block-column-is-layout-flow\">\n<p class=\"has-text-align-right\">Par <a href=\"https:\/\/wp.unil.ch\/ateliercritique\/lequipe\/hadrien-halter\/\">Hadrien Halter<\/a><\/p>\n<\/div>\n<\/div>\n\n\n\n<figure class=\"wp-block-image size-full is-resized\"><img loading=\"lazy\" decoding=\"async\" width=\"533\" height=\"795\" src=\"https:\/\/wp.unil.ch\/ateliercritique\/files\/2025\/03\/halter_1.jpg\" alt=\"halter 1\" class=\"wp-image-23000\" style=\"width:735px;height:auto\" srcset=\"https:\/\/wp.unil.ch\/ateliercritique\/files\/2025\/03\/halter_1.jpg 533w, https:\/\/wp.unil.ch\/ateliercritique\/files\/2025\/03\/halter_1-134x200.jpg 134w, https:\/\/wp.unil.ch\/ateliercritique\/files\/2025\/03\/halter_1-114x170.jpg 114w\" sizes=\"auto, (max-width: 533px) 100vw, 533px\" \/><\/figure>\n\n\n\n<figure class=\"wp-block-image size-full is-resized\"><img loading=\"lazy\" decoding=\"async\" width=\"528\" height=\"638\" src=\"https:\/\/wp.unil.ch\/ateliercritique\/files\/2025\/03\/halter-2.jpg\" alt=\"halter 2\" class=\"wp-image-23001\" style=\"width:735px;height:auto\" srcset=\"https:\/\/wp.unil.ch\/ateliercritique\/files\/2025\/03\/halter-2.jpg 528w, https:\/\/wp.unil.ch\/ateliercritique\/files\/2025\/03\/halter-2-166x200.jpg 166w, https:\/\/wp.unil.ch\/ateliercritique\/files\/2025\/03\/halter-2-141x170.jpg 141w\" sizes=\"auto, (max-width: 528px) 100vw, 528px\" \/><\/figure>\n\n\n\n<div class=\"wp-block-columns is-layout-flex wp-container-core-columns-is-layout-9d6595d7 wp-block-columns-is-layout-flex\">\n<div class=\"wp-block-column is-layout-flow wp-block-column-is-layout-flow\">\n<p>11 mars 2025<\/p>\n<\/div>\n\n\n\n<div class=\"wp-block-column is-layout-flow wp-block-column-is-layout-flow\">\n<p class=\"has-text-align-right\">Par <a href=\"https:\/\/wp.unil.ch\/ateliercritique\/lequipe\/hadrien-halter\/\">Hadrien Halter<\/a><\/p>\n<\/div>\n<\/div>\n\n\n\n<hr class=\"wp-block-separator has-alpha-channel-opacity is-style-wide\" \/>\n\n\n\n<div class=\"wp-block-columns is-layout-flex wp-container-core-columns-is-layout-9d6595d7 wp-block-columns-is-layout-flex\">\n<div class=\"wp-block-column is-layout-flow wp-block-column-is-layout-flow\">\n<p>11 mars 2025<\/p>\n<\/div>\n\n\n\n<div class=\"wp-block-column is-layout-flow wp-block-column-is-layout-flow\">\n<p class=\"has-text-align-right\">Par <a href=\"https:\/\/wp.unil.ch\/ateliercritique\/lequipe\/loris-ferrari\/\">Loris Ferrari<\/a><\/p>\n<\/div>\n<\/div>\n\n\n\n<figure class=\"wp-block-image size-full is-resized\"><img loading=\"lazy\" decoding=\"async\" width=\"384\" height=\"849\" src=\"https:\/\/wp.unil.ch\/ateliercritique\/files\/2025\/03\/ferrari-1-1.jpg\" alt=\"ferrari 1\" class=\"wp-image-23003\" style=\"width:735px;height:auto\" srcset=\"https:\/\/wp.unil.ch\/ateliercritique\/files\/2025\/03\/ferrari-1-1.jpg 384w, https:\/\/wp.unil.ch\/ateliercritique\/files\/2025\/03\/ferrari-1-1-90x200.jpg 90w, https:\/\/wp.unil.ch\/ateliercritique\/files\/2025\/03\/ferrari-1-1-77x170.jpg 77w\" sizes=\"auto, (max-width: 384px) 100vw, 384px\" \/><\/figure>\n\n\n\n<figure class=\"wp-block-image size-full is-resized\"><img loading=\"lazy\" decoding=\"async\" width=\"367\" height=\"145\" src=\"https:\/\/wp.unil.ch\/ateliercritique\/files\/2025\/03\/ferrari-2.jpg\" alt=\"ferrari 2\" class=\"wp-image-23004\" style=\"width:735px;height:auto\" srcset=\"https:\/\/wp.unil.ch\/ateliercritique\/files\/2025\/03\/ferrari-2.jpg 367w, https:\/\/wp.unil.ch\/ateliercritique\/files\/2025\/03\/ferrari-2-300x119.jpg 300w, https:\/\/wp.unil.ch\/ateliercritique\/files\/2025\/03\/ferrari-2-250x99.jpg 250w\" sizes=\"auto, (max-width: 367px) 100vw, 367px\" \/><\/figure>\n\n\n\n<div class=\"wp-block-columns is-layout-flex wp-container-core-columns-is-layout-9d6595d7 wp-block-columns-is-layout-flex\">\n<div class=\"wp-block-column is-layout-flow wp-block-column-is-layout-flow\">\n<p>11 mars 2025<\/p>\n<\/div>\n\n\n\n<div class=\"wp-block-column is-layout-flow wp-block-column-is-layout-flow\">\n<p class=\"has-text-align-right\">Par <a href=\"https:\/\/wp.unil.ch\/ateliercritique\/lequipe\/loris-ferrari\/\">Loris Ferrari<\/a><\/p>\n<\/div>\n<\/div>\n\n\n\n<hr class=\"wp-block-separator has-alpha-channel-opacity is-style-wide\" \/>\n\n\n\n<div class=\"wp-block-columns is-layout-flex wp-container-core-columns-is-layout-9d6595d7 wp-block-columns-is-layout-flex\">\n<div class=\"wp-block-column is-layout-flow wp-block-column-is-layout-flow\">\n<p>11 mars 2025<\/p>\n<\/div>\n\n\n\n<div class=\"wp-block-column is-layout-flow wp-block-column-is-layout-flow\">\n<p class=\"has-text-align-right\">Par<a href=\"https:\/\/wp.unil.ch\/ateliercritique\/lequipe\/muireann-walsh\/\"> Muireann Walsh<\/a><\/p>\n<\/div>\n<\/div>\n\n\n\n<figure class=\"wp-block-image size-full is-resized\"><img loading=\"lazy\" decoding=\"async\" width=\"636\" height=\"882\" src=\"https:\/\/wp.unil.ch\/ateliercritique\/files\/2025\/03\/walsh-1.jpg\" alt=\"walsh 1\" class=\"wp-image-23005\" style=\"width:735px;height:auto\" srcset=\"https:\/\/wp.unil.ch\/ateliercritique\/files\/2025\/03\/walsh-1.jpg 636w, https:\/\/wp.unil.ch\/ateliercritique\/files\/2025\/03\/walsh-1-144x200.jpg 144w, https:\/\/wp.unil.ch\/ateliercritique\/files\/2025\/03\/walsh-1-123x170.jpg 123w\" sizes=\"auto, (max-width: 636px) 100vw, 636px\" \/><\/figure>\n\n\n\n<figure class=\"wp-block-image size-full is-resized\"><img loading=\"lazy\" decoding=\"async\" width=\"625\" height=\"932\" src=\"https:\/\/wp.unil.ch\/ateliercritique\/files\/2025\/03\/walsh-2.jpg\" alt=\"walsh 2\" class=\"wp-image-23006\" style=\"width:735px;height:auto\" srcset=\"https:\/\/wp.unil.ch\/ateliercritique\/files\/2025\/03\/walsh-2.jpg 625w, https:\/\/wp.unil.ch\/ateliercritique\/files\/2025\/03\/walsh-2-134x200.jpg 134w, https:\/\/wp.unil.ch\/ateliercritique\/files\/2025\/03\/walsh-2-114x170.jpg 114w\" sizes=\"auto, (max-width: 625px) 100vw, 625px\" \/><\/figure>\n\n\n\n<figure class=\"wp-block-image size-full is-resized\"><img loading=\"lazy\" decoding=\"async\" width=\"569\" height=\"838\" src=\"https:\/\/wp.unil.ch\/ateliercritique\/files\/2025\/03\/walsh-3-1.jpg\" alt=\"walsh 3\" class=\"wp-image-23037\" style=\"width:735px;height:auto\" srcset=\"https:\/\/wp.unil.ch\/ateliercritique\/files\/2025\/03\/walsh-3-1.jpg 569w, https:\/\/wp.unil.ch\/ateliercritique\/files\/2025\/03\/walsh-3-1-136x200.jpg 136w, https:\/\/wp.unil.ch\/ateliercritique\/files\/2025\/03\/walsh-3-1-115x170.jpg 115w\" sizes=\"auto, (max-width: 569px) 100vw, 569px\" \/><\/figure>\n\n\n\n<figure class=\"wp-block-image size-full is-resized\"><img loading=\"lazy\" decoding=\"async\" width=\"598\" height=\"242\" src=\"https:\/\/wp.unil.ch\/ateliercritique\/files\/2025\/03\/walsh-4.jpg\" alt=\"walsh 4\" class=\"wp-image-23008\" style=\"width:735px;height:auto\" srcset=\"https:\/\/wp.unil.ch\/ateliercritique\/files\/2025\/03\/walsh-4.jpg 598w, https:\/\/wp.unil.ch\/ateliercritique\/files\/2025\/03\/walsh-4-300x121.jpg 300w, https:\/\/wp.unil.ch\/ateliercritique\/files\/2025\/03\/walsh-4-250x101.jpg 250w\" sizes=\"auto, (max-width: 598px) 100vw, 598px\" \/><\/figure>\n\n\n\n<div class=\"wp-block-columns is-layout-flex wp-container-core-columns-is-layout-9d6595d7 wp-block-columns-is-layout-flex\">\n<div class=\"wp-block-column is-layout-flow wp-block-column-is-layout-flow\">\n<p>11 mars 2025<\/p>\n<\/div>\n\n\n\n<div class=\"wp-block-column is-layout-flow wp-block-column-is-layout-flow\">\n<p class=\"has-text-align-right\">Par<a href=\"https:\/\/wp.unil.ch\/ateliercritique\/lequipe\/muireann-walsh\/\"> Muireann Walsh<\/a><\/p>\n<\/div>\n<\/div>\n\n\n\n<hr class=\"wp-block-separator has-alpha-channel-opacity is-style-wide\" \/>\n\n\n\n<div class=\"wp-block-columns is-layout-flex wp-container-core-columns-is-layout-9d6595d7 wp-block-columns-is-layout-flex\">\n<div class=\"wp-block-column is-layout-flow wp-block-column-is-layout-flow\">\n<p>11 mars 2025<\/p>\n<\/div>\n\n\n\n<div class=\"wp-block-column is-layout-flow wp-block-column-is-layout-flow\">\n<p class=\"has-text-align-right\">Par <a href=\"https:\/\/wp.unil.ch\/ateliercritique\/lequipe\/celia-reymond\/\">C\u00e9lia Reymond<\/a><\/p>\n<\/div>\n<\/div>\n\n\n\n<figure class=\"wp-block-image size-full is-resized\"><img loading=\"lazy\" decoding=\"async\" width=\"636\" height=\"903\" src=\"https:\/\/wp.unil.ch\/ateliercritique\/files\/2025\/03\/reymond-1.jpg\" alt=\"reymond 1\" class=\"wp-image-23009\" style=\"width:735px;height:auto\" srcset=\"https:\/\/wp.unil.ch\/ateliercritique\/files\/2025\/03\/reymond-1.jpg 636w, https:\/\/wp.unil.ch\/ateliercritique\/files\/2025\/03\/reymond-1-141x200.jpg 141w, https:\/\/wp.unil.ch\/ateliercritique\/files\/2025\/03\/reymond-1-120x170.jpg 120w\" sizes=\"auto, (max-width: 636px) 100vw, 636px\" \/><\/figure>\n\n\n\n<div class=\"wp-block-columns is-layout-flex wp-container-core-columns-is-layout-9d6595d7 wp-block-columns-is-layout-flex\">\n<div class=\"wp-block-column is-layout-flow wp-block-column-is-layout-flow\">\n<p>11 mars 2025<\/p>\n<\/div>\n\n\n\n<div class=\"wp-block-column is-layout-flow wp-block-column-is-layout-flow\">\n<p class=\"has-text-align-right\">Par <a href=\"https:\/\/wp.unil.ch\/ateliercritique\/lequipe\/celia-reymond\/\">C\u00e9lia Reymond<\/a><\/p>\n<\/div>\n<\/div>\n\n\n\n<hr class=\"wp-block-separator has-alpha-channel-opacity is-style-wide\" \/>\n\n\n\n<div class=\"wp-block-columns is-layout-flex wp-container-core-columns-is-layout-9d6595d7 wp-block-columns-is-layout-flex\">\n<div class=\"wp-block-column is-layout-flow wp-block-column-is-layout-flow\">\n<p>11 mars 2025<\/p>\n<\/div>\n\n\n\n<div class=\"wp-block-column is-layout-flow wp-block-column-is-layout-flow\">\n<p class=\"has-text-align-right\">Par <a href=\"https:\/\/wp.unil.ch\/ateliercritique\/lequipe\/laurie-boissenin\/\">Laurie Boissenin<\/a><\/p>\n<\/div>\n<\/div>\n\n\n\n<figure class=\"wp-block-image size-full is-resized\"><img loading=\"lazy\" decoding=\"async\" width=\"494\" height=\"707\" src=\"https:\/\/wp.unil.ch\/ateliercritique\/files\/2025\/03\/laurie-1.jpg\" alt=\"laurie 1\" class=\"wp-image-23094\" style=\"width:735px;height:auto\" srcset=\"https:\/\/wp.unil.ch\/ateliercritique\/files\/2025\/03\/laurie-1.jpg 494w, https:\/\/wp.unil.ch\/ateliercritique\/files\/2025\/03\/laurie-1-140x200.jpg 140w, https:\/\/wp.unil.ch\/ateliercritique\/files\/2025\/03\/laurie-1-119x170.jpg 119w\" sizes=\"auto, (max-width: 494px) 100vw, 494px\" \/><\/figure>\n\n\n\n<figure class=\"wp-block-image size-full is-resized\"><img loading=\"lazy\" decoding=\"async\" width=\"476\" height=\"705\" src=\"https:\/\/wp.unil.ch\/ateliercritique\/files\/2025\/03\/laurie-2.jpg\" alt=\"laurie 2\" class=\"wp-image-23095\" style=\"width:735px;height:auto\" srcset=\"https:\/\/wp.unil.ch\/ateliercritique\/files\/2025\/03\/laurie-2.jpg 476w, https:\/\/wp.unil.ch\/ateliercritique\/files\/2025\/03\/laurie-2-135x200.jpg 135w, https:\/\/wp.unil.ch\/ateliercritique\/files\/2025\/03\/laurie-2-115x170.jpg 115w\" sizes=\"auto, (max-width: 476px) 100vw, 476px\" \/><\/figure>\n\n\n\n<figure class=\"wp-block-image size-full is-resized\"><img loading=\"lazy\" decoding=\"async\" width=\"482\" height=\"145\" src=\"https:\/\/wp.unil.ch\/ateliercritique\/files\/2025\/03\/laurie-3.jpg\" alt=\"laurie 3\" class=\"wp-image-23096\" style=\"width:735px;height:auto\" srcset=\"https:\/\/wp.unil.ch\/ateliercritique\/files\/2025\/03\/laurie-3.jpg 482w, https:\/\/wp.unil.ch\/ateliercritique\/files\/2025\/03\/laurie-3-300x90.jpg 300w, https:\/\/wp.unil.ch\/ateliercritique\/files\/2025\/03\/laurie-3-250x75.jpg 250w\" sizes=\"auto, (max-width: 482px) 100vw, 482px\" \/><\/figure>\n\n\n\n<div class=\"wp-block-columns is-layout-flex wp-container-core-columns-is-layout-9d6595d7 wp-block-columns-is-layout-flex\">\n<div class=\"wp-block-column is-layout-flow wp-block-column-is-layout-flow\">\n<p>11 mars 2025<\/p>\n<\/div>\n\n\n\n<div class=\"wp-block-column is-layout-flow wp-block-column-is-layout-flow\">\n<p class=\"has-text-align-right\">Par <a href=\"https:\/\/wp.unil.ch\/ateliercritique\/lequipe\/laurie-boissenin\/\">Laurie Boissenin<\/a><\/p>\n<\/div>\n<\/div>\n\n\n\n<hr class=\"wp-block-separator has-alpha-channel-opacity is-style-wide\" \/>\n\n\n\n<p><a href=\"https:\/\/vd.leprogramme.ch\/theatre\/la-visite-du-futur-imparfait-yvan-richardet-2\/lausanne\/la-grange-centre-arts-et-sciences-unil#:~:text=La%20visite%20du%20futur%20imparfait%2C%20un%20spectacle%20d%C3%A9ambulatoire,de%20l%E2%80%99an%202255%20pour%20revenir%20visiter%20l%E2%80%99an%202025.\">Voir la page du spectacle<\/a><\/p>\n\n\n\n<p><\/p>\n","protected":false},"excerpt":{"rendered":"<p>Conception et jeu par Yvan Richardet \/  La Grange \u2013 Centre \/ Arts et Science \/ UNIL \/ Du 11 mars au 15 mai 2025 \/ Textes cr\u00e9atifs par Orane Gigon, Maxime Grandjean, Killian Lachat, Lucie Ortet, Hadrien Halter, Loris Ferrari, Muireann Walsh et C\u00e9lia Reymond .<\/p>\n","protected":false},"author":1002847,"featured_media":22987,"comment_status":"closed","ping_status":"closed","sticky":false,"template":"","format":"standard","meta":{"_seopress_robots_primary_cat":"","_seopress_titles_title":"","_seopress_titles_desc":"","_seopress_robots_index":"","footnotes":""},"categories":[274,34,5,38],"tags":[316,305,318,320,303,304,317,314,315],"class_list":["post-22988","post","type-post","status-publish","format-standard","has-post-thumbnail","category-creation-libre","category-expired","category-la-grange","category-spectacle","tag-celia-reymond","tag-hadrien-halter","tag-killian-lachat","tag-laurie-boissenin","tag-loris-ferrari","tag-lucie-ortet","tag-maxime-grandjean","tag-muireann-walsh","tag-orane-gigon"],"_links":{"self":[{"href":"https:\/\/wp.unil.ch\/ateliercritique\/wp-json\/wp\/v2\/posts\/22988","targetHints":{"allow":["GET"]}}],"collection":[{"href":"https:\/\/wp.unil.ch\/ateliercritique\/wp-json\/wp\/v2\/posts"}],"about":[{"href":"https:\/\/wp.unil.ch\/ateliercritique\/wp-json\/wp\/v2\/types\/post"}],"author":[{"embeddable":true,"href":"https:\/\/wp.unil.ch\/ateliercritique\/wp-json\/wp\/v2\/users\/1002847"}],"replies":[{"embeddable":true,"href":"https:\/\/wp.unil.ch\/ateliercritique\/wp-json\/wp\/v2\/comments?post=22988"}],"version-history":[{"count":5,"href":"https:\/\/wp.unil.ch\/ateliercritique\/wp-json\/wp\/v2\/posts\/22988\/revisions"}],"predecessor-version":[{"id":23097,"href":"https:\/\/wp.unil.ch\/ateliercritique\/wp-json\/wp\/v2\/posts\/22988\/revisions\/23097"}],"wp:featuredmedia":[{"embeddable":true,"href":"https:\/\/wp.unil.ch\/ateliercritique\/wp-json\/wp\/v2\/media\/22987"}],"wp:attachment":[{"href":"https:\/\/wp.unil.ch\/ateliercritique\/wp-json\/wp\/v2\/media?parent=22988"}],"wp:term":[{"taxonomy":"category","embeddable":true,"href":"https:\/\/wp.unil.ch\/ateliercritique\/wp-json\/wp\/v2\/categories?post=22988"},{"taxonomy":"post_tag","embeddable":true,"href":"https:\/\/wp.unil.ch\/ateliercritique\/wp-json\/wp\/v2\/tags?post=22988"}],"curies":[{"name":"wp","href":"https:\/\/api.w.org\/{rel}","templated":true}]}}