{"id":17775,"date":"2024-04-20T21:16:19","date_gmt":"2024-04-20T19:16:19","guid":{"rendered":"https:\/\/wp.unil.ch\/ateliercritique\/?p=17775"},"modified":"2025-02-07T12:05:07","modified_gmt":"2025-02-07T11:05:07","slug":"pile-ou-face","status":"publish","type":"post","link":"https:\/\/wp.unil.ch\/ateliercritique\/2024\/04\/pile-ou-face\/","title":{"rendered":"Pile ou face"},"content":{"rendered":"<h2 class=\"wp-block-post-title\">Pile ou face<\/h2>\n\n<div class=\"wp-block-post-excerpt\"><p class=\"wp-block-post-excerpt__excerpt\">D&rsquo;apr\u00e8s Catherine Colomb \/ adaptation et mise en sc\u00e8ne par le collectif CLAR \/ Le Reflet (Vevey) \/ du 16 au 17 avril 2024 \/ La Com\u00e9die (Gen\u00e8ve) \/ du 19 au 28 avril \/ critique par Marguerite Thery. <\/p><\/div>\n\n\n<hr class=\"wp-block-separator has-alpha-channel-opacity is-style-wide\" \/>\n\n\n\n<h3 class=\"wp-block-heading\">Dans l\u2019intimit\u00e9 d\u2019une famille vaudoise des ann\u00e9es 1900<\/h3>\n\n\n\n<div class=\"wp-block-columns is-layout-flex wp-container-core-columns-is-layout-9d6595d7 wp-block-columns-is-layout-flex\">\n<div class=\"wp-block-column is-layout-flow wp-block-column-is-layout-flow\">\n<p>20 avril 2024<\/p>\n<\/div>\n\n\n\n<div class=\"wp-block-column is-layout-flow wp-block-column-is-layout-flow\">\n<p class=\"has-text-align-right\">Par <a href=\"https:\/\/wp.unil.ch\/ateliercritique\/marguerite-thery\/\" data-type=\"page\" data-id=\"17550\">Marguerite Thery<\/a><\/p>\n<\/div>\n<\/div>\n\n\n<div class=\"wp-block-image\">\n<figure class=\"alignleft size-full is-resized\"><img alt=\"\" loading=\"lazy\" decoding=\"async\" width=\"1799\" height=\"1200\" src=\"https:\/\/wp.unil.ch\/ateliercritique\/files\/2024\/04\/\u00a9-Mathilda-Olmi3.jpeg\" alt=\"\" class=\"wp-image-17843\" style=\"width:300px;height:undefinedpx\" srcset=\"https:\/\/wp.unil.ch\/ateliercritique\/files\/2024\/04\/\u00a9-Mathilda-Olmi3.jpeg 1799w, https:\/\/wp.unil.ch\/ateliercritique\/files\/2024\/04\/\u00a9-Mathilda-Olmi3-300x200.jpeg 300w, https:\/\/wp.unil.ch\/ateliercritique\/files\/2024\/04\/\u00a9-Mathilda-Olmi3-1024x683.jpeg 1024w, https:\/\/wp.unil.ch\/ateliercritique\/files\/2024\/04\/\u00a9-Mathilda-Olmi3-250x167.jpeg 250w, https:\/\/wp.unil.ch\/ateliercritique\/files\/2024\/04\/\u00a9-Mathilda-Olmi3-768x512.jpeg 768w, https:\/\/wp.unil.ch\/ateliercritique\/files\/2024\/04\/\u00a9-Mathilda-Olmi3-1536x1025.jpeg 1536w\" sizes=\"auto, (max-width: 1799px) 100vw, 1799px\" \/><figcaption class=\"wp-element-caption\">\u00a9 Mathilda Olmi <br><br><br><\/figcaption><\/figure>\n<\/div>\n\n\n<p><em>N\u00e9e en 1892 \u00e0 Saint-Prex,&nbsp;dans le canton de Vaud,&nbsp;Catherine Colomb a \u00e9crit six romans qui marquent par leur originalit\u00e9.&nbsp;Le collectif Clar adapte au th\u00e9\u00e2tre&nbsp;le premier d&rsquo;entre eux,&nbsp;Pile ou Face, paru en 1934, fresque de la vie de la famille L. <\/em><\/p>\n\n\n\n<p>Dans une petite ville vaudoise, cette famille vit discr\u00e8tement entre non-dits, r\u00e9signation et d\u00e9samour. Les deux \u00e9poux, qui s\u2019aimaient, ont fini par ne plus trop se parler pour mieux se supporter. Leur fille, qui vit avec eux, n\u2019est pas plus port\u00e9e vers le dialogue que ses parents\u00a0: elle vit seule sa d\u00e9ception amoureuse. Le texte narratif de\u00a0Catherine Colomb est en grande partie gard\u00e9\u00a0: chaque\u00a0personnage prend en charge tour \u00e0 tour le r\u00e9cit, et s\u2019adresse au public pour commenter en direct l\u2019action qui se joue sur sc\u00e8ne. Le dispositif noue ainsi une relation\u00a0de confidence\u00a0entre les personnages et les spectateurs. La\u00a0mise en sc\u00e8ne fait appel \u00e0 un\u00a0comique vaudevillesque :\u00a0le mari arrive du bureau en sortant d\u2019un placard, la robe de la femme se confond avec la tapisserie et la jeune fille au pair encha\u00eene les maladresses lors d\u2019un souper mondain. Le quotidien \u00e9triqu\u00e9 de cette famille prend des allures de farce o\u00f9 l\u2019on se moque joyeusement de la petite bourgeoise vaudoise. Une composition sonore vient rythmer et d\u00e9caler certaines sc\u00e8nes, orchestr\u00e9e par un des com\u00e9diens qui se poste \u00e0 intervalles r\u00e9guliers derri\u00e8re un micro pour cr\u00e9er des sons \u00e9tonnants \u00e0 partir des objets qui l\u2019entourent.\u00a0<\/p>\n\n\n\n<p>Sur le plateau, les quatre acteurs du collectif CLAR,\u00a0Romain Daroles,\u00a0Arnaud Huguenin,\u00a0Lo\u00efc Le Manac\u2019h\u00a0et\u00a0Chlo\u00eb Lombard\u00a0sont rejoints par Marie-Madeleine Pasquier, qui interpr\u00e8te \u00c9lisabeth, le personnage principal : une femme d\u2019\u00e2ge m\u00fbr enferm\u00e9e dans une vie ennuyeuse. Elle se sauve dans son imaginaire pour faire exister ses r\u00eaves d\u2019aventure et de libert\u00e9. Les spectateurs jubilent quand ils l\u2019entendent glousser avec son preux chevalier fictif Robert, ou lorsqu\u2019elle s\u2019attarde \u00e0 d\u00e9crire des sc\u00e9narios dans lesquels son mari meurt et qu\u2019elle peut enfin jouir d\u2019une vie libre. Elle est celle dont on conna\u00eet le mieux les aspirations, peu d\u2019\u00e9l\u00e9ments permettent de rentrer dans la pens\u00e9e des autres personnages. On comprend que le mari r\u00eave d\u2019\u00eatre \u00e9crivain et que la fille vit un chagrin d\u2019amour mais leurs interactions avec le public sont moins mises en avant. Une amertume sur ce qu\u2019auraient pu \u00eatre leurs vies les unit\u00a0; les spectateurs sont pris comme t\u00e9moins.<\/p>\n\n\n\n<p>Si la modernit\u00e9 de l\u2019\u0153uvre de Catherine Colomb nous frappe, c\u2019est qu\u2019on a l\u2019impression de ne pas avoir beaucoup r\u00e9pondu aux questions qu\u2019elle posait il y a 90 ans. Comment vivre sa vie ? Avec qui ? Dans quel but ? On sort avec l\u2019envie d\u2019utiliser la libert\u00e9 dont les personnages sont priv\u00e9s, de prendre une journ\u00e9e seule \u00e0 Gen\u00e8ve, et de s\u2019\u00e9chapper l\u00e0 o\u00f9 les courbettes entre gens du monde ne sont pas de rigueur.\u00a0<\/p>\n\n\n\n<div class=\"wp-block-columns is-layout-flex wp-container-core-columns-is-layout-9d6595d7 wp-block-columns-is-layout-flex\">\n<div class=\"wp-block-column is-layout-flow wp-block-column-is-layout-flow\">\n<p>20 avril 2024<\/p>\n<\/div>\n\n\n\n<div class=\"wp-block-column is-layout-flow wp-block-column-is-layout-flow\">\n<p class=\"has-text-align-right\">Par <a href=\"https:\/\/wp.unil.ch\/ateliercritique\/marguerite-thery\/\" data-type=\"page\" data-id=\"17550\">Marguerite Thery<\/a><\/p>\n<\/div>\n<\/div>\n\n\n\n<hr class=\"wp-block-separator has-alpha-channel-opacity is-style-wide\" \/>\n\n\n\n<p> <a href=\"https:\/\/www.lereflet.ch\/programme\/saison-actuelle\/detail\/pile-ou-face\">Voir la page du spectacle<\/a><\/p>\n","protected":false},"excerpt":{"rendered":"<p>D&rsquo;apr\u00e8s Catherine Colomb \/ adaptation et mise en sc\u00e8ne par le collectif CLAR \/ Le Reflet (Vevey) \/ du 16 au 17 avril 2024 \/ La Com\u00e9die (Gen\u00e8ve) \/ du 19 au 28 avril \/ critique par Marguerite Thery.<\/p>\n","protected":false},"author":1002694,"featured_media":17841,"comment_status":"closed","ping_status":"closed","sticky":false,"template":"","format":"standard","meta":{"_seopress_robots_primary_cat":"","_seopress_titles_title":"","_seopress_titles_desc":"","_seopress_robots_index":"","footnotes":""},"categories":[32,34,10,145,38,259],"tags":[286],"class_list":["post-17775","post","type-post","status-publish","format-standard","has-post-thumbnail","category-critique","category-expired","category-theatre-comedie","category-le-reflet","category-spectacle","category-spot-sion","tag-marguerite-thery"],"_links":{"self":[{"href":"https:\/\/wp.unil.ch\/ateliercritique\/wp-json\/wp\/v2\/posts\/17775","targetHints":{"allow":["GET"]}}],"collection":[{"href":"https:\/\/wp.unil.ch\/ateliercritique\/wp-json\/wp\/v2\/posts"}],"about":[{"href":"https:\/\/wp.unil.ch\/ateliercritique\/wp-json\/wp\/v2\/types\/post"}],"author":[{"embeddable":true,"href":"https:\/\/wp.unil.ch\/ateliercritique\/wp-json\/wp\/v2\/users\/1002694"}],"replies":[{"embeddable":true,"href":"https:\/\/wp.unil.ch\/ateliercritique\/wp-json\/wp\/v2\/comments?post=17775"}],"version-history":[{"count":5,"href":"https:\/\/wp.unil.ch\/ateliercritique\/wp-json\/wp\/v2\/posts\/17775\/revisions"}],"predecessor-version":[{"id":19142,"href":"https:\/\/wp.unil.ch\/ateliercritique\/wp-json\/wp\/v2\/posts\/17775\/revisions\/19142"}],"wp:featuredmedia":[{"embeddable":true,"href":"https:\/\/wp.unil.ch\/ateliercritique\/wp-json\/wp\/v2\/media\/17841"}],"wp:attachment":[{"href":"https:\/\/wp.unil.ch\/ateliercritique\/wp-json\/wp\/v2\/media?parent=17775"}],"wp:term":[{"taxonomy":"category","embeddable":true,"href":"https:\/\/wp.unil.ch\/ateliercritique\/wp-json\/wp\/v2\/categories?post=17775"},{"taxonomy":"post_tag","embeddable":true,"href":"https:\/\/wp.unil.ch\/ateliercritique\/wp-json\/wp\/v2\/tags?post=17775"}],"curies":[{"name":"wp","href":"https:\/\/api.w.org\/{rel}","templated":true}]}}