{"id":17649,"date":"2024-03-11T13:02:01","date_gmt":"2024-03-11T12:02:01","guid":{"rendered":"https:\/\/wp.unil.ch\/ateliercritique\/?p=17649"},"modified":"2025-02-07T12:07:08","modified_gmt":"2025-02-07T11:07:08","slug":"ars-nova","status":"publish","type":"post","link":"https:\/\/wp.unil.ch\/ateliercritique\/2024\/03\/ars-nova\/","title":{"rendered":"Ars Nova"},"content":{"rendered":"<h2 class=\"wp-block-post-title\">Ars Nova<\/h2>\n\n<div class=\"wp-block-post-excerpt\"><p class=\"wp-block-post-excerpt__excerpt\">Compagnie La Filiale Fant\u00f4me \/ Conception de Romain Daroles \/ Maison Saint-Gervais \/ du 5 au 10 mars 2024 \/ Critique par Emma Chapatte. <\/p><\/div>\n\n\n<hr class=\"wp-block-separator has-alpha-channel-opacity is-style-wide\" \/>\n\n\n\n<h3 class=\"wp-block-heading\"><strong><strong>Et vous, l\u2019op\u00e9ra, \u00e7a vous fait quoi?<\/strong><\/strong><\/h3>\n\n\n\n<div class=\"wp-block-columns is-layout-flex wp-container-core-columns-is-layout-9d6595d7 wp-block-columns-is-layout-flex\">\n<div class=\"wp-block-column is-layout-flow wp-block-column-is-layout-flow\">\n<p>11 mars 2024<\/p>\n<\/div>\n\n\n\n<div class=\"wp-block-column is-layout-flow wp-block-column-is-layout-flow\">\n<p class=\"has-text-align-right\">Par <a href=\"https:\/\/wp.unil.ch\/ateliercritique\/lequipe\/emma-chapatte\/\" data-type=\"page\" data-id=\"16624\">Emma Chapatte<\/a><\/p>\n<\/div>\n<\/div>\n\n\n<div class=\"wp-block-image\">\n<figure class=\"alignleft size-full is-resized\"><img alt=\"\" loading=\"lazy\" decoding=\"async\" width=\"1600\" height=\"1200\" src=\"https:\/\/wp.unil.ch\/ateliercritique\/files\/2024\/03\/Ars-Nova_1cFrancois-Xavier-Rouyer.png\" alt=\"\" class=\"wp-image-17653\" style=\"width:300px;height:undefinedpx\" srcset=\"https:\/\/wp.unil.ch\/ateliercritique\/files\/2024\/03\/Ars-Nova_1cFrancois-Xavier-Rouyer.png 1600w, https:\/\/wp.unil.ch\/ateliercritique\/files\/2024\/03\/Ars-Nova_1cFrancois-Xavier-Rouyer-267x200.png 267w, https:\/\/wp.unil.ch\/ateliercritique\/files\/2024\/03\/Ars-Nova_1cFrancois-Xavier-Rouyer-1024x768.png 1024w, https:\/\/wp.unil.ch\/ateliercritique\/files\/2024\/03\/Ars-Nova_1cFrancois-Xavier-Rouyer-227x170.png 227w, https:\/\/wp.unil.ch\/ateliercritique\/files\/2024\/03\/Ars-Nova_1cFrancois-Xavier-Rouyer-768x576.png 768w, https:\/\/wp.unil.ch\/ateliercritique\/files\/2024\/03\/Ars-Nova_1cFrancois-Xavier-Rouyer-1536x1152.png 1536w\" sizes=\"auto, (max-width: 1600px) 100vw, 1600px\" \/><figcaption class=\"wp-element-caption\">\u00a9 Fran\u00e7ois-Xavier Rouyer<\/figcaption><\/figure>\n<\/div>\n\n\n<p><em>En \u00e9cho \u00e0 son spectacle&nbsp;<\/em>Vita Nova<em>, mont\u00e9 en 2018,&nbsp;<\/em>La Filiale Fant\u00f4me<em>&nbsp;pr\u00e9sente aujourd\u2019hui&nbsp;<\/em>Ars Nova<em>&nbsp;\u00e0 la Maison Saint-Gervais.&nbsp;<\/em><em>Conceptualis\u00e9 par Romain Daroles, g\u00e9nial com\u00e9dien de&nbsp;<\/em>Ph\u00e8dre&nbsp;!<em>&nbsp;de Fran\u00e7ois Gremaud en 2022,&nbsp;<\/em>cette derni\u00e8re cr\u00e9ation&nbsp;<em>nous embarque dans un univers postapocalyptique \u00e0 la recherche des traces sonores de notre monde.<\/em><\/p>\n\n\n\n<p>Le d\u00e9cor est \u00e0 la crois\u00e9e d\u2019un film de science-fiction et d\u2019un dessin anim\u00e9&nbsp;:&nbsp;sur un plateau o\u00f9 cohabitent pompe \u00e0 vent v\u00e9tuste, crat\u00e8re et monticules de cailloux fa\u00e7on plan\u00e8te inhospitali\u00e8re, une tente en toile, illumin\u00e9e de l\u2019int\u00e9rieur, abrite quatre chercheurs.&nbsp;Munis d\u2019outils scientifiques apparemment tr\u00e8s pointus et v\u00eatus de combinaisons de laboratoire blanches, ils passent la sc\u00e8ne au peigne fin, manifestement \u00e0 la recherche d\u2019un son dont ils ont d\u00e9j\u00e0 r\u00e9ussi \u00e0 enregistrer un bref extrait&nbsp;qu\u2019ils se repassent en boucle : les quelques notes ponctuant le fameux air de Papageno dans&nbsp;<em>La Fl\u00fbte enchant\u00e9e<\/em>&nbsp;de Mozart,&nbsp;<em>Der Vogelfanger bin ich ja<\/em>.<\/p>\n\n\n\n<p>Sans jamais prononcer un mot, ces quatre personnages \u00e9voluent lentement sur sc\u00e8ne, sondent, creusent, testent, esp\u00e8rent avoir trouv\u00e9 et recommencent encore et encore. Jusqu\u2019au moment o\u00f9, finalement, ils d\u00e9couvrent un peu malgr\u00e9 eux ce qu\u2019ils ont tant cherch\u00e9&nbsp;: sous leurs yeux \u00e9bahis, ils assistent \u00e0 une sorte d\u2019explosion jaillissant du crat\u00e8re, dans lequel bouillonne du magma, mat\u00e9rialis\u00e9 par un liquide fumant&nbsp;: c\u2019est l\u2019op\u00e9ra, cet&nbsp;<em>Ars Nova<\/em>&nbsp;qu\u2019ils avaient tant cherch\u00e9.<\/p>\n\n\n\n<p>L\u2019id\u00e9e de concevoir l\u2019op\u00e9ra comme une mati\u00e8re tangible qu\u2019il est possible de d\u00e9terrer au sens propre \u2013 non pas les partitions mais bien les notes de musique elles-m\u00eames \u2013 est malicieuse. De la m\u00eame mani\u00e8re que nos soci\u00e9t\u00e9s modernes et contemporaines sont fascin\u00e9es par des \u00e9clats de mosa\u00efques romaines en ce qu\u2019ils sont les t\u00e9moins de cultures ant\u00e9rieures r\u00e9volues, ces chercheurs d\u2019un futur fantasm\u00e9 sont subjugu\u00e9s par les morceaux d\u2019art lyrique qu\u2019ils d\u00e9couvrent. Le public se retrouve alors dans la position ambigu\u00eb de devoir effectuer l\u2019arch\u00e9ologie de son propre pr\u00e9sent, pour reprendre l\u2019expression de Romain Daroles&nbsp;: les op\u00e9ras sont-ils ce \u00e0 quoi les g\u00e9n\u00e9rations \u00e0 venir associeront les cultures occidentales&nbsp;? Si oui, en est-ce un reflet fid\u00e8le ?&nbsp;Plus largement, la question pos\u00e9e ici avec humour est celle de&nbsp;notre rapport \u00e0 l\u2019art lyrique \u2013 et par extension peut-\u00eatre m\u00eame \u00e0 la musique en g\u00e9n\u00e9ral et aux liens que ces formes artistiques entretiennent avec nos soci\u00e9t\u00e9s.<\/p>\n\n\n\n<p>Jouant habilement avec une distorsion de la temporalit\u00e9&nbsp;\u2013&nbsp;chaque action prend du temps&nbsp;\u2013&nbsp;<em>Ars Nova<\/em>&nbsp;construit une parenth\u00e8se th\u00e9\u00e2trale d\u00e9cal\u00e9e et ludique, renforc\u00e9e par le jeu aux allures de mimes des com\u00e9diens qui accentuent leurs expressions faciales et leurs mouvements. Si de prime abord cette lenteur assum\u00e9e peut d\u00e9stabiliser le public voire freiner son adh\u00e9sion au propos, elle se r\u00e9v\u00e8le rapidement efficace et dr\u00f4le, en ce qu\u2019elle permet de laisser la place \u00e0 la musique et aux questionnements soulev\u00e9s par la r\u00e9action que celle-ci provoque.<\/p>\n\n\n\n<div class=\"wp-block-columns is-layout-flex wp-container-core-columns-is-layout-9d6595d7 wp-block-columns-is-layout-flex\">\n<div class=\"wp-block-column is-layout-flow wp-block-column-is-layout-flow\">\n<p>11 mars 2024<\/p>\n<\/div>\n\n\n\n<div class=\"wp-block-column is-layout-flow wp-block-column-is-layout-flow\">\n<p class=\"has-text-align-right\">Par <a href=\"https:\/\/wp.unil.ch\/ateliercritique\/lequipe\/emma-chapatte\/\" data-type=\"page\" data-id=\"16624\">Emma Chapatte<\/a><\/p>\n<\/div>\n<\/div>\n\n\n\n<hr class=\"wp-block-separator has-alpha-channel-opacity is-style-wide\" \/>\n\n\n\n<p><a href=\"https:\/\/saintgervais.ch\/spectacle\/ars-nova\/\">Voir la page du spectacle<\/a><\/p>\n","protected":false},"excerpt":{"rendered":"<p>Compagnie La Filiale Fant\u00f4me \/ Conception de Romain Daroles \/ Maison Saint-Gervais \/ du 5 au 10 mars 2024 \/ Critique par Emma Chapatte. <\/p>\n","protected":false},"author":1002694,"featured_media":17652,"comment_status":"closed","ping_status":"closed","sticky":false,"template":"","format":"standard","meta":{"_seopress_robots_primary_cat":"","_seopress_titles_title":"","_seopress_titles_desc":"","_seopress_robots_index":"","footnotes":""},"categories":[32,34,8,38],"tags":[270],"class_list":["post-17649","post","type-post","status-publish","format-standard","has-post-thumbnail","category-critique","category-expired","category-maison-saint-gervais","category-spectacle","tag-emma-chapatte"],"_links":{"self":[{"href":"https:\/\/wp.unil.ch\/ateliercritique\/wp-json\/wp\/v2\/posts\/17649","targetHints":{"allow":["GET"]}}],"collection":[{"href":"https:\/\/wp.unil.ch\/ateliercritique\/wp-json\/wp\/v2\/posts"}],"about":[{"href":"https:\/\/wp.unil.ch\/ateliercritique\/wp-json\/wp\/v2\/types\/post"}],"author":[{"embeddable":true,"href":"https:\/\/wp.unil.ch\/ateliercritique\/wp-json\/wp\/v2\/users\/1002694"}],"replies":[{"embeddable":true,"href":"https:\/\/wp.unil.ch\/ateliercritique\/wp-json\/wp\/v2\/comments?post=17649"}],"version-history":[{"count":3,"href":"https:\/\/wp.unil.ch\/ateliercritique\/wp-json\/wp\/v2\/posts\/17649\/revisions"}],"predecessor-version":[{"id":19205,"href":"https:\/\/wp.unil.ch\/ateliercritique\/wp-json\/wp\/v2\/posts\/17649\/revisions\/19205"}],"wp:featuredmedia":[{"embeddable":true,"href":"https:\/\/wp.unil.ch\/ateliercritique\/wp-json\/wp\/v2\/media\/17652"}],"wp:attachment":[{"href":"https:\/\/wp.unil.ch\/ateliercritique\/wp-json\/wp\/v2\/media?parent=17649"}],"wp:term":[{"taxonomy":"category","embeddable":true,"href":"https:\/\/wp.unil.ch\/ateliercritique\/wp-json\/wp\/v2\/categories?post=17649"},{"taxonomy":"post_tag","embeddable":true,"href":"https:\/\/wp.unil.ch\/ateliercritique\/wp-json\/wp\/v2\/tags?post=17649"}],"curies":[{"name":"wp","href":"https:\/\/api.w.org\/{rel}","templated":true}]}}