{"id":16752,"date":"2023-04-06T12:31:32","date_gmt":"2023-04-06T10:31:32","guid":{"rendered":"https:\/\/wp.unil.ch\/ateliercritique\/?p=16752"},"modified":"2025-02-07T12:21:54","modified_gmt":"2025-02-07T11:21:54","slug":"une-mort-dans-la-famille","status":"publish","type":"post","link":"https:\/\/wp.unil.ch\/ateliercritique\/2023\/04\/une-mort-dans-la-famille\/","title":{"rendered":"Une mort dans la famille"},"content":{"rendered":"<h2 class=\"wp-block-post-title\">Une mort dans la famille<\/h2>\n\n<div class=\"wp-block-post-excerpt\"><p class=\"wp-block-post-excerpt__excerpt\">\u00c9crit et mis en sc\u00e8ne par Alexander Zeldin \/ Com\u00e9die de Gen\u00e8ve \/ du 31 mars au 6 avril 2023 \/ critique par Sylvain Grangier . <\/p><\/div>\n\n\n<hr class=\"wp-block-separator has-alpha-channel-opacity is-style-wide\" \/>\n\n\n\n<h3 class=\"wp-block-heading\">Dans l\u2019intimit\u00e9 de la fin de vie<\/h3>\n\n\n\n<div class=\"wp-block-columns is-layout-flex wp-container-core-columns-is-layout-9d6595d7 wp-block-columns-is-layout-flex\">\n<div class=\"wp-block-column is-layout-flow wp-block-column-is-layout-flow\">\n<p>06 avril 2023<\/p>\n<\/div>\n\n\n\n<div class=\"wp-block-column is-layout-flow wp-block-column-is-layout-flow\">\n<p class=\"has-text-align-right\">Par <a href=\"https:\/\/wp.unil.ch\/ateliercritique\/lequipe\/sylvain-grangier\/\">Sylvain Grangier<\/a> <\/p>\n<\/div>\n<\/div>\n\n\n<div class=\"wp-block-image\">\n<figure class=\"alignleft size-large is-resized\"><img alt=\"\" loading=\"lazy\" decoding=\"async\" width=\"1024\" height=\"683\" src=\"https:\/\/wp.unil.ch\/ateliercritique\/files\/2023\/04\/149181-03_une_mort_dans_la_famille__simon_gosselin-1024x683.jpg\" alt=\"\" class=\"wp-image-16743\" style=\"width:300px\" srcset=\"https:\/\/wp.unil.ch\/ateliercritique\/files\/2023\/04\/149181-03_une_mort_dans_la_famille__simon_gosselin-1024x683.jpg 1024w, https:\/\/wp.unil.ch\/ateliercritique\/files\/2023\/04\/149181-03_une_mort_dans_la_famille__simon_gosselin-300x200.jpg 300w, https:\/\/wp.unil.ch\/ateliercritique\/files\/2023\/04\/149181-03_une_mort_dans_la_famille__simon_gosselin-250x167.jpg 250w, https:\/\/wp.unil.ch\/ateliercritique\/files\/2023\/04\/149181-03_une_mort_dans_la_famille__simon_gosselin-768x513.jpg 768w, https:\/\/wp.unil.ch\/ateliercritique\/files\/2023\/04\/149181-03_une_mort_dans_la_famille__simon_gosselin.jpg 1440w\" sizes=\"auto, (max-width: 1024px) 100vw, 1024px\" \/><figcaption class=\"wp-element-caption\">\u00a9 Simon Gosselin<\/figcaption><\/figure>\n<\/div>\n\n\n<p><em>Apr\u00e8s le succ\u00e8s l\u2019an dernier de <\/em>LOVE<em>, Alexander Zeldin revient \u00e0 la Com\u00e9die de Gen\u00e8ve avec <\/em>Une mort dans la famille<em>. Ce spectacle raconte avec une tendresse puissante et un r\u00e9alisme \u00e0 couper le souffle le d\u00e9clin d\u2019une femme \u00e2g\u00e9e, interpr\u00e9t\u00e9e brillamment par Marie Christine Barrault.<\/em><\/p>\n\n\n\n<p>On entre dans l\u2019intimit\u00e9 d\u2019une famille, celle d\u2019Alice, de ses deux enfants et de leur grand-m\u00e8re de 84 ans, Marguerite, au cr\u00e9puscule de sa vie : elle doit entrer en maison de retraite. L\u2019ombre de la mort revient hanter la maison, une ann\u00e9e apr\u00e8s le d\u00e9c\u00e8s du p\u00e8re. Entre le d\u00e9ni du fils, la fille qui cherche du r\u00e9confort dans la nourriture et les non-dits de la m\u00e8re, toutes les difficult\u00e9s taboues li\u00e9es \u00e0 la mort nous sont pr\u00e9sent\u00e9es avec une justesse \u00e0 toute \u00e9preuve.<\/p>\n\n\n\n<p>A l\u2019origine du spectacle, il y a l\u2019exp\u00e9rience v\u00e9cue par Alexandre Zeldin, racont\u00e9e dans la feuille de salle : \u00abJe suis revenu sur un moment particulier de ma de ma vie : quand j\u2019avais 15 ans, mon p\u00e8re est mort, et un an plus tard, ma grand-m\u00e8re, qui habitait avec nous, a \u00e9t\u00e9 mise en maison de retraite\u00bb. Un ancrage dans le r\u00e9el qui colore les \u00e9l\u00e9ments du spectacle. Le d\u00e9cor, en premier lieu, tant\u00f4t salon de la famille, tant\u00f4t r\u00e9fectoire, puis chambre d\u2019EMS (ou EHPAD en France). La minutie dans le choix des meubles et des accessoires est sans faille, et ce jusque dans les moindres d\u00e9tails : cela va du paquet de chips qui tra\u00eene sur la table du salon aux fauteuils du r\u00e9fectoire, en passant par le choix des verres et des th\u00e9i\u00e8res. Les changements de d\u00e9cor sont d\u2019ailleurs impressionnants : effectu\u00e9s dans un noir total, avec une musique angoissante, ils produisent un choc quand la lumi\u00e8re revient : on est face \u00e0 une pi\u00e8ce enti\u00e8rement diff\u00e9rente. On comprendra en toute fin de repr\u00e9sentation qu\u2019il s\u2019agit d\u2019un plateau tournant, mais bien des manipulations suppl\u00e9mentaires sont n\u00e9cessaires pour parfaire la mise en place, et cela force le respect.<\/p>\n\n\n\n<p>Ce qui force le respect aussi, c\u2019est tout l\u2019effet de r\u00e9el des sc\u00e8nes \u00e0 la maison de retraite. Pour avoir travaill\u00e9 six mois en EMS, je ne peux qu\u2019en saluer la fid\u00e9lit\u00e9. Au point qu\u2019on croirait retrouver d\u2019authentiques r\u00e9sident.e.s. Le ph\u00e9nom\u00e8ne est d\u2019autant plus impressionnant que, dans le spectacle, ces dernier.\u00e8re.s sont jou\u00e9.e.s par des com\u00e9dien.ne.s amateur.rice.s, renfor\u00e7ant encore l\u2019effet de r\u00e9el. Tous les moments de vie de ce genre d\u2019\u00e9tablissement sont aussi fid\u00e8lement retranscrits, les repas, les animations. Le meilleur exemple est une sc\u00e8ne de toilette effectu\u00e9e au lit, longue et muette, si vraie et touchante. Ce genre de micro-actions, nombreuses, quotidiennes, sont magnifi\u00e9es sur la sc\u00e8ne, acqui\u00e8rent une beaut\u00e9 presque solennelle.<\/p>\n\n\n\n<p>On est ainsi amen\u00e9 au plus pr\u00e8s des probl\u00e9matiques qu\u2019on rencontre en EMS : la m\u00e9dication, les relations parfois tendues avec les familles, la d\u00e9mence et, bien s\u00fbr, la mort. On y est litt\u00e9ralement amen\u00e9 au plus pr\u00e8s, certain.e.s spectateur.ice.s \u00e9tant install\u00e9.e.s sur le plateau m\u00eame. Si le quatri\u00e8me mur n\u2019est jamais v\u00e9ritablement rompu, les fronti\u00e8res des espaces entre la sc\u00e8ne et la salle sont perm\u00e9ables. Par exemple, lorsqu\u2019une r\u00e9sidente d\u00e9c\u00e8de, elle vient s\u2019asseoir dans l\u2019un des fauteuils destin\u00e9s au public, sur le plateau. Plus tard, une autre va s\u2019installer dans les gradins. Puis vient le tour de Marguerite de quitter le plateau pour trouver un si\u00e8ge parmi les spectateur.ice.s. A cet instant du spectacle, sa famille continue de lui parler, comme si elle \u00e9tait toujours dans son lit. Mais le lit est vide, on comprend alors que la vie l\u2019a quitt\u00e9e, et l\u2019\u00e9motion monte. La pr\u00e9sence de ces \u00abfant\u00f4mes\u00bb prend encore une dimension suppl\u00e9mentaire lorsqu\u2019\u00e0 la toute fin de la pi\u00e8ce, le p\u00e8re disparu monte sur le plateau, aupr\u00e8s de son fils qui rejoue du piano pour la premi\u00e8re fois depuis longtemps. Comme s\u2019il recommen\u00e7ait \u00e0 vivre.<\/p>\n\n\n\n<p>Et nous aussi, public, semblons alors recommencer \u00e0 vivre. Et c\u2019est l\u00e0 une force du spectacle qui, paradoxalement, appara\u00eet finalement comme un appel \u00e0 la vie. Avec tout ce que celle-ci comporte de fragile, de vuln\u00e9rable, de tendre, de dr\u00f4le aussi \u2013 car la pi\u00e8ce n\u2019est pas d\u00e9pourvue d\u2019humour. Une mort dans la famille, magnifique et bouleversante.<\/p>\n\n\n\n<div class=\"wp-block-columns is-layout-flex wp-container-core-columns-is-layout-9d6595d7 wp-block-columns-is-layout-flex\">\n<div class=\"wp-block-column is-layout-flow wp-block-column-is-layout-flow\">\n<p>06 avril 2023<\/p>\n<\/div>\n\n\n\n<div class=\"wp-block-column is-layout-flow wp-block-column-is-layout-flow\">\n<p class=\"has-text-align-right\">Par <a href=\"https:\/\/wp.unil.ch\/ateliercritique\/lequipe\/sylvain-grangier\/\">Sylvain Grangier<\/a> <\/p>\n<\/div>\n<\/div>\n\n\n\n<hr class=\"wp-block-separator has-alpha-channel-opacity is-style-wide\" \/>\n\n\n\n<p><a href=\"https:\/\/www.comedie.ch\/fr\/une-mort-dans-la-famille\">Voir la page du spectacle<\/a><\/p>\n","protected":false},"excerpt":{"rendered":"<p>\u00c9crit et mis en sc\u00e8ne par Alexander Zeldin \/ Com\u00e9die de Gen\u00e8ve \/ du 31 mars au 6 avril 2023 \/ critique par Sylvain Grangier .<\/p>\n","protected":false},"author":1002282,"featured_media":19753,"comment_status":"closed","ping_status":"closed","sticky":false,"template":"","format":"standard","meta":{"_seopress_robots_primary_cat":"","_seopress_titles_title":"","_seopress_titles_desc":"","_seopress_robots_index":"","footnotes":""},"categories":[32,34,10,38],"tags":[267],"class_list":["post-16752","post","type-post","status-publish","format-standard","has-post-thumbnail","category-critique","category-expired","category-theatre-comedie","category-spectacle","tag-sylvain-grangier"],"_links":{"self":[{"href":"https:\/\/wp.unil.ch\/ateliercritique\/wp-json\/wp\/v2\/posts\/16752","targetHints":{"allow":["GET"]}}],"collection":[{"href":"https:\/\/wp.unil.ch\/ateliercritique\/wp-json\/wp\/v2\/posts"}],"about":[{"href":"https:\/\/wp.unil.ch\/ateliercritique\/wp-json\/wp\/v2\/types\/post"}],"author":[{"embeddable":true,"href":"https:\/\/wp.unil.ch\/ateliercritique\/wp-json\/wp\/v2\/users\/1002282"}],"replies":[{"embeddable":true,"href":"https:\/\/wp.unil.ch\/ateliercritique\/wp-json\/wp\/v2\/comments?post=16752"}],"version-history":[{"count":2,"href":"https:\/\/wp.unil.ch\/ateliercritique\/wp-json\/wp\/v2\/posts\/16752\/revisions"}],"predecessor-version":[{"id":19436,"href":"https:\/\/wp.unil.ch\/ateliercritique\/wp-json\/wp\/v2\/posts\/16752\/revisions\/19436"}],"wp:featuredmedia":[{"embeddable":true,"href":"https:\/\/wp.unil.ch\/ateliercritique\/wp-json\/wp\/v2\/media\/19753"}],"wp:attachment":[{"href":"https:\/\/wp.unil.ch\/ateliercritique\/wp-json\/wp\/v2\/media?parent=16752"}],"wp:term":[{"taxonomy":"category","embeddable":true,"href":"https:\/\/wp.unil.ch\/ateliercritique\/wp-json\/wp\/v2\/categories?post=16752"},{"taxonomy":"post_tag","embeddable":true,"href":"https:\/\/wp.unil.ch\/ateliercritique\/wp-json\/wp\/v2\/tags?post=16752"}],"curies":[{"name":"wp","href":"https:\/\/api.w.org\/{rel}","templated":true}]}}