{"id":15801,"date":"2021-11-29T23:17:23","date_gmt":"2021-11-29T22:17:23","guid":{"rendered":"https:\/\/wp.unil.ch\/ateliercritique\/?p=15801"},"modified":"2025-02-09T16:33:40","modified_gmt":"2025-02-09T15:33:40","slug":"miss-none","status":"publish","type":"post","link":"https:\/\/wp.unil.ch\/ateliercritique\/2021\/11\/miss-none\/","title":{"rendered":"Miss None"},"content":{"rendered":"<h2 class=\"wp-block-post-title\">Miss None<\/h2>\n\n<div class=\"wp-block-post-excerpt\"><p class=\"wp-block-post-excerpt__excerpt\">Miss None \/ Texte de Guillaume Poix \/ Mise en sc\u00e8ne par Manon Kr\u00fcttli &amp; C\u00e9line Nidegger \/ Th\u00e9\u00e2tre du Gr\u00fctli \/ du 2 au 14 novembre 2021 \/ Critique par Ma\u00eblle Aeby . <\/p><\/div>\n\n\n<hr class=\"wp-block-separator has-alpha-channel-opacity is-style-wide\" \/>\n\n\n\n<div class=\"wp-block-columns is-layout-flex wp-container-core-columns-is-layout-9d6595d7 wp-block-columns-is-layout-flex\">\n<div class=\"wp-block-column is-layout-flow wp-block-column-is-layout-flow\">\n<p>2 novembre 2021<\/p>\n<\/div>\n\n\n\n<div class=\"wp-block-column is-layout-flow wp-block-column-is-layout-flow\">\n<p class=\"has-text-align-right\">Par <a href=\"https:\/\/wp.unil.ch\/ateliercritique\/tag\/maelle-aeby\/\" data-type=\"post_tag\" data-id=\"245\">Ma\u00eblle Aeby<\/a><\/p>\n<\/div>\n<\/div>\n\n\n\n<h3 class=\"wp-block-heading\">Mais si, vous la connaissez!<\/h3>\n\n\n<div class=\"wp-block-image\">\n<figure class=\"alignleft size-large is-resized\"><img alt=\"\" loading=\"lazy\" decoding=\"async\" width=\"1024\" height=\"682\" src=\"https:\/\/wp.unil.ch\/ateliercritique\/files\/2021\/11\/miss-none-19-1280x853-1-1024x682.jpg\" alt=\"\" class=\"wp-image-15798\" style=\"width:300px\" srcset=\"https:\/\/wp.unil.ch\/ateliercritique\/files\/2021\/11\/miss-none-19-1280x853-1-1024x682.jpg 1024w, https:\/\/wp.unil.ch\/ateliercritique\/files\/2021\/11\/miss-none-19-1280x853-1-300x200.jpg 300w, https:\/\/wp.unil.ch\/ateliercritique\/files\/2021\/11\/miss-none-19-1280x853-1-250x167.jpg 250w, https:\/\/wp.unil.ch\/ateliercritique\/files\/2021\/11\/miss-none-19-1280x853-1-768x512.jpg 768w, https:\/\/wp.unil.ch\/ateliercritique\/files\/2021\/11\/miss-none-19-1280x853-1.jpg 1280w\" sizes=\"auto, (max-width: 1024px) 100vw, 1024px\" \/><figcaption class=\"wp-element-caption\">\u00a9 Doroth\u00e9e Th\u00e9bert<\/figcaption><\/figure>\n<\/div>\n\n\n<p><em>V\u00e9ritable invitation du cin\u00e9ma sur les planches, la cr\u00e9ation de Manon Kr\u00fcttli et C\u00e9line Nidegger invite le public \u00e0 d\u00e9couvrir un c\u00e9l\u00e8bre et myst\u00e9rieux figurant&nbsp;: Ariel A. Winthrop. Crois\u00e9e avec la narration d\u2019une com\u00e9dienne de second plan et d\u2019un fait divers tragique, c\u2019est autour du th\u00e8me de la disparition que cette enqu\u00eate met en lumi\u00e8re ceux qu\u2019on ne voit pas. Morcel\u00e9e mais bien ficel\u00e9e,&nbsp;<\/em>Miss None<em>&nbsp;est une ode \u00e0 ceux qui disparaissent, ceux que l\u2019on fait disparaitre, et ceux qui n\u2019apparaissent jamais.<\/em><\/p>\n\n\n\n<p>C\u2019est un projet en deux temps qui est \u00e0 l\u2019origine de cette pi\u00e8ce, dont le premier volet s\u2019est mat\u00e9rialis\u00e9 par&nbsp;<em>G\u00e9n\u00e9alogie L\u00e9ger<\/em>&nbsp;en septembre 2020. Ce dernier s\u2019inspire d\u2019un livre de Nathalie L\u00e9ger&nbsp;<em>Suppl\u00e9ment \u00e0 la vie de Barbara Loden<\/em>, dans lequel l\u2019autrice raconte les difficult\u00e9s qu\u2019elle rencontre lorsque, mandat\u00e9e afin d\u2019\u00e9crire une notice bibliographique sur Loden et son film Wanda, elle se plonge dans des recherches sur la vie de l\u2019actrice-r\u00e9alisatrice. Les deux enqu\u00eates,&nbsp;<em>G\u00e9n\u00e9alogie L\u00e9ger<\/em>&nbsp;et&nbsp;<em>Miss None<\/em>, interrogent le cin\u00e9ma, les artistes et leurs \u0153uvres, leurs personnages, ainsi que la subjectivit\u00e9 de l\u2019individu qui s\u2019y int\u00e9resse de plus pr\u00e8s.<\/p>\n\n\n\n<p>La pi\u00e8ce s\u2019ouvre sur la projection vid\u00e9o d\u2019une interview de l\u2019actrice Nicole Garcia d\u00e9taillant le premier plan du film autobiographique d\u2019Ariel Winthrop : \u00ab&nbsp;A Man Off-Season&nbsp;\u00bb. Et c\u2019est exactement ce m\u00eame entretien qui cl\u00f4turera le spectacle quelques 100 minutes plus tard et pourtant, on l\u2019entendra alors d\u2019une toute autre mani\u00e8re. Les enqu\u00eatrices r\u00e9v\u00e9latrices, ce sont quatre com\u00e9diennes \u2014 C\u00e9line Nidegger, Aline Papin, Nora Steinig et Lucie Zelger \u2014 qui nous d\u00e9voilent ce fameux figurant f\u00e9cond, toutes par\u00e9es \u00e0 l\u2019identique, des talons scintillants \u00e0 la perruque blonde. Elles \u00e9voluent devant et parmi des toiles g\u00e9antes qui tombent une \u00e0 une, r\u00e9v\u00e9lant par tranches les diff\u00e9rents d\u00e9cors dans une trajectoire partant de l\u2019avant-sc\u00e8ne et terminant \u00e0 l\u2019arri\u00e8re. C\u2019est donc \u00e0 l\u2019instar du d\u00e9cor que progresse cette \u00e9tude du professionnel du geste anodin qui a tout de m\u00eame ponctu\u00e9 117 chefs d\u2019\u0153uvres du cin\u00e9ma. De Martin Scorsese \u00e0 Woody Allen en passant par Spielberg et Hitchcock, tous les plus grand se l\u2019arrachent. Et enfin, apr\u00e8s la r\u00e9alisation&nbsp;de son film qui ne sortira finalement jamais, Winthrop disparait.<\/p>\n\n\n\n<p>Et l\u2019on s\u2019y prend facilement, \u00e0 cette qu\u00eate de l\u2019Homme Furtif&nbsp;! On veut en savoir plus, comprendre, l\u2019apercevoir. Comme le dit explicitement la pi\u00e8ce, lui dont la fonction est de se fondre dans le d\u00e9cor devient ici acteur principal. On le d\u00e9couvre par morceaux, on ne voit jamais son visage. Mais selon quelle autorit\u00e9 devient-on un ma\u00eetre de l\u2019action banale&nbsp;? Comment et pourquoi se contenter d\u2019apparitions furtives&nbsp;tout au long de sa carri\u00e8re ? Pourquoi d\u00e9cider de finalement l\u2019arr\u00eater&nbsp;? La pi\u00e8ce d\u00e9roule des \u00e9l\u00e9ments de la vie de Winthrop et questionne dans un m\u00eame \u00e9lan ce que c\u2019est d\u2019\u00ab&nbsp;\u00eatre&nbsp;\u00bb dans la soci\u00e9t\u00e9, d\u2019\u00ab&nbsp;\u00eatre&nbsp;\u00bb dans sa profession, de faire \u00ab&nbsp;\u00eatre&nbsp;\u00bb en racontant par l\u2019art, et c\u2019est dignement que l\u2019on rencontre ceux qui ne sont jamais vraiment.<\/p>\n\n\n\n<p>Un ciel nuageux, un morceau de chambre, une plage, des pendrillons couvrant puis d\u00e9voilant \u00e0 nouveau les com\u00e9diennes,&nbsp;chaque plan envelopp\u00e9 dans un jeu de lumi\u00e8res brillant&nbsp;: la sc\u00e9nographie, toute en l\u00e9g\u00e8ret\u00e9, soutien l\u2019enqu\u00eate et la rythme admirablement. Ce qui p\u00e8se lourd, en revanche, c\u2019est un texte caract\u00e9ris\u00e9 par l\u2019insistance sur la description exhaustive des \u00e9v\u00e8nements&nbsp;; on va au bout, on mentionne tout et on r\u00e9p\u00e8te, beaucoup. Mais dans cette d\u00e9marche de convocation du 7<sup>\u00e8me<\/sup>&nbsp;art chez le 6<sup>\u00e8me<\/sup>, on pardonne l\u2019abus permettant une traduction fid\u00e8le d\u2019un m\u00e9dium \u00e0 l\u2019autre, et on r\u00e8gle la focale sur l\u2019arri\u00e8re-plan.<\/p>\n\n\n\n<div class=\"wp-block-columns is-layout-flex wp-container-core-columns-is-layout-9d6595d7 wp-block-columns-is-layout-flex\">\n<div class=\"wp-block-column is-layout-flow wp-block-column-is-layout-flow\">\n<p>2 novembre 2021<\/p>\n<\/div>\n\n\n\n<div class=\"wp-block-column is-layout-flow wp-block-column-is-layout-flow\">\n<p class=\"has-text-align-right\">Par <a href=\"https:\/\/wp.unil.ch\/ateliercritique\/tag\/maelle-aeby\/\" data-type=\"post_tag\" data-id=\"245\">Ma\u00eblle Aeby<\/a><\/p>\n<\/div>\n<\/div>\n\n\n\n<hr class=\"wp-block-separator has-alpha-channel-opacity is-style-wide\" \/>\n\n\n\n<p><a href=\"https:\/\/grutli.ch\/spectacle\/miss-none\/\" data-type=\"link\" data-id=\"https:\/\/grutli.ch\/spectacle\/miss-none\/\" target=\"_blank\" rel=\"noreferrer noopener\">Voir la page du spectacle<\/a><\/p>\n","protected":false},"excerpt":{"rendered":"<p>Miss None \/ Texte de Guillaume Poix \/ Mise en sc\u00e8ne par Manon Kr\u00fcttli &amp; C\u00e9line Nidegger \/ Th\u00e9\u00e2tre du Gr\u00fctli \/ du 2 au 14 novembre 2021 \/ Critique par Ma\u00eblle Aeby .<\/p>\n","protected":false},"author":1002282,"featured_media":15803,"comment_status":"closed","ping_status":"closed","sticky":false,"template":"","format":"standard","meta":{"_seopress_robots_primary_cat":"","_seopress_titles_title":"","_seopress_titles_desc":"","_seopress_robots_index":"","footnotes":""},"categories":[32,34,38,125],"tags":[307],"class_list":["post-15801","post","type-post","status-publish","format-standard","has-post-thumbnail","category-critique","category-expired","category-spectacle","category-teatre-du-grutli","tag-maelle-aeby-2"],"_links":{"self":[{"href":"https:\/\/wp.unil.ch\/ateliercritique\/wp-json\/wp\/v2\/posts\/15801","targetHints":{"allow":["GET"]}}],"collection":[{"href":"https:\/\/wp.unil.ch\/ateliercritique\/wp-json\/wp\/v2\/posts"}],"about":[{"href":"https:\/\/wp.unil.ch\/ateliercritique\/wp-json\/wp\/v2\/types\/post"}],"author":[{"embeddable":true,"href":"https:\/\/wp.unil.ch\/ateliercritique\/wp-json\/wp\/v2\/users\/1002282"}],"replies":[{"embeddable":true,"href":"https:\/\/wp.unil.ch\/ateliercritique\/wp-json\/wp\/v2\/comments?post=15801"}],"version-history":[{"count":3,"href":"https:\/\/wp.unil.ch\/ateliercritique\/wp-json\/wp\/v2\/posts\/15801\/revisions"}],"predecessor-version":[{"id":20410,"href":"https:\/\/wp.unil.ch\/ateliercritique\/wp-json\/wp\/v2\/posts\/15801\/revisions\/20410"}],"wp:featuredmedia":[{"embeddable":true,"href":"https:\/\/wp.unil.ch\/ateliercritique\/wp-json\/wp\/v2\/media\/15803"}],"wp:attachment":[{"href":"https:\/\/wp.unil.ch\/ateliercritique\/wp-json\/wp\/v2\/media?parent=15801"}],"wp:term":[{"taxonomy":"category","embeddable":true,"href":"https:\/\/wp.unil.ch\/ateliercritique\/wp-json\/wp\/v2\/categories?post=15801"},{"taxonomy":"post_tag","embeddable":true,"href":"https:\/\/wp.unil.ch\/ateliercritique\/wp-json\/wp\/v2\/tags?post=15801"}],"curies":[{"name":"wp","href":"https:\/\/api.w.org\/{rel}","templated":true}]}}