{"id":10583,"date":"2016-11-17T00:23:53","date_gmt":"2016-11-16T23:23:53","guid":{"rendered":"http:\/\/wp.unil.ch\/ateliercritique\/?p=10583"},"modified":"2025-02-09T18:12:42","modified_gmt":"2025-02-09T17:12:42","slug":"unite-model","status":"publish","type":"post","link":"https:\/\/wp.unil.ch\/ateliercritique\/2016\/11\/unite-model\/","title":{"rendered":"Unit\u00e9 mod\u00e8le"},"content":{"rendered":"\n<h2 class=\"wp-block-heading\">Unit\u00e9 mod\u00e8le<\/h2>\n\n\n<p>De Guillaume Corbeil \/ Mise en sc\u00e8ne de Manon Kr\u00fcttli \/ du 14 novembre 2016 au 29 janvier 2017 \/ POCHE Gen\u00e8ve \/ Critique par Thomas Cordova.<\/p>\n\n\n<hr class=\"wp-block-separator has-alpha-channel-opacity is-style-wide\" \/>\n\n\n\n<h3 class=\"wp-block-heading\">Entre soupe betterave-tofu-ananas et sorbet glac\u00e9 aux baies de Gobi<\/h3>\n\n\n\n<div class=\"wp-block-columns is-layout-flex wp-container-core-columns-is-layout-9d6595d7 wp-block-columns-is-layout-flex\">\n<div class=\"wp-block-column is-layout-flow wp-block-column-is-layout-flow\">\n<p>17 novembre 2016<\/p>\n<\/div>\n\n\n\n<div class=\"wp-block-column is-layout-flow wp-block-column-is-layout-flow\">\n<p class=\"has-text-align-right\">Par&nbsp;<a href=\"https:\/\/wp.unil.ch\/ateliercritique\/lequipe\/thomas-pereira-cordova\/\">Thomas Cordova<\/a><\/p>\n<\/div>\n<\/div>\n\n\n<div class=\"wp-block-image\">\n<figure class=\"alignleft size-full is-resized\"><img alt=\"\" loading=\"lazy\" decoding=\"async\" width=\"1200\" height=\"800\" src=\"https:\/\/wp.unil.ch\/ateliercritique\/files\/2016\/11\/20161111-POCHE-UM-56-HR\u252c\u00aeSamuel-Rubio.jpg\" alt=\"\" class=\"wp-image-10585\" style=\"width:300px\" srcset=\"https:\/\/wp.unil.ch\/ateliercritique\/files\/2016\/11\/20161111-POCHE-UM-56-HR\u252c\u00aeSamuel-Rubio.jpg 1200w, https:\/\/wp.unil.ch\/ateliercritique\/files\/2016\/11\/20161111-POCHE-UM-56-HR\u252c\u00aeSamuel-Rubio-250x167.jpg 250w, https:\/\/wp.unil.ch\/ateliercritique\/files\/2016\/11\/20161111-POCHE-UM-56-HR\u252c\u00aeSamuel-Rubio-300x200.jpg 300w, https:\/\/wp.unil.ch\/ateliercritique\/files\/2016\/11\/20161111-POCHE-UM-56-HR\u252c\u00aeSamuel-Rubio-768x512.jpg 768w, https:\/\/wp.unil.ch\/ateliercritique\/files\/2016\/11\/20161111-POCHE-UM-56-HR\u252c\u00aeSamuel-Rubio-1024x683.jpg 1024w, https:\/\/wp.unil.ch\/ateliercritique\/files\/2016\/11\/20161111-POCHE-UM-56-HR\u252c\u00aeSamuel-Rubio-624x416.jpg 624w\" sizes=\"auto, (max-width: 1200px) 100vw, 1200px\" \/><figcaption class=\"wp-element-caption\">\u00aeSamuel Rubio<\/figcaption><\/figure>\n<\/div>\n\n\n<p><em>U<\/em><em>nit\u00e9 mod\u00e8le, c\u2019est de la haute couture lab\u00e9lis\u00e9e Roche-Bobois, du vent en poupe Pop, de la technicolore luminoth\u00e9rapique, du rap fran\u00e7ais biod\u00e9gradable et \u00e9quitable\u2026 Un conseil&nbsp;: accrochez-vous la coiffure.<\/em><\/p>\n\n\n\n<p>Sur sc\u00e8ne, ils sont deux, hauts en couleur, d\u00e9bordant d\u2019une \u00e9nergie \u00e9quivalente \u00e0 toutes ces devantures lumineuses qui seraient \u00e0 m\u00eame de nous faire bronzer en novembre (rien de mieux qu\u2019un teint l\u00e9g\u00e8rement h\u00e2l\u00e9 pour f\u00eater la naissance d\u2019un homme-Dieu). Des devantures qui nous promettent, pour ce No\u00ebl, non pas de quelconques breloques inutilisables (\u00e0 ces heures o\u00f9 le consum\u00e9risme n\u2019est plus du tout \u00e0 la mode, voyons-donc&nbsp;!) mais bien tout simplement&nbsp;: le bonheur. Et \u00e7a tombe bien car nos deux artistes, eux aussi, nous proposent une offre \u00e0 ne pas manquer&nbsp;: l\u2019achat d\u2019une unit\u00e9 mod\u00e8le. Et ils nous le garantissent, ce n\u2019est pas n\u2019importe quoi&nbsp;! Moi, je les crois&nbsp;: qui n\u2019a jamais voulu r\u00eaver sa vie&nbsp;?<\/p>\n\n\n\n<p>Mais qu\u2019est-ce qu\u2019une unit\u00e9 mod\u00e8le alors&nbsp;? eh bien, c\u2019est votre vie. Enfin, non. Pas exactement\u2026 C\u2019est votre vie mais encastr\u00e9e dans du bois de grange. Oui, c\u2019est cela ! C\u2019est un appartement. Et Guillaume Corbeil a d\u00e9cid\u00e9 de travailler l\u00e0-dessus&nbsp;: sur les nouvelles constructions et la fa\u00e7on dont les agences immobili\u00e8res nous les vendent. Un projet qui refl\u00e8te tr\u00e8s bien la volont\u00e9 de l\u2019entreprise&nbsp;<em>Sloop3&nbsp;<\/em>du th\u00e9\u00e2tre POCHE<em>&nbsp;<\/em>: mordre la bien-pensance. Tout est sobrement mis en sc\u00e8ne de fa\u00e7on efficace&nbsp;: blanc, \u00e9pur\u00e9, nul besoin de moult artifices, les clich\u00e9s sont d\u00e9j\u00e0 par trop implant\u00e9s dans nos esprits. Les costumes, l\u2019ambiance musicale et l\u2019\u00e9nergie des acteurs portent un texte qui fait mouche. Une caricature tr\u00e8s actuelle, simplement d\u00e9licieuse, un monument au pr\u00e9sent.<\/p>\n\n\n\n<p>Ce sont donc deux repr\u00e9sentants que nous rencontrons. Deux repr\u00e9sentants qui vont, sur le fil d\u2019un texte ambitieux, fracasser tous les clich\u00e9s avec lesquels la publicit\u00e9 nous \u00e9touffe tous les jours. Oui,&nbsp;<em>Unit\u00e9 mod\u00e8le,&nbsp;<\/em>c\u2019est toutes ces vitrines qui se brisent et c\u2019en est jouissif. Le verre grince, crisse, \u00e9clate et la salle rit. On respire, on attrape une bouff\u00e9e d\u2019air, c\u2019est pour la rel\u00e2cher aussit\u00f4t. Le rire est contagieux, l\u2019oxyg\u00e8ne salutaire. Et cette pi\u00e8ce nous en donne \u00e0 revendre.<\/p>\n\n\n\n<p>Voir&nbsp;<em>Unit\u00e9 mod\u00e8le<\/em>, c\u2019est se voir soi, se voir \u00ab&nbsp;nous&nbsp;\u00bb\u2026 Oui, un petit peu, jamais trop, non. C\u2019est surtout comme \u00ab&nbsp;ils&nbsp;\u00bb, les publicitaires, veulent nous voir. Voil\u00e0. En tous cas, c\u2019est d\u00e9coiffant.<\/p>\n\n\n\n<div class=\"wp-block-columns is-layout-flex wp-container-core-columns-is-layout-9d6595d7 wp-block-columns-is-layout-flex\">\n<div class=\"wp-block-column is-layout-flow wp-block-column-is-layout-flow\">\n<p>17 novembre 2016<\/p>\n<\/div>\n\n\n\n<div class=\"wp-block-column is-layout-flow wp-block-column-is-layout-flow\">\n<p class=\"has-text-align-right\">Par&nbsp;<a href=\"https:\/\/wp.unil.ch\/ateliercritique\/lequipe\/thomas-pereira-cordova\/\">Thomas Cordova<\/a><\/p>\n<\/div>\n<\/div>\n\n\n\n<hr class=\"wp-block-separator has-alpha-channel-opacity is-style-wide\" \/>\n\n\n\n<p><a href=\"https:\/\/poche---gve.ch\/spectacle\/unite-modele\/\" target=\"_blank\" rel=\"noreferrer noopener\">Voir la page du spectacle<\/a><\/p>\n\n\n\n<p><\/p>\n","protected":false},"excerpt":{"rendered":"<p>De Guillaume Corbeil \/ Mise en sc\u00e8ne de Manon Kr\u00fcttli \/ du 14 novembre 2016 au 29 janvier 2017 \/ POCHE Gen\u00e8ve \/ Critique par Thomas Cordova.<\/p>\n","protected":false},"author":784,"featured_media":10587,"comment_status":"closed","ping_status":"closed","sticky":false,"template":"","format":"standard","meta":{"_seopress_robots_primary_cat":"","_seopress_titles_title":"","_seopress_titles_desc":"","_seopress_robots_index":"","footnotes":""},"categories":[32,34,171,38],"tags":[183],"class_list":["post-10583","post","type-post","status-publish","format-standard","has-post-thumbnail","category-critique","category-expired","category-le-poche","category-spectacle","tag-thomas-cordova"],"_links":{"self":[{"href":"https:\/\/wp.unil.ch\/ateliercritique\/wp-json\/wp\/v2\/posts\/10583","targetHints":{"allow":["GET"]}}],"collection":[{"href":"https:\/\/wp.unil.ch\/ateliercritique\/wp-json\/wp\/v2\/posts"}],"about":[{"href":"https:\/\/wp.unil.ch\/ateliercritique\/wp-json\/wp\/v2\/types\/post"}],"author":[{"embeddable":true,"href":"https:\/\/wp.unil.ch\/ateliercritique\/wp-json\/wp\/v2\/users\/784"}],"replies":[{"embeddable":true,"href":"https:\/\/wp.unil.ch\/ateliercritique\/wp-json\/wp\/v2\/comments?post=10583"}],"version-history":[{"count":1,"href":"https:\/\/wp.unil.ch\/ateliercritique\/wp-json\/wp\/v2\/posts\/10583\/revisions"}],"predecessor-version":[{"id":20993,"href":"https:\/\/wp.unil.ch\/ateliercritique\/wp-json\/wp\/v2\/posts\/10583\/revisions\/20993"}],"wp:featuredmedia":[{"embeddable":true,"href":"https:\/\/wp.unil.ch\/ateliercritique\/wp-json\/wp\/v2\/media\/10587"}],"wp:attachment":[{"href":"https:\/\/wp.unil.ch\/ateliercritique\/wp-json\/wp\/v2\/media?parent=10583"}],"wp:term":[{"taxonomy":"category","embeddable":true,"href":"https:\/\/wp.unil.ch\/ateliercritique\/wp-json\/wp\/v2\/categories?post=10583"},{"taxonomy":"post_tag","embeddable":true,"href":"https:\/\/wp.unil.ch\/ateliercritique\/wp-json\/wp\/v2\/tags?post=10583"}],"curies":[{"name":"wp","href":"https:\/\/api.w.org\/{rel}","templated":true}]}}