{"id":1230,"date":"2026-04-21T18:18:11","date_gmt":"2026-04-21T16:18:11","guid":{"rendered":"https:\/\/wp.unil.ch\/ateliercomparatiste\/?p=1230"},"modified":"2026-04-21T18:23:40","modified_gmt":"2026-04-21T16:23:40","slug":"dany-varela-ferreira-lemos","status":"publish","type":"post","link":"https:\/\/wp.unil.ch\/ateliercomparatiste\/dany-varela-ferreira-lemos\/","title":{"rendered":"Dany Varela Ferreira Lemos"},"content":{"rendered":"<p>Dany Varela Ferreira Lemos est \u00e9tudiant \u00e0 l\u2019Universit\u00e9 de Lausanne en Facult\u00e9 des Lettres, en section de fran\u00e7ais moderne et d\u2019histoire de l\u2019art. Il s\u2019int\u00e9resse aux questions du care dans la litt\u00e9rature francophone, en lien avec le f\u00e9minisme et les figures minoritaires.<\/p>\n\n<ul class=\"wp-block-latest-posts__list has-dates has-author wp-block-latest-posts has-small-font-size\"><li><div class=\"wp-block-latest-posts__featured-image alignleft\"><img loading=\"lazy\" decoding=\"async\" width=\"350\" height=\"564\" src=\"https:\/\/wp.unil.ch\/ateliercomparatiste\/files\/2026\/04\/img_8037-e1756122295113-350x564-1.jpg\" class=\"attachment-large size-large wp-post-image\" alt=\"Louis Achille, J\u2019aurais voulu \u00eatre douze serpents, Gen\u00e8ve, Cousu mouche, 2025.\" style=\"max-width:256px;max-height:256px;\" srcset=\"https:\/\/wp.unil.ch\/ateliercomparatiste\/files\/2026\/04\/img_8037-e1756122295113-350x564-1.jpg 350w, https:\/\/wp.unil.ch\/ateliercomparatiste\/files\/2026\/04\/img_8037-e1756122295113-350x564-1-186x300.jpg 186w\" sizes=\"auto, (max-width: 350px) 100vw, 350px\" \/><\/div><a class=\"wp-block-latest-posts__post-title\" href=\"https:\/\/wp.unil.ch\/ateliercomparatiste\/louis-achille-de-douze-serpents-a-doux-serpent\/\">Louis Achille, de douze serpents \u00e0 doux serpent ?<\/a><div class=\"wp-block-latest-posts__post-author\">par Dany Varela Ferreira Lemos<\/div><time datetime=\"2026-04-21T18:21:34+02:00\" class=\"wp-block-latest-posts__post-date\">21 avril 2026<\/time><div class=\"wp-block-latest-posts__post-excerpt\">Avec <em>J\u2019aurais voulu \u00eatre douze serpents<\/em>, Louis Achille se rem\u00e9more sa propre enfance, au travers d\u2019une r\u00e9\u00e9criture po\u00e9tique qui met \u00e0 jour des dynamiques familiales difficiles et des souvenirs flous.<\/div><\/li>\n<\/ul>","protected":false},"excerpt":{"rendered":"<p>Dany Varela Ferreira Lemos est \u00e9tudiant \u00e0 l\u2019Universit\u00e9 de Lausanne en Facult\u00e9 des Lettres, en section de fran\u00e7ais moderne et d\u2019histoire de l\u2019art. Il s\u2019int\u00e9resse aux questions du care dans la litt\u00e9rature francophone, en lien avec le f\u00e9minisme et les figures minoritaires.<\/p>\n","protected":false},"author":1003130,"featured_media":0,"comment_status":"closed","ping_status":"closed","sticky":false,"template":"","format":"standard","meta":{"_seopress_robots_primary_cat":"","_seopress_titles_title":"","_seopress_titles_desc":"","_seopress_robots_index":"","footnotes":""},"categories":[17],"tags":[],"class_list":{"0":"post-1230","1":"post","2":"type-post","3":"status-publish","4":"format-standard","6":"category-biobibliographie"},"_links":{"self":[{"href":"https:\/\/wp.unil.ch\/ateliercomparatiste\/wp-json\/wp\/v2\/posts\/1230","targetHints":{"allow":["GET"]}}],"collection":[{"href":"https:\/\/wp.unil.ch\/ateliercomparatiste\/wp-json\/wp\/v2\/posts"}],"about":[{"href":"https:\/\/wp.unil.ch\/ateliercomparatiste\/wp-json\/wp\/v2\/types\/post"}],"author":[{"embeddable":true,"href":"https:\/\/wp.unil.ch\/ateliercomparatiste\/wp-json\/wp\/v2\/users\/1003130"}],"replies":[{"embeddable":true,"href":"https:\/\/wp.unil.ch\/ateliercomparatiste\/wp-json\/wp\/v2\/comments?post=1230"}],"version-history":[{"count":3,"href":"https:\/\/wp.unil.ch\/ateliercomparatiste\/wp-json\/wp\/v2\/posts\/1230\/revisions"}],"predecessor-version":[{"id":1234,"href":"https:\/\/wp.unil.ch\/ateliercomparatiste\/wp-json\/wp\/v2\/posts\/1230\/revisions\/1234"}],"wp:attachment":[{"href":"https:\/\/wp.unil.ch\/ateliercomparatiste\/wp-json\/wp\/v2\/media?parent=1230"}],"wp:term":[{"taxonomy":"category","embeddable":true,"href":"https:\/\/wp.unil.ch\/ateliercomparatiste\/wp-json\/wp\/v2\/categories?post=1230"},{"taxonomy":"post_tag","embeddable":true,"href":"https:\/\/wp.unil.ch\/ateliercomparatiste\/wp-json\/wp\/v2\/tags?post=1230"}],"curies":[{"name":"wp","href":"https:\/\/api.w.org\/{rel}","templated":true}]}}