{"id":1227,"date":"2026-04-21T18:21:34","date_gmt":"2026-04-21T16:21:34","guid":{"rendered":"https:\/\/wp.unil.ch\/ateliercomparatiste\/?p=1227"},"modified":"2026-04-28T12:00:52","modified_gmt":"2026-04-28T10:00:52","slug":"louis-achille-de-douze-serpents-a-doux-serpent","status":"publish","type":"post","link":"https:\/\/wp.unil.ch\/ateliercomparatiste\/louis-achille-de-douze-serpents-a-doux-serpent\/","title":{"rendered":"Louis Achille, de douze serpents \u00e0 doux serpent ?"},"content":{"rendered":"\n<p>Comment emp\u00eacher de se mordre encore et encore la queue&nbsp;? Est-il possible d\u2019aller contre la violence g\u00e9n\u00e9rationnelle&nbsp;? Ce sont les questions que se pose le jeune auteur lausannois Louis Achille dans son autobiographie po\u00e9tique <em>J\u2019aurais voulu \u00eatre douze serpents<\/em>. L\u2019auteur se rem\u00e9more les souvenirs de son enfance : violence parentale, premi\u00e8res fugues et adolescence troubl\u00e9e.<\/p>\n\n\n\n<p>Au travers de cet interstice temporel si fragile qu\u2019est le passage de l\u2019enfance \u00e0 l\u2019\u00e2ge adulte, l\u2019auteur imagine le monde et se souvient de ces moments v\u00e9cus. Les onomatop\u00e9es, caract\u00e9ristiques d\u2019une conception enfantine du monde, c\u00f4toient les \u00e9v\u00e9nements locaux politiques et historiques majeurs, telles que la p\u00e9riode Covid ou encore la premi\u00e8re ZAD de Suisse. Marqu\u00e9 par sa relation \u00e0 son propre corps et par les souvenirs du p\u00e8re, cette exp\u00e9rience g\u00e9n\u00e9rationnelle rend les souvenirs relat\u00e9s flous. L\u2019\u00e9criture lib\u00e9r\u00e9e du poids de certaines r\u00e8gles de ponctuation mime cette recherche de s\u00e9r\u00e9nit\u00e9 et rassemble l\u2019\u00e9poque de l\u2019enfance sans fioriture. Le serpent arr\u00eate-t-il enfin de reproduire la douleur pour enlacer la douceur ? En bref, un texte avec lequel \u00ab\u00a0on se mouche\u00a0\u00bb (p.\u00a086) afin de soigner le pass\u00e9.<\/p>\n\n\n\n<hr class=\"wp-block-separator has-alpha-channel-opacity\" \/>\n\n\n\n<figure class=\"wp-block-embed is-type-wp-embed is-provider-l-039-atelier-comparatiste wp-block-embed-l-039-atelier-comparatiste\"><div class=\"wp-block-embed__wrapper\">\n<blockquote class=\"wp-embedded-content\" data-secret=\"gsy9SVH9zB\"><a href=\"https:\/\/wp.unil.ch\/ateliercomparatiste\/dany-varela-ferreira-lemos\/\">Dany Varela Ferreira Lemos<\/a><\/blockquote><iframe loading=\"lazy\" class=\"wp-embedded-content\" sandbox=\"allow-scripts\" security=\"restricted\" style=\"position: absolute; visibility: hidden;\" title=\"\u00ab\u00a0Dany Varela Ferreira Lemos\u00a0\u00bb &#8212; L&#039;Atelier comparatiste\" src=\"https:\/\/wp.unil.ch\/ateliercomparatiste\/dany-varela-ferreira-lemos\/embed\/#?secret=75YueoTz9H#?secret=gsy9SVH9zB\" data-secret=\"gsy9SVH9zB\" width=\"580\" height=\"327\" frameborder=\"0\" marginwidth=\"0\" marginheight=\"0\" scrolling=\"no\"><\/iframe>\n<\/div><\/figure>\n","protected":false},"excerpt":{"rendered":"<p>Avec <em>J\u2019aurais voulu \u00eatre douze serpents<\/em>, Louis Achille se rem\u00e9more sa propre enfance, au travers d\u2019une r\u00e9\u00e9criture po\u00e9tique qui met \u00e0 jour des dynamiques familiales difficiles et des souvenirs flous.<\/p>\n","protected":false},"author":1003130,"featured_media":1229,"comment_status":"closed","ping_status":"closed","sticky":false,"template":"","format":"standard","meta":{"_seopress_robots_primary_cat":"","_seopress_titles_title":"","_seopress_titles_desc":"","_seopress_robots_index":"","footnotes":""},"categories":[3,193],"tags":[197],"class_list":{"0":"post-1227","1":"post","2":"type-post","3":"status-publish","4":"format-standard","5":"has-post-thumbnail","7":"category-critique","8":"category-critique-litteraire-2026","9":"tag-achille-louis"},"_links":{"self":[{"href":"https:\/\/wp.unil.ch\/ateliercomparatiste\/wp-json\/wp\/v2\/posts\/1227","targetHints":{"allow":["GET"]}}],"collection":[{"href":"https:\/\/wp.unil.ch\/ateliercomparatiste\/wp-json\/wp\/v2\/posts"}],"about":[{"href":"https:\/\/wp.unil.ch\/ateliercomparatiste\/wp-json\/wp\/v2\/types\/post"}],"author":[{"embeddable":true,"href":"https:\/\/wp.unil.ch\/ateliercomparatiste\/wp-json\/wp\/v2\/users\/1003130"}],"replies":[{"embeddable":true,"href":"https:\/\/wp.unil.ch\/ateliercomparatiste\/wp-json\/wp\/v2\/comments?post=1227"}],"version-history":[{"count":5,"href":"https:\/\/wp.unil.ch\/ateliercomparatiste\/wp-json\/wp\/v2\/posts\/1227\/revisions"}],"predecessor-version":[{"id":1242,"href":"https:\/\/wp.unil.ch\/ateliercomparatiste\/wp-json\/wp\/v2\/posts\/1227\/revisions\/1242"}],"wp:featuredmedia":[{"embeddable":true,"href":"https:\/\/wp.unil.ch\/ateliercomparatiste\/wp-json\/wp\/v2\/media\/1229"}],"wp:attachment":[{"href":"https:\/\/wp.unil.ch\/ateliercomparatiste\/wp-json\/wp\/v2\/media?parent=1227"}],"wp:term":[{"taxonomy":"category","embeddable":true,"href":"https:\/\/wp.unil.ch\/ateliercomparatiste\/wp-json\/wp\/v2\/categories?post=1227"},{"taxonomy":"post_tag","embeddable":true,"href":"https:\/\/wp.unil.ch\/ateliercomparatiste\/wp-json\/wp\/v2\/tags?post=1227"}],"curies":[{"name":"wp","href":"https:\/\/api.w.org\/{rel}","templated":true}]}}