{"id":1097,"date":"2026-04-01T21:14:28","date_gmt":"2026-04-01T19:14:28","guid":{"rendered":"https:\/\/wp.unil.ch\/ateliercomparatiste\/?p=1097"},"modified":"2026-04-08T12:53:12","modified_gmt":"2026-04-08T10:53:12","slug":"ines-hourcq","status":"publish","type":"post","link":"https:\/\/wp.unil.ch\/ateliercomparatiste\/ines-hourcq\/","title":{"rendered":"In\u00e8s Hourcq"},"content":{"rendered":"<ul class=\"wp-block-latest-posts__list has-dates has-author wp-block-latest-posts has-small-font-size\"><li><div class=\"wp-block-latest-posts__featured-image alignleft\"><img loading=\"lazy\" decoding=\"async\" width=\"362\" height=\"549\" src=\"https:\/\/wp.unil.ch\/ateliercomparatiste\/files\/2026\/04\/img_8038-e1756121653528.jpg\" class=\"attachment-large size-large wp-post-image\" alt=\"Chirine Sheybani, Inconnue, Gen\u00e8ve, Cousu Mouche, 2025.\" style=\"max-width:256px;max-height:256px;\" srcset=\"https:\/\/wp.unil.ch\/ateliercomparatiste\/files\/2026\/04\/img_8038-e1756121653528.jpg 362w, https:\/\/wp.unil.ch\/ateliercomparatiste\/files\/2026\/04\/img_8038-e1756121653528-198x300.jpg 198w\" sizes=\"auto, (max-width: 362px) 100vw, 362px\" \/><\/div><a class=\"wp-block-latest-posts__post-title\" href=\"https:\/\/wp.unil.ch\/ateliercomparatiste\/a-labri-de-soi\/\">\u00c0 l\u2019abri de soi<\/a><div class=\"wp-block-latest-posts__post-author\">par In\u00e8s Hourcq<\/div><time datetime=\"2026-04-01T21:15:39+02:00\" class=\"wp-block-latest-posts__post-date\">1 avril 2026<\/time><div class=\"wp-block-latest-posts__post-excerpt\">Avec <em>Inconnue<\/em>, Chirine Sheybani interroge l\u2019identit\u00e9 et la responsabilit\u00e9 dans une \u00e9criture fragment\u00e9e qui \u00e9pouse les vides de la m\u00e9moire.<\/div><\/li>\n<\/ul>","protected":false},"excerpt":{"rendered":"<p>In\u00e8s Hourcq \u00e9tudie le fran\u00e7ais et la philosophie \u00e0 l\u2019Universit\u00e9 de Lausanne, o\u00f9 elle se sp\u00e9cialise en litt\u00e9rature compar\u00e9e. Attir\u00e9e par les coulisses du livre, elle travaille dans l\u2019\u00e9dition en parall\u00e8le de ses \u00e9tudes.<\/p>\n","protected":false},"author":1002274,"featured_media":0,"comment_status":"closed","ping_status":"closed","sticky":false,"template":"","format":"standard","meta":{"_seopress_robots_primary_cat":"","_seopress_titles_title":"","_seopress_titles_desc":"","_seopress_robots_index":"","footnotes":""},"categories":[17],"tags":[],"class_list":{"0":"post-1097","1":"post","2":"type-post","3":"status-publish","4":"format-standard","6":"category-biobibliographie"},"_links":{"self":[{"href":"https:\/\/wp.unil.ch\/ateliercomparatiste\/wp-json\/wp\/v2\/posts\/1097","targetHints":{"allow":["GET"]}}],"collection":[{"href":"https:\/\/wp.unil.ch\/ateliercomparatiste\/wp-json\/wp\/v2\/posts"}],"about":[{"href":"https:\/\/wp.unil.ch\/ateliercomparatiste\/wp-json\/wp\/v2\/types\/post"}],"author":[{"embeddable":true,"href":"https:\/\/wp.unil.ch\/ateliercomparatiste\/wp-json\/wp\/v2\/users\/1002274"}],"replies":[{"embeddable":true,"href":"https:\/\/wp.unil.ch\/ateliercomparatiste\/wp-json\/wp\/v2\/comments?post=1097"}],"version-history":[{"count":3,"href":"https:\/\/wp.unil.ch\/ateliercomparatiste\/wp-json\/wp\/v2\/posts\/1097\/revisions"}],"predecessor-version":[{"id":1206,"href":"https:\/\/wp.unil.ch\/ateliercomparatiste\/wp-json\/wp\/v2\/posts\/1097\/revisions\/1206"}],"wp:attachment":[{"href":"https:\/\/wp.unil.ch\/ateliercomparatiste\/wp-json\/wp\/v2\/media?parent=1097"}],"wp:term":[{"taxonomy":"category","embeddable":true,"href":"https:\/\/wp.unil.ch\/ateliercomparatiste\/wp-json\/wp\/v2\/categories?post=1097"},{"taxonomy":"post_tag","embeddable":true,"href":"https:\/\/wp.unil.ch\/ateliercomparatiste\/wp-json\/wp\/v2\/tags?post=1097"}],"curies":[{"name":"wp","href":"https:\/\/api.w.org\/{rel}","templated":true}]}}