{"id":16770,"date":"2026-03-02T00:00:00","date_gmt":"2026-03-01T23:00:00","guid":{"rendered":"https:\/\/wp.unil.ch\/alumnil\/?p=16770"},"modified":"2026-04-15T17:22:54","modified_gmt":"2026-04-15T15:22:54","slug":"cours-danglais-pour-les-membres-du-reseau-alumnil","status":"publish","type":"post","link":"https:\/\/wp.unil.ch\/alumnil\/cours-danglais-pour-les-membres-du-reseau-alumnil\/","title":{"rendered":"Cours d&rsquo;anglais pour les membres du r\u00e9seau Alumnil"},"content":{"rendered":"\n<p><strong><strong>Relancez votre anglais en 2026 au Centre de langues de l\u2019Unil!&nbsp;Deux cours r\u00e9serv\u00e9s exclusivement aux membres du r\u00e9seau Alumnil auront lieu sur votre campus pr\u00e9f\u00e9r\u00e9.<\/strong><\/strong> <\/p>\n\n\n\n<p class=\"has-vivid-red-color has-text-color has-link-color wp-elements-e0bcdb405adf9aa62950066cdb584b9d\"><strong>D\u00e9lai d&rsquo;inscription: 23 avril 2026.<\/strong><\/p>\n\n\n\n<p>Choisissez une des deux variantes ou bien les deux:<\/p>\n\n\n\n<p><strong>ENGLISH SPEAKING SKILLS FOR PROFESSIONALS<\/strong> (ANNUL\u00c9)<\/p>\n\n\n\n<p>D\u00e9veloppez vos comp\u00e9tences orales pour \u00eatre plus clair\u00b7e, plus \u00e0 l\u2019aise et plus convaincant\u00b7e lorsque le moment l\u2019exige&#8230;et exercer votre anglais pour le monde de travail d\u2019aujourd\u2019hui et de demain.<\/p>\n\n\n\n<ul class=\"wp-block-list\">\n<li>D\u00e8s le niveau B1<\/li>\n\n\n\n<li>Du 23 avril au 28 mai 2026<\/li>\n\n\n\n<li>5 sessions le jeudi soir de 18h00 \u00e0&nbsp;19h15<\/li>\n<\/ul>\n\n\n\n<p><strong>ENGLISH CONVERSATION FOR LEISURE AND PLEASURE<\/strong> (Inscription jusqu&rsquo;au 23 avril 2026)<\/p>\n\n\n\n<p>Enrichissez vos comp\u00e9tences orales pour des voyages ou encore pour approfondir des relations avec des ami(e)s ou de la famille anglophone.<\/p>\n\n\n\n<ul class=\"wp-block-list\">\n<li>D\u00e8s le niveau B1<\/li>\n\n\n\n<li>Du 24 avril au 29 mai 2026<\/li>\n\n\n\n<li>5 sessions le vendredi matin de 10h15 \u00e0&nbsp;11h30<\/li>\n<\/ul>\n\n\n\n<p><strong>Tous les d\u00e9tails pour vous inscrire \u00e0 ces cours du Centre de langues sur la<\/strong> <a href=\"https:\/\/www.alumnil.unil.ch\/home\/art.php?showart=19798\">plateforme Alumnil<\/a>.<\/p>\n\n\n\n<p><em>Vous avez oubli\u00e9 votre mot de passe pour acc\u00e9der \u00e0 la plateforme Alumnil? <a href=\"https:\/\/wp.unil.ch\/alumnil\/philosophie-et-missions\/questions-frequentes\/\" target=\"_blank\" rel=\"noreferrer noopener\">Suivez le guide<\/a>.&nbsp; |&nbsp;&nbsp;Vous ne faites par encore partie du r\u00e9seau Alumnil de l\u2019Unil? <a href=\"https:\/\/wp.unil.ch\/alumnil\/reseau\/adherer-au-reseau-alumnil\/\" target=\"_blank\" rel=\"noreferrer noopener\">Devenez membre<\/a>.<\/em><\/p>\n","protected":false},"excerpt":{"rendered":"<p>Relancez votre anglais en 2026 au Centre de langues de l\u2019Unil!\u00a0Deux cours r\u00e9serv\u00e9s exclusivement aux Alumnil auront lieu sur votre campus pr\u00e9f\u00e9r\u00e9&#8230;\u00a0<\/p>\n","protected":false},"author":1003040,"featured_media":16772,"comment_status":"closed","ping_status":"closed","sticky":false,"template":"","format":"standard","meta":{"_seopress_robots_primary_cat":"","_seopress_titles_title":"","_seopress_titles_desc":"","_seopress_robots_index":"","footnotes":""},"categories":[36724],"tags":[],"class_list":["post-16770","post","type-post","status-publish","format-standard","has-post-thumbnail","category-actualites"],"_links":{"self":[{"href":"https:\/\/wp.unil.ch\/alumnil\/wp-json\/wp\/v2\/posts\/16770","targetHints":{"allow":["GET"]}}],"collection":[{"href":"https:\/\/wp.unil.ch\/alumnil\/wp-json\/wp\/v2\/posts"}],"about":[{"href":"https:\/\/wp.unil.ch\/alumnil\/wp-json\/wp\/v2\/types\/post"}],"author":[{"embeddable":true,"href":"https:\/\/wp.unil.ch\/alumnil\/wp-json\/wp\/v2\/users\/1003040"}],"replies":[{"embeddable":true,"href":"https:\/\/wp.unil.ch\/alumnil\/wp-json\/wp\/v2\/comments?post=16770"}],"version-history":[{"count":5,"href":"https:\/\/wp.unil.ch\/alumnil\/wp-json\/wp\/v2\/posts\/16770\/revisions"}],"predecessor-version":[{"id":17380,"href":"https:\/\/wp.unil.ch\/alumnil\/wp-json\/wp\/v2\/posts\/16770\/revisions\/17380"}],"wp:featuredmedia":[{"embeddable":true,"href":"https:\/\/wp.unil.ch\/alumnil\/wp-json\/wp\/v2\/media\/16772"}],"wp:attachment":[{"href":"https:\/\/wp.unil.ch\/alumnil\/wp-json\/wp\/v2\/media?parent=16770"}],"wp:term":[{"taxonomy":"category","embeddable":true,"href":"https:\/\/wp.unil.ch\/alumnil\/wp-json\/wp\/v2\/categories?post=16770"},{"taxonomy":"post_tag","embeddable":true,"href":"https:\/\/wp.unil.ch\/alumnil\/wp-json\/wp\/v2\/tags?post=16770"}],"curies":[{"name":"wp","href":"https:\/\/api.w.org\/{rel}","templated":true}]}}