{"id":13855,"date":"2025-05-16T11:33:06","date_gmt":"2025-05-16T09:33:06","guid":{"rendered":"https:\/\/wp.unil.ch\/alumnil\/?p=13855"},"modified":"2025-08-28T12:17:55","modified_gmt":"2025-08-28T10:17:55","slug":"simon-crausaz","status":"publish","type":"post","link":"https:\/\/wp.unil.ch\/alumnil\/simon-crausaz\/","title":{"rendered":"Simon Crausaz"},"content":{"rendered":"\n<p style=\"font-size:30px\">Les visions du monde de Simon Crausaz<\/p>\n\n\n\n<p><strong><strong><strong>\u00c0 41 ans, le Fribourgeois conseille la Cheffe du D\u00e9partement f\u00e9d\u00e9ral de l&rsquo;Int\u00e9rieur dans les domaines de l&rsquo;assurance-maladie et de la sant\u00e9. Apr\u00e8s un bachelor en biologie, rien ne pr\u00e9destinait ce natif de Villars-sur-Gl\u00e2ne dans les hautes sph\u00e8res du pouvoir. Et pourtant, un Master en politique et management public (PMP) \u00e0\u00a0 l&rsquo;Institut de Hautes \u00c9tudes en Administration Publique (IDHEAP) de l&rsquo;Universit\u00e9 de Lausanne va tout changer.<\/strong><\/strong><\/strong><\/p>\n\n\n\n<p><strong><br><\/strong>Par pudeur ou timidit\u00e9, Simon Crausaz a d&rsquo;abord h\u00e9sit\u00e9 avant de d\u00e9rouler le fil de sa vie. Pas simple en effet de regarder dans le r\u00e9troviseur; de questionner ses choix et de mettre du sens dans une carri\u00e8re personnelle et professionnelle tr\u00e8s riche. Mais le Fribourgeois de 41 ans est d&rsquo;un instinct curieux. Il ne se d\u00e9robe jamais devant la nouveaut\u00e9. C&rsquo;est d\u2019ailleurs &nbsp;ce trait de caract\u00e8re qui le met en mouvement. Rien d&rsquo;\u00e9tonnant donc \u00e0 ce qu&rsquo;il sautille depuis toujours de case en case; d&rsquo;un contexte \u00e0 un autre. Au premier regard, le parcours morcel\u00e9 de cet assoiff\u00e9 de connaissances, qui est par ailleurs titulaire d&rsquo;un brevet de pilote et d&rsquo;une ceinture noire de judo, peut para\u00eetre brouillon. Il r\u00e9v\u00e8le en fait un puzzle coh\u00e9rent et un bagage redoutable pour celui qui accompagne aujourd&rsquo;hui la Conseill\u00e8re f\u00e9d\u00e9rale Elisabeth Baume-Schneider concernant les dossiers de politique de la sant\u00e9.<\/p>\n\n\n\n<p>Rien ne le destinait aux hautes sph\u00e8res du pouvoir. Ni ailleurs. Simon Crausaz est de ceux qui se projettent partout. Depuis son enfance \u00e0 Villars-sur-Gl\u00e2ne, il cultive d&rsquo;ailleurs cette libert\u00e9 d&rsquo;explorer toutes les possibilit\u00e9s qui s&rsquo;offrent, en prenant soin de ne fermer aucune porte. Il survole sa scolarit\u00e9 en Gruy\u00e8re avec facilit\u00e9, \u00absans trop se poser de questions\u00bb, dit-il. Au coll\u00e8ge \u00e0 Bulle, ce g\u00e9n\u00e9raliste dans l&rsquo;\u00e2me prend plaisir dans toutes les mati\u00e8res. Une p\u00e9riode b\u00e9nie stopp\u00e9e nette par le d\u00e9c\u00e8s pr\u00e9matur\u00e9 de son p\u00e8re.<\/p>\n\n\n\n<p>Pour la premi\u00e8re fois, Simon Crausaz doit faire un choix: \u00abJe me suis soudain retrouv\u00e9 dans un moment charni\u00e8re alors que je me cherchais encore une voie. Il se lance alors en biologie \u00e0 l&rsquo;Universit\u00e9 de Fribourg: \u00abJ&rsquo;ai beaucoup aim\u00e9 et qui plus est dans la seule universit\u00e9 bilingue d&rsquo;Europe.\u00bb Il se sp\u00e9cialise alors jusqu&rsquo;au Bachelor en immunologie et neurologie. Un choix du c\u0153ur plut\u00f4t que de carri\u00e8re: \u00abJe me suis concentr\u00e9 sur ce que j&rsquo;aimais \u00e9tudier plut\u00f4t que sur la finalit\u00e9 des \u00e9tudes. Tout a pourtant une fin.\u00bb<\/p>\n\n\n\n<p>Lors de son travail de Bachelor, il int\u00e8gre un groupe de recherches sur la r\u00e9g\u00e9n\u00e9ration de la moelle \u00e9pini\u00e8re. La mati\u00e8re le passionne, mais la perspective de faire sa vie dans un laboratoire le bloque. Simon Crausaz n&rsquo;aime pas s&rsquo;enfermer dans une case; il aime cultiver une vision d&rsquo;ensemble. Il songe alors au journalisme scientifique. Puis il entend parler d&rsquo;un Master en politique et management public (PMP) \u00e0 l&rsquo;Institut de Hautes Etudes en Administration Publique (IDHEAP) de l&rsquo;Universit\u00e9 de Lausanne. Le Fribourgeois est convaincu par ce cursus g\u00e9n\u00e9raliste. Il se lance sans attendre dans une ann\u00e9e pr\u00e9paratoire au Master: \u00abPersonne ne comprenait mon choix d&rsquo;arr\u00eater la biologie.\u00bb Simon sait pourtant qu&rsquo;il se trouve \u00e0 la bonne place.<\/p>\n\n\n\n<p>Nous sommes en 2008. Tel un bulldozer, Simon Crausaz boucle son ann\u00e9e pr\u00e9paratoire et s&rsquo;envole pour Toronto, o\u00f9 il fera un dipl\u00f4me d&rsquo;anglais. Il poursuit ensuite cette qu\u00eate d&rsquo;ailleurs dans un p\u00e9riple de plusieurs semaines en Am\u00e9rique du Sud, o\u00f9 il apprend l&rsquo;espagnol. Puis c&rsquo;est la rentr\u00e9e des classes \u00e0 l&rsquo;IDHEAP. Le Fribourgeois go\u00fbte enfin au changement: \u00abMoi qui vient des sciences dures o\u00f9 l&rsquo;on aboutit \u00e0 des conclusions ferm\u00e9es, j&rsquo;ai d\u00fb changer de paradigmes et m&rsquo;ouvrir \u00e0 la pluralit\u00e9 des points de vues offerte par les sciences sociales et humaines. Ce sont deux logiques tr\u00e8s diff\u00e9rentes. Cela m\u2019a vraiment permis d&rsquo;ouvrir ma compr\u00e9hension du monde. Les cours \u00e9taient d&rsquo;une richesse folle.\u00bb<\/p>\n\n\n\n<p>Pour son Master, Simon Crausaz se sp\u00e9cialise en \u00e9conomie publique \u00e0 l&rsquo;issue d&rsquo;un semestre \u00e0 l&rsquo;Universit\u00e9 de Neuch\u00e2tel. Il s&rsquo;y forme notamment \u00e0 la politique mon\u00e9taire et \u00e0 la stabilit\u00e9 des prix. Puis il effectue son stage au Service de la sant\u00e9 publique de l&rsquo;\u00c9tat du Valais. Le Fribourgeois go\u00fbte aux joies des dossiers tr\u00e8s politiques. C&rsquo;est \u00e0 ce moment-l\u00e0 que ses envies d&rsquo;ailleurs refont surface. Simon Crausaz cultive le \u00abr\u00eave romantique\u00bb d&rsquo;une carri\u00e8re \u00e0 l&rsquo;international; au CICR par exemple. Il ne sautera pas le pas: \u00abLe m\u00e9decin cantonal de Fribourg cherchait un \u00e9conomiste avec des comp\u00e9tences en biologie. J&rsquo;\u00e9tais oblig\u00e9 de postuler\u00bb. Simon Crausaz est engag\u00e9 comme collaborateur scientifique en charge des finances et de la coordination du Service du M\u00e9decin cantonal.<\/p>\n\n\n\n<p>De retour sur ses terres natales, le quadrag\u00e9naire, p\u00e8re de deux enfants, s&rsquo;\u00e9mancipe \u00e0 l&rsquo;Etat de Fribourg et grimpe les \u00e9chelons. Apr\u00e8s les finances, il pilote les projets de pr\u00e9vention de la sant\u00e9, notamment sur l&rsquo;alcool. Parall\u00e8lement \u00e0 ses fonctions, il compl\u00e8te sa formation avec un CAS en \u00e9conomie de la sant\u00e9 de la facult\u00e9 des HEC de l&rsquo;Universit\u00e9 de Lausanne ainsi qu&rsquo;un CAS en communication et coaching. Il devient ensuite l&rsquo;adjoint du m\u00e9decin cantonal et pilote le domaine des catastrophes sanitaires. Simon Crausaz aime se confronter \u00e0 toutes les r\u00e9alit\u00e9s d&rsquo;une fonction et des projets: \u00abJ&rsquo;aime ces diff\u00e9rents profils qui se c\u00f4toient autour d&rsquo;une table. C\u2019est un sentiment que j&rsquo;ai d\u00e9velopp\u00e9 dans le cadre du Master PMP de l&rsquo;IDHEAP. On y apprend \u00e0 parler \u00e0 tout le monde, au politique, comme \u00e0 l&rsquo;\u00e9conomiste ou au juriste. On devient des traducteurs gr\u00e2ce \u00e0 cette formation.\u00bb<\/p>\n\n\n\n<p>Apr\u00e8s sept ans et en qu\u00eate d&rsquo;\u00e9volution, Simon Crausaz postule au D\u00e9partement f\u00e9d\u00e9ral de l&rsquo;Int\u00e9rieur (DFI) en tant que conseiller sp\u00e9cialiste. Au fil d&rsquo;un processus de recrutement exigeant, il prend conscience de l&rsquo;enjeu du poste et de sa proximit\u00e9 avec, \u00e0 l&rsquo;\u00e9poque, le Chef de D\u00e9partement Alain Berset, et aujourd&rsquo;hui la Conseill\u00e8re f\u00e9d\u00e9rale Elisabeth Baume-Schneider. En effet, Simon Crausaz fait le lien entre l&rsquo;office f\u00e9d\u00e9ral de la sant\u00e9 publique, le Parlement et la Cheffe du D\u00e9partement: \u00abQuand un dossier est pr\u00eat, je le pr\u00e9sente \u00e0 la Conseill\u00e8re f\u00e9d\u00e9rale et je r\u00e9ponds \u00e0 ses questions. Puis j\u2019accompagne le dossier au Parlement.\u00bb Le Fribourgeois est en charge de la LAMAL. Un dossier politiquement explosif.<\/p>\n\n\n\n<p>Le poste est exigeant. Simon Crausaz vit au rythme de la politique et de ses al\u00e9as. Il adore cette exigence de r\u00e9activit\u00e9. C&rsquo;est d&rsquo;ailleurs au fil de ses six ans au DFI que le conseiller d\u00e9veloppe une v\u00e9ritable sensibilit\u00e9 politique: \u00abJ&rsquo;ai r\u00e9alis\u00e9 qu&rsquo;il n\u2019y a pas beaucoup de monde qui connait tout le processus d&rsquo;une proposition de r\u00e9vision de loi par exemple; soit des offices jusqu&rsquo;au Parlement. Il faut avoir une vue globale sur le fonctionnement de l&rsquo;administration et conna\u00eetre pr\u00e9cis\u00e9ment les proc\u00e9dures parlementaires. Cela permet d&rsquo;\u00eatre au contact des commissions, d&rsquo;apprendre ce qu&rsquo;est la politique; comprendre comment un dossier \u00e9volue et comment une majorit\u00e9 se cr\u00e9e. La politique, c&rsquo;est une somme de personnes et d&rsquo;avis. C&rsquo;est ce qui fait que la chose est passionnante.\u00bb On croit notre g\u00e9n\u00e9raliste sur parole.<\/p>\n\n\n\n<p><em>Lausanne, le 12 mai 2025<\/em><\/p>\n\n\n\n<p><em>Article de Mehdi Atmani, <a href=\"https:\/\/flypaper.ch\/\" target=\"_blank\" rel=\"noreferrer noopener\">Flypaper<\/a><\/em><br><em>Portrait de Simon Crausaz \u00a9&nbsp;Felix Imhof<\/em><\/p>\n","protected":false},"excerpt":{"rendered":"<p>Les visions du monde de Simon Crausaz<\/p>\n","protected":false},"author":1002677,"featured_media":13857,"comment_status":"closed","ping_status":"closed","sticky":false,"template":"","format":"standard","meta":{"_seopress_robots_primary_cat":"","_seopress_titles_title":"","_seopress_titles_desc":"","_seopress_robots_index":"","footnotes":""},"categories":[56241],"tags":[56310,56256,56306,56269,56337,56259,56262,56313,56264,56282],"class_list":["post-13855","post","type-post","status-publish","format-standard","has-post-thumbnail","category-portrait","tag-biologie","tag-communication","tag-economie","tag-fdca","tag-idheap","tag-international","tag-management","tag-politique","tag-relations-publiques","tag-sante"],"_links":{"self":[{"href":"https:\/\/wp.unil.ch\/alumnil\/wp-json\/wp\/v2\/posts\/13855","targetHints":{"allow":["GET"]}}],"collection":[{"href":"https:\/\/wp.unil.ch\/alumnil\/wp-json\/wp\/v2\/posts"}],"about":[{"href":"https:\/\/wp.unil.ch\/alumnil\/wp-json\/wp\/v2\/types\/post"}],"author":[{"embeddable":true,"href":"https:\/\/wp.unil.ch\/alumnil\/wp-json\/wp\/v2\/users\/1002677"}],"replies":[{"embeddable":true,"href":"https:\/\/wp.unil.ch\/alumnil\/wp-json\/wp\/v2\/comments?post=13855"}],"version-history":[{"count":5,"href":"https:\/\/wp.unil.ch\/alumnil\/wp-json\/wp\/v2\/posts\/13855\/revisions"}],"predecessor-version":[{"id":13946,"href":"https:\/\/wp.unil.ch\/alumnil\/wp-json\/wp\/v2\/posts\/13855\/revisions\/13946"}],"wp:featuredmedia":[{"embeddable":true,"href":"https:\/\/wp.unil.ch\/alumnil\/wp-json\/wp\/v2\/media\/13857"}],"wp:attachment":[{"href":"https:\/\/wp.unil.ch\/alumnil\/wp-json\/wp\/v2\/media?parent=13855"}],"wp:term":[{"taxonomy":"category","embeddable":true,"href":"https:\/\/wp.unil.ch\/alumnil\/wp-json\/wp\/v2\/categories?post=13855"},{"taxonomy":"post_tag","embeddable":true,"href":"https:\/\/wp.unil.ch\/alumnil\/wp-json\/wp\/v2\/tags?post=13855"}],"curies":[{"name":"wp","href":"https:\/\/api.w.org\/{rel}","templated":true}]}}