{"id":12814,"date":"2025-09-01T13:56:00","date_gmt":"2025-09-01T11:56:00","guid":{"rendered":"https:\/\/wp.unil.ch\/alumnil\/?p=12814"},"modified":"2025-12-17T14:21:38","modified_gmt":"2025-12-17T13:21:38","slug":"la-presse-pour-les-alumni","status":"publish","type":"post","link":"https:\/\/wp.unil.ch\/alumnil\/la-presse-pour-les-alumni\/","title":{"rendered":"La presse pour les alumni"},"content":{"rendered":"\n<p><strong>Plusieurs titres romands sont d\u00e9sormais propos\u00e9s aux membres du r\u00e9seau Alumnil, qui b\u00e9n\u00e9ficient toute l\u2019ann\u00e9e d\u2019un rabais substantiel sur les abonnements, \u00e9ditions web et papier.<\/strong><\/p>\n\n\n\n<p>Pour savoir comment en profiter, cliquer sur le journal qui vous int\u00e9resse afin d&rsquo;acc\u00e9der au descriptif et conditions d&rsquo;abonnement sur la plateforme Alumnil.<\/p>\n\n\n\n<p class=\"has-vivid-red-color has-text-color has-link-color wp-elements-e2b8688ece0b6cd3242552b588a36a61\">Le rabais pour le mensuel \u00ab\u00a0g\u00e9n\u00e9rations\u00a0\u00bb est encore valable. Tous les autres rabais sont en cours de n\u00e9gociation.<\/p>\n\n\n\n<p><strong>LES MENSUELS<\/strong><br><strong><a href=\"https:\/\/www.alumnil.unil.ch\/home\/art.php?showart=19460\" data-type=\"link\" data-id=\"https:\/\/www.alumnil.unil.ch\/home\/art.php?showart=19460\" target=\"_blank\" rel=\"noreferrer noopener\">Bilan<\/a> &#8211; <a href=\"https:\/\/www.alumnil.unil.ch\/home\/art.php?showart=19462\" data-type=\"link\" data-id=\"https:\/\/www.alumnil.unil.ch\/home\/art.php?showart=19462\" target=\"_blank\" rel=\"noreferrer noopener\">g\u00e9n\u00e9rations<\/a><\/strong><\/p>\n\n\n\n<p><strong>LES QUOTIDIENS <\/strong><br><strong><a href=\"https:\/\/www.alumnil.unil.ch\/home\/art.php?showart=19457\" data-type=\"link\" data-id=\"https:\/\/www.alumnil.unil.ch\/home\/art.php?showart=19457\" target=\"_blank\" rel=\"noreferrer noopener\">24heures<\/a> &#8211; <a href=\"https:\/\/www.alumnil.unil.ch\/home\/art.php?showart=19458\" data-type=\"link\" data-id=\"https:\/\/www.alumnil.unil.ch\/home\/art.php?showart=19458\" target=\"_blank\" rel=\"noreferrer noopener\">Le Temps<\/a> &#8211; <a href=\"https:\/\/www.alumnil.unil.ch\/home\/art.php?showart=19459\" data-type=\"link\" data-id=\"https:\/\/www.alumnil.unil.ch\/home\/art.php?showart=19459\" target=\"_blank\" rel=\"noreferrer noopener\">Tribune de Gen\u00e8ve<\/a><\/strong><\/p>\n\n\n\n<p><strong>LE DOMINICAL<\/strong><br><strong><a href=\"https:\/\/www.alumnil.unil.ch\/home\/art.php?showart=19461\" data-type=\"link\" data-id=\"https:\/\/www.alumnil.unil.ch\/home\/art.php?showart=19461\" target=\"_blank\" rel=\"noreferrer noopener\">Le Matin dimanche<\/a><\/strong><\/p>\n\n\n\n<p><em>Vous avez oubli\u00e9 votre mot de passe pour acc\u00e9der \u00e0 la plateforme Alumnil? <a href=\"https:\/\/wp.unil.ch\/alumnil\/philosophie-et-missions\/questions-frequentes\/\" target=\"_blank\" rel=\"noreferrer noopener\">Suivez le guide<\/a>.&nbsp; |&nbsp;&nbsp;Vous ne faites par encore partie du r\u00e9seau Alumnil de l\u2019Unil? <a href=\"https:\/\/wp.unil.ch\/alumnil\/reseau\/adherer-au-reseau-alumnil\/\" target=\"_blank\" rel=\"noreferrer noopener\">Devenez membre<\/a>.<\/em><\/p>\n","protected":false},"excerpt":{"rendered":"<p>Plusieurs titres romands sont d\u00e9sormais propos\u00e9s aux membres du r\u00e9seau Alumnil, qui b\u00e9n\u00e9ficient toute l\u2019ann\u00e9e d\u2019un rabais substantiel sur les abonnements, \u00e9ditions web et papier. Pour savoir comment en profiter, cliquer sur le journal qui vous int\u00e9resse afin d&rsquo;acc\u00e9der au &hellip; <\/p>\n","protected":false},"author":1001058,"featured_media":12857,"comment_status":"closed","ping_status":"closed","sticky":false,"template":"","format":"standard","meta":{"_seopress_robots_primary_cat":"","_seopress_titles_title":"","_seopress_titles_desc":"","_seopress_robots_index":"","footnotes":""},"categories":[36724],"tags":[],"class_list":["post-12814","post","type-post","status-publish","format-standard","has-post-thumbnail","category-actualites"],"_links":{"self":[{"href":"https:\/\/wp.unil.ch\/alumnil\/wp-json\/wp\/v2\/posts\/12814","targetHints":{"allow":["GET"]}}],"collection":[{"href":"https:\/\/wp.unil.ch\/alumnil\/wp-json\/wp\/v2\/posts"}],"about":[{"href":"https:\/\/wp.unil.ch\/alumnil\/wp-json\/wp\/v2\/types\/post"}],"author":[{"embeddable":true,"href":"https:\/\/wp.unil.ch\/alumnil\/wp-json\/wp\/v2\/users\/1001058"}],"replies":[{"embeddable":true,"href":"https:\/\/wp.unil.ch\/alumnil\/wp-json\/wp\/v2\/comments?post=12814"}],"version-history":[{"count":5,"href":"https:\/\/wp.unil.ch\/alumnil\/wp-json\/wp\/v2\/posts\/12814\/revisions"}],"predecessor-version":[{"id":16954,"href":"https:\/\/wp.unil.ch\/alumnil\/wp-json\/wp\/v2\/posts\/12814\/revisions\/16954"}],"wp:featuredmedia":[{"embeddable":true,"href":"https:\/\/wp.unil.ch\/alumnil\/wp-json\/wp\/v2\/media\/12857"}],"wp:attachment":[{"href":"https:\/\/wp.unil.ch\/alumnil\/wp-json\/wp\/v2\/media?parent=12814"}],"wp:term":[{"taxonomy":"category","embeddable":true,"href":"https:\/\/wp.unil.ch\/alumnil\/wp-json\/wp\/v2\/categories?post=12814"},{"taxonomy":"post_tag","embeddable":true,"href":"https:\/\/wp.unil.ch\/alumnil\/wp-json\/wp\/v2\/tags?post=12814"}],"curies":[{"name":"wp","href":"https:\/\/api.w.org\/{rel}","templated":true}]}}