{"id":9991,"date":"2019-09-26T08:28:47","date_gmt":"2019-09-26T06:28:47","guid":{"rendered":"http:\/\/wp.unil.ch\/allezsavoir\/?p=9991"},"modified":"2019-11-14T11:10:07","modified_gmt":"2019-11-14T09:10:07","slug":"lunil-a-la-fete","status":"publish","type":"post","link":"https:\/\/wp.unil.ch\/allezsavoir\/lunil-a-la-fete\/","title":{"rendered":"L&rsquo;UNIL \u00e0 la f\u00eate"},"content":{"rendered":"<figure id=\"attachment_9914\" aria-describedby=\"caption-attachment-9914\" style=\"width: 590px\" class=\"wp-caption alignnone\"><img alt=\"\" loading=\"lazy\" decoding=\"async\" class=\"size-full wp-image-9914\" src=\"https:\/\/wp.unil.ch\/allezsavoir\/files\/2019\/09\/fete_vignerons_73_1.jpg\" alt=\"\" width=\"590\" height=\"393\" srcset=\"https:\/\/wp.unil.ch\/allezsavoir\/files\/2019\/09\/fete_vignerons_73_1.jpg 590w, https:\/\/wp.unil.ch\/allezsavoir\/files\/2019\/09\/fete_vignerons_73_1-390x260.jpg 390w\" sizes=\"auto, (max-width: 590px) 100vw, 590px\" \/><figcaption id=\"caption-attachment-9914\" class=\"wp-caption-text\">Photo Laurent Gilli\u00e9ron \/ Keystone<\/figcaption><\/figure>\n<p>Les \u00abCent pour Cent\u00bb entrent dans l\u2019ar\u00e8ne lors de la F\u00eate des Vignerons \u00e0 Vevey. Membre de cette troupe, C\u00e9dric Cramatte est enthousiaste: \u00abC\u2019est un magnifique spectacle et une ambiance unique.\u00bb Tout comme ce chercheur \u00e0 l\u2019Institut d\u2019arch\u00e9ologie et des sciences de l\u2019Antiquit\u00e9, de nombreuses personnes li\u00e9es \u00e0 l\u2019UNIL ont pris part \u00e0 l\u2019\u00e9v\u00e9nement, en tant que figurants, pour le plaisir.<\/p>\n<p>De plus, certains en ont fait un objet d\u2019\u00e9tude. C\u2019est le cas de Dominique Vinck, professeur \u00e0 l\u2019Institut des sciences sociales. Dans un ouvrage r\u00e9cent, ce dernier s\u2019est int\u00e9ress\u00e9 aux coulisses de la F\u00eate. Qui sont les b\u00e9n\u00e9voles et les professionnels qui l\u2019ont pr\u00e9par\u00e9e et comment rel\u00e8vent-ils les d\u00e9fis que suppose l\u2019organisation de la FeVi? De quelle mani\u00e8re s\u2019organise ce chantier colossal? Comment marie-t-on la tradition et l\u2019innovation, ou recrute-t-on les figurants? Loin de la lumi\u00e8re de l\u2019\u00e9cran g\u00e9ant, le livre du chercheur de l\u2019UNIL nous pr\u00e9sente le monde des travailleurs de l\u2019ombre.<\/p>\n<figure id=\"attachment_9926\" aria-describedby=\"caption-attachment-9926\" style=\"width: 100px\" class=\"wp-caption alignnone\"><img alt=\"\" loading=\"lazy\" decoding=\"async\" class=\"size-full wp-image-9926\" src=\"https:\/\/wp.unil.ch\/allezsavoir\/files\/2019\/09\/livre_fdv_73.jpg\" alt=\"\" width=\"100\" height=\"141\" \/><figcaption id=\"caption-attachment-9926\" class=\"wp-caption-text\">M\u00e9tiers de l&rsquo;ombre de la F\u00eate des Vignerons. Par Dominique Vinck.<br \/>Antipodes (2019), 360 p.<\/figcaption><\/figure>\n<p>&nbsp;<\/p>\n","protected":false},"excerpt":{"rendered":"<p>Les \u00abCent pour Cent\u00bb entrent dans l\u2019ar\u00e8ne lors de la F\u00eate des Vignerons \u00e0 Vevey. Membre de cette troupe, C\u00e9dric Cramatte est enthousiaste: \u00abC\u2019est un magnifique spectacle et une ambiance &hellip; <\/p>\n","protected":false},"author":825,"featured_media":9915,"comment_status":"open","ping_status":"open","sticky":false,"template":"","format":"standard","meta":{"_seopress_robots_primary_cat":"","_seopress_titles_title":"","_seopress_titles_desc":"","_seopress_robots_index":"","footnotes":""},"categories":[42184,11],"tags":[39521],"class_list":{"0":"post-9991","1":"post","2":"type-post","3":"status-publish","4":"format-standard","5":"has-post-thumbnail","7":"category-no-73","8":"category-portfolio","9":"tag-david-spring"},"_links":{"self":[{"href":"https:\/\/wp.unil.ch\/allezsavoir\/wp-json\/wp\/v2\/posts\/9991","targetHints":{"allow":["GET"]}}],"collection":[{"href":"https:\/\/wp.unil.ch\/allezsavoir\/wp-json\/wp\/v2\/posts"}],"about":[{"href":"https:\/\/wp.unil.ch\/allezsavoir\/wp-json\/wp\/v2\/types\/post"}],"author":[{"embeddable":true,"href":"https:\/\/wp.unil.ch\/allezsavoir\/wp-json\/wp\/v2\/users\/825"}],"replies":[{"embeddable":true,"href":"https:\/\/wp.unil.ch\/allezsavoir\/wp-json\/wp\/v2\/comments?post=9991"}],"version-history":[{"count":0,"href":"https:\/\/wp.unil.ch\/allezsavoir\/wp-json\/wp\/v2\/posts\/9991\/revisions"}],"wp:featuredmedia":[{"embeddable":true,"href":"https:\/\/wp.unil.ch\/allezsavoir\/wp-json\/wp\/v2\/media\/9915"}],"wp:attachment":[{"href":"https:\/\/wp.unil.ch\/allezsavoir\/wp-json\/wp\/v2\/media?parent=9991"}],"wp:term":[{"taxonomy":"category","embeddable":true,"href":"https:\/\/wp.unil.ch\/allezsavoir\/wp-json\/wp\/v2\/categories?post=9991"},{"taxonomy":"post_tag","embeddable":true,"href":"https:\/\/wp.unil.ch\/allezsavoir\/wp-json\/wp\/v2\/tags?post=9991"}],"curies":[{"name":"wp","href":"https:\/\/api.w.org\/{rel}","templated":true}]}}