{"id":9672,"date":"2019-05-09T08:19:28","date_gmt":"2019-05-09T06:19:28","guid":{"rendered":"http:\/\/wp.unil.ch\/allezsavoir\/?p=9672"},"modified":"2023-09-21T11:16:32","modified_gmt":"2023-09-21T09:16:32","slug":"une-passion-a-tire-daile","status":"publish","type":"post","link":"https:\/\/wp.unil.ch\/allezsavoir\/une-passion-a-tire-daile\/","title":{"rendered":"Une passion \u00e0 tire-d\u2019aile"},"content":{"rendered":"<figure id=\"attachment_9758\" aria-describedby=\"caption-attachment-9758\" style=\"width: 393px\" class=\"wp-caption alignnone\"><img alt=\"\" loading=\"lazy\" decoding=\"async\" class=\"size-full wp-image-9758\" src=\"https:\/\/wp.unil.ch\/allezsavoir\/files\/2019\/04\/maumary_72_1.jpg\" alt=\"\" width=\"393\" height=\"590\" srcset=\"https:\/\/wp.unil.ch\/allezsavoir\/files\/2019\/04\/maumary_72_1.jpg 393w, https:\/\/wp.unil.ch\/allezsavoir\/files\/2019\/04\/maumary_72_1-173x260.jpg 173w\" sizes=\"auto, (max-width: 393px) 100vw, 393px\" \/><figcaption id=\"caption-attachment-9758\" class=\"wp-caption-text\">Lionel Maumary . Dipl\u00f4me en biologie (\u00e9quivalent du Master actuel) en 1996. Derri\u00e8re l\u2019ornithologue, l\u2019\u00cele aux oiseaux de Pr\u00e9verenges.<br \/>\u00a9 Pierre-Antoine Grisoni\/Strates<\/figcaption><\/figure>\n<p>\u00abSi je randonne en montagne, ce n\u2019est pas pour le plaisir de marcher, mais pour trouver et photographier tel ou tel oiseau. Je ne suis pas un grand sportif!\u00bb s\u2019amuse Lionel Maumary. La vie de ce Lausannois est rythm\u00e9e par les battements d\u2019ailes du milan royal et des fauvettes. L\u2019ornithologue, jumelles autour du cou, nous accueille \u00e0 Pr\u00e9verenges au bord du L\u00e9man, en face de l\u2019\u00cele aux oiseaux, devenue presqu\u2019\u00eele artificielle, toute de sable et de roseaux, class\u00e9e r\u00e9serve naturelle. Elle sert d\u2019aire de repos aux migrateurs \u00e0 plumes, qui parcourent des milliers de kilom\u00e8tres entre l\u2019Afrique et les pays nordiques. Un projet que Lionel Maumary a men\u00e9 \u00e0 bien en 2002, avec ses comp\u00e8res Laurent Vallotton et Michel Baudraz et le soutien de la Conf\u00e9d\u00e9ration et des priv\u00e9s, en r\u00e9action au b\u00e9tonnage des bords du lac et au drainage de 95% des marais suisses, \u00abqui a entra\u00een\u00e9 la disparition de certains oiseaux, comme le courlis cendr\u00e9\u00bb.<\/p>\n<p>\u00abLa passion des oiseaux m\u2019a pris assez vite\u00bb, raconte le biologiste, qui pr\u00e9side le Cercle ornithologique de Lausanne depuis 1990 et qui \u00e9tudie pour le bureau Ecoscan, ainsi qu\u2019en ind\u00e9pendant, l\u2019impact de projets notamment \u00e9oliens sur l\u2019avifaune et les chauves-souris. Il est n\u00e9 en juin 1968 \u00e0 Bussigny. \u00abLe canari de ma m\u00e8re volait librement \u00e0 la maison. D\u00e8s qu\u2019elle m\u2019a pos\u00e9 dans le berceau, il est venu se percher au-dessus de moi. \u00c7a m\u2019a sans doute impr\u00e9gn\u00e9\u00bb, sourit l\u2019ornithologue, qui a pass\u00e9 son enfance entre Lausanne et les \u00c9tats-Unis avec ses parents, sa s\u0153ur et son fr\u00e8re. A six ans, il apprivoise un rouge-gorge. \u00abEnfant, je sauvais les larves de salamandres avant qu\u2019elles ne se fassent emporter par les crues et je capturais des tortues aquatiques et des poissons pour les photographier puis les rel\u00e2cher\u00bb, se rappelle cet autodidacte en photo animali\u00e8re.<\/p>\n<p>\u00abPour photographier la gent ail\u00e9e, il faut surtout conna\u00eetre la b\u00eate et se faire oublier.\u00bb Le dipl\u00f4m\u00e9 en biologie \u00e0 l\u2019UNIL (en 1996) ne compte pas ses heures \u00e0 l\u2019aff\u00fbt pour trouver la perle rare. \u00abLe monde s\u2019acc\u00e9l\u00e8re mais moi, je passe mon temps \u00e0 observer les oiseaux, glisse-t-il. Ils ont tout pour eux: la gr\u00e2ce, la l\u00e9g\u00e8ret\u00e9, l\u2019endurance. Cette combinaison de fragilit\u00e9 et de force m\u2019impressionne. Regardez les lagop\u00e8des alpins, qui survivent \u00e0 -60 degr\u00e9s. \u00bb<\/p>\n<p>Lionel Maumary nous passe sa longue vue point\u00e9e sur la presqu\u2019\u00eele: un cormoran s\u00e8che ses ailes au soleil et un gr\u00e8be hupp\u00e9, \u00e0 la fi\u00e8re petite coiffe, glisse sur l\u2019eau. L\u2019expert tient \u00e0 transmettre sa passion, que ce soit par la cr\u00e9ation de la station de baguage d\u2019oiseaux au col de Jaman (Pr\u00e9alpes vaudoises) en 1991, via l\u2019ouvrage <em>Les Oiseaux de Suisse<\/em> paru en 2007, ou encore gr\u00e2ce \u00e0 ses chroniques dans la revue Nos Oiseaux. Il organise depuis plus de vingt ans des vir\u00e9es ornithologiques, les Birdline Tours (<a href=\"https:\/\/www.birdline.ch\/blt\">birdline.ch\/blt<\/a>): des excursions d\u2019un jour en Suisse et des voyages \u00e0 l\u2019\u00e9tranger, du delta du Danube \u00e0 l\u2019\u00eele de Sakhaline en Russie en passant par le S\u00e9n\u00e9gal. \u00abJ\u2019\u00e9tais en \u00c9thiopie en novembre. Je n\u2019en suis pas encore revenu\u00bb, confie le passionn\u00e9, qui y a observ\u00e9 477 esp\u00e8ces en deux semaines. En comparaison, il en a relev\u00e9 plus de 230 en tout sur l\u2019\u00eele. Dont un flamant rose solitaire et le premier pluvier fauve de Suisse.<\/p>\n<p>Lionel Maumary est en train de plancher sur la conception de nouveaux biotopes pr\u00e8s de l\u2019\u00eele, comme un nouvel \u00e9tang, ainsi que sur la cr\u00e9ation de la Maison de l\u2019\u00cele aux oiseaux, futur centre p\u00e9dagogique. La rel\u00e8ve ornithologique semble-t-elle assur\u00e9e? \u00abParfois, des mamans m\u2019am\u00e8nent leur enfant et me disent qu\u2019elles ne savent plus que faire de leur petit qui ne parle que d\u2019oiseaux\u00bb, sourit-il. \/ No\u00e9mie Matos<\/p>\n<p>La communaut\u00e9 des alumni de l\u2019UNIL en ligne: <a href=\"https:\/\/www.unil.ch\/alumnil\">unil.ch\/alumnil<\/a><\/p>\n","protected":false},"excerpt":{"rendered":"<p>\u00abSi je randonne en montagne, ce n\u2019est pas pour le plaisir de marcher, mais pour trouver et photographier tel ou tel oiseau. Je ne suis pas un grand sportif!\u00bb s\u2019amuse &hellip; <\/p>\n","protected":false},"author":825,"featured_media":9759,"comment_status":"open","ping_status":"open","sticky":false,"template":"","format":"standard","meta":{"_seopress_robots_primary_cat":"","_seopress_titles_title":"","_seopress_titles_desc":"","_seopress_robots_index":"","footnotes":""},"categories":[42207,39524,718,42182],"tags":[42179],"class_list":{"0":"post-9672","1":"post","2":"type-post","3":"status-publish","4":"format-standard","5":"has-post-thumbnail","7":"category-alumni","8":"category-chronique","9":"category-nature","10":"category-no-72","11":"tag-noemie-matos"},"_links":{"self":[{"href":"https:\/\/wp.unil.ch\/allezsavoir\/wp-json\/wp\/v2\/posts\/9672","targetHints":{"allow":["GET"]}}],"collection":[{"href":"https:\/\/wp.unil.ch\/allezsavoir\/wp-json\/wp\/v2\/posts"}],"about":[{"href":"https:\/\/wp.unil.ch\/allezsavoir\/wp-json\/wp\/v2\/types\/post"}],"author":[{"embeddable":true,"href":"https:\/\/wp.unil.ch\/allezsavoir\/wp-json\/wp\/v2\/users\/825"}],"replies":[{"embeddable":true,"href":"https:\/\/wp.unil.ch\/allezsavoir\/wp-json\/wp\/v2\/comments?post=9672"}],"version-history":[{"count":0,"href":"https:\/\/wp.unil.ch\/allezsavoir\/wp-json\/wp\/v2\/posts\/9672\/revisions"}],"wp:featuredmedia":[{"embeddable":true,"href":"https:\/\/wp.unil.ch\/allezsavoir\/wp-json\/wp\/v2\/media\/9759"}],"wp:attachment":[{"href":"https:\/\/wp.unil.ch\/allezsavoir\/wp-json\/wp\/v2\/media?parent=9672"}],"wp:term":[{"taxonomy":"category","embeddable":true,"href":"https:\/\/wp.unil.ch\/allezsavoir\/wp-json\/wp\/v2\/categories?post=9672"},{"taxonomy":"post_tag","embeddable":true,"href":"https:\/\/wp.unil.ch\/allezsavoir\/wp-json\/wp\/v2\/tags?post=9672"}],"curies":[{"name":"wp","href":"https:\/\/api.w.org\/{rel}","templated":true}]}}