{"id":9395,"date":"2019-01-31T08:21:43","date_gmt":"2019-01-31T06:21:43","guid":{"rendered":"http:\/\/wp.unil.ch\/allezsavoir\/?p=9395"},"modified":"2023-09-21T11:16:45","modified_gmt":"2023-09-21T09:16:45","slug":"au-dela-de-la-caricature","status":"publish","type":"post","link":"https:\/\/wp.unil.ch\/allezsavoir\/au-dela-de-la-caricature\/","title":{"rendered":"Au-del\u00e0 de la caricature"},"content":{"rendered":"<figure id=\"attachment_9522\" aria-describedby=\"caption-attachment-9522\" style=\"width: 393px\" class=\"wp-caption alignnone\"><img alt=\"\" loading=\"lazy\" decoding=\"async\" class=\"size-full wp-image-9522\" src=\"https:\/\/wp.unil.ch\/allezsavoir\/files\/2019\/01\/provenzano_1_72.jpg\" alt=\"\" width=\"393\" height=\"590\" srcset=\"https:\/\/wp.unil.ch\/allezsavoir\/files\/2019\/01\/provenzano_1_72.jpg 393w, https:\/\/wp.unil.ch\/allezsavoir\/files\/2019\/01\/provenzano_1_72-173x260.jpg 173w\" sizes=\"auto, (max-width: 393px) 100vw, 393px\" \/><figcaption id=\"caption-attachment-9522\" class=\"wp-caption-text\">Yoann Provenzano. Bachelor en Lettres (2017). L\u2019humoriste prend la pose devant le b\u00e2timent Amphimax. \u00a9 Pierre-Antoine Grisoni\/Strates<\/figcaption><\/figure>\n<p>\u00abJe revendique la l\u00e9g\u00e8ret\u00e9. Il ne faut pas avoir fait 30 ans d\u2019\u00e9tudes pour comprendre ce que je fais. C\u2019est voulu. Je veux provoquer le rire juste pour le rire.\u00bb L\u2019humoriste Yoann Provenzano, 27 ans, c\u2019est ce gars tout simple, \u00e0 l\u2019aise dans ses baskets blanches, casquette viss\u00e9e sur la t\u00eate. Une v\u00e9ritable \u00abmitraillette burlesque\u00bb, comme l\u2019avertit sa description Instagram (<a href=\"https:\/\/www.instagram.com\/mydudeness\/\" target=\"_blank\" rel=\"noopener noreferrer\">@mydudeness<\/a>). Il est connu pour ses imitations de personnages, diffus\u00e9es en vid\u00e9os sur les r\u00e9seaux sociaux: MC Terkuit, l\u2019Albanais qui fait du tuning auto, Andr\u00e9 Delacrottaz, le plouc \u00e0 casquette PMU et accent plus que vaudois, ou encore la racaille sentimentale en surv\u00eat\u2019. Il s\u00e9vit aussi sur les ondes de Couleur 3, en r\u00e9veillant les auditeurs dans la Matinale et en narrant, fa\u00e7on cocasse, des tranches de vie de jeune adulte lambda dans l\u2019\u00e9mission \u00ab Les bras cass\u00e9s \u00bb.<\/p>\n<p>Assis sous un soleil timide sur l\u2019un des bancs \u00e0 c\u00f4t\u00e9 de l\u2019Amphimax, l\u2019ancien \u00e9tudiant en Lettres \u00e0 l\u2019UNIL raconte: \u00ab\u00c0 l\u2019\u00e9cole, j\u2019\u00e9tais le rigolo que le prof aimait bien, fatigant \u00e0 la longue mais sympa, qui faisait bien attention \u00e0 ce que tout le monde entende ses gags.\u00bb Le passionn\u00e9 de foot a commenc\u00e9 \u00e0 se faire conna\u00eetre sur la Toile, avec ses vid\u00e9os d\u2019imitations, r\u00e9alis\u00e9es pendant une ann\u00e9e sabbatique en 2013 apr\u00e8s le gymnase. Il n\u2019a jamais suivi de cours de th\u00e9\u00e2tre. Le gamin de Villeneuve s\u2019est nourri des accents qu\u2019il entendait dans le restaurant de son papa italien. \u00abJ\u2019ai grandi au milieu de cette Suisse multiculturelle, que j\u2019essaie de repr\u00e9senter dans mes vid\u00e9os\u00bb, explique Yoann Provenzano, qui vit maintenant \u00e0 Vevey.<\/p>\n<p>Le jeune homme entame en 2014 un bachelor en Lettres \u00e0 l\u2019UNIL, anglais et fran\u00e7ais, qu\u2019il termine en 2017. \u00abComme j\u2019\u00e9tais en Lettres, j\u2019avais du temps <em>(rires)<\/em>! Les cours de m\u00e9thodologie m\u2019ont appris \u00e0 \u201cbien travailler\u201c et \u00e0 \u00eatre organis\u00e9. J\u2019ai aussi pu affiner ma plume.\u00bb Il d\u00e9veloppe sa carri\u00e8re d\u2019humoriste pendant ses \u00e9tudes et se fait un nom en terres vaudoises puis romandes. Premier sketch au Montreux Comedy Festival en 2015, interventions sur Rouge FM, premier spectacle <em>Seul(s) dans ma t\u00eate<\/em> en 2016, participation \u00e0 l\u2019\u00e9mission <em>Mauvaise langue<\/em> de Thomas Wiesel, spots publicitaires&#8230; Les succ\u00e8s s\u2019encha\u00eenent.<\/p>\n<p>Si Yoann Provenzano n\u2019avait pas conquis le Web et les planches, il aurait fait prof. \u00abMon public n\u2019aurait pas pay\u00e9 et aurait \u00e9t\u00e9 oblig\u00e9 d\u2019\u00eatre l\u00e0 tous les matins\u00bb, rit-il avant d\u2019ajouter: \u00abJe trouve que l\u2019humour a une incroyable force p\u00e9dagogique. Comme le prof, l\u2019humoriste raconte les choses de la vie depuis une autre perspective.\u00bb<\/p>\n<p>Le th\u00e8me de perspective se retrouve dans le spectacle intitul\u00e9 <em>Vie<\/em> qu\u2019il est en train de pr\u00e9parer avec l\u2019aide d\u2019amis humoristes. Il le jouera sur les sc\u00e8nes romandes, et m\u00eame parisiennes, d\u00e8s septembre 2019. \u00abPendant une heure et demie, le public assistera \u00e0 une vie condens\u00e9e, avec ses \u00e9tapes-phares de l\u2019enfance \u00e0 la vieillesse en passant par l\u2019adolescence. Il n\u2019y aura aucun artifice, aucun d\u00e9guisement. Ce sera juste \u00e0 travers le regard que je vais porter sur les choses de la vie que je vieillirai sur sc\u00e8ne\u00bb, explique l\u2019humoriste, qui cherche \u00e0 se distancier de ses personnages caricaturaux et \u00e0 montrer qu\u2019il a une plume. \u00abJe ne veux pas rester catalogu\u00e9 comme le type qui imite bien l\u2019Albanais.\u00bb<\/p>\n<p>Yoann Provenzano lorgne du c\u00f4t\u00e9 de Montr\u00e9al. \u00abLes mecs l\u00e0-bas sont forts en <em>stand-up<\/em>. Si un jour j\u2019arrive \u00e0 me faire une place aupr\u00e8s de ces humoristes&#8230; Ce serait une victoire ph\u00e9-no-m\u00e9-nale!\u00bb, s\u2019exclame le Veveysan. Sinon, il \u00e9voque la possibilit\u00e9 de revenir sur les bancs de l\u2019UNIL pour un Master en Lettres&#8230; dans un futur plus lointain que proche.<\/p>\n","protected":false},"excerpt":{"rendered":"<p>\u00abJe revendique la l\u00e9g\u00e8ret\u00e9. Il ne faut pas avoir fait 30 ans d\u2019\u00e9tudes pour comprendre ce que je fais. C\u2019est voulu. Je veux provoquer le rire juste pour le rire.\u00bb &hellip; <\/p>\n","protected":false},"author":825,"featured_media":9523,"comment_status":"open","ping_status":"open","sticky":false,"template":"","format":"standard","meta":{"_seopress_robots_primary_cat":"","_seopress_titles_title":"","_seopress_titles_desc":"","_seopress_robots_index":"","footnotes":""},"categories":[42207,39524,42178],"tags":[42179],"class_list":{"0":"post-9395","1":"post","2":"type-post","3":"status-publish","4":"format-standard","5":"has-post-thumbnail","7":"category-alumni","8":"category-chronique","9":"category-no-71","10":"tag-noemie-matos"},"_links":{"self":[{"href":"https:\/\/wp.unil.ch\/allezsavoir\/wp-json\/wp\/v2\/posts\/9395","targetHints":{"allow":["GET"]}}],"collection":[{"href":"https:\/\/wp.unil.ch\/allezsavoir\/wp-json\/wp\/v2\/posts"}],"about":[{"href":"https:\/\/wp.unil.ch\/allezsavoir\/wp-json\/wp\/v2\/types\/post"}],"author":[{"embeddable":true,"href":"https:\/\/wp.unil.ch\/allezsavoir\/wp-json\/wp\/v2\/users\/825"}],"replies":[{"embeddable":true,"href":"https:\/\/wp.unil.ch\/allezsavoir\/wp-json\/wp\/v2\/comments?post=9395"}],"version-history":[{"count":0,"href":"https:\/\/wp.unil.ch\/allezsavoir\/wp-json\/wp\/v2\/posts\/9395\/revisions"}],"wp:featuredmedia":[{"embeddable":true,"href":"https:\/\/wp.unil.ch\/allezsavoir\/wp-json\/wp\/v2\/media\/9523"}],"wp:attachment":[{"href":"https:\/\/wp.unil.ch\/allezsavoir\/wp-json\/wp\/v2\/media?parent=9395"}],"wp:term":[{"taxonomy":"category","embeddable":true,"href":"https:\/\/wp.unil.ch\/allezsavoir\/wp-json\/wp\/v2\/categories?post=9395"},{"taxonomy":"post_tag","embeddable":true,"href":"https:\/\/wp.unil.ch\/allezsavoir\/wp-json\/wp\/v2\/tags?post=9395"}],"curies":[{"name":"wp","href":"https:\/\/api.w.org\/{rel}","templated":true}]}}