{"id":9365,"date":"2019-01-31T08:27:31","date_gmt":"2019-01-31T06:27:31","guid":{"rendered":"http:\/\/wp.unil.ch\/allezsavoir\/?p=9365"},"modified":"2019-02-04T09:55:38","modified_gmt":"2019-02-04T07:55:38","slug":"la-mort-reprend-vie","status":"publish","type":"post","link":"https:\/\/wp.unil.ch\/allezsavoir\/la-mort-reprend-vie\/","title":{"rendered":"La mort reprend vie"},"content":{"rendered":"<div id='gallery-1' class='gallery galleryid-9365 gallery-columns-2 gallery-size-thumbnail'><figure class='gallery-item'>\n\t\t\t<div class='gallery-icon landscape'>\n\t\t\t\t<a href='https:\/\/wp.unil.ch\/allezsavoir\/files\/2019\/01\/Reiss_72_Crane-fore\u0302t.jpg'><img loading=\"lazy\" decoding=\"async\" width=\"250\" height=\"250\" src=\"https:\/\/wp.unil.ch\/allezsavoir\/files\/2019\/01\/Reiss_72_Crane-fore\u0302t-250x250.jpg\" class=\"attachment-thumbnail size-thumbnail\" alt=\"\" aria-describedby=\"gallery-1-9527\" srcset=\"https:\/\/wp.unil.ch\/allezsavoir\/files\/2019\/01\/Reiss_72_Crane-fore\u0302t-250x250.jpg 250w, https:\/\/wp.unil.ch\/allezsavoir\/files\/2019\/01\/Reiss_72_Crane-fore\u0302t-150x150.jpg 150w\" sizes=\"auto, (max-width: 250px) 100vw, 250px\" \/><\/a>\n\t\t\t<\/div>\n\t\t\t\t<figcaption class='wp-caption-text gallery-caption' id='gallery-1-9527'>\n\t\t\t\tD\u00e9couverte macabre en for\u00eat au cours de l\u2019\u00e9t\u00e9 1909. \u00a9 UNIL\n\t\t\t\t<\/figcaption><\/figure><figure class='gallery-item'>\n\t\t\t<div class='gallery-icon portrait'>\n\t\t\t\t<a href='https:\/\/wp.unil.ch\/allezsavoir\/files\/2019\/01\/Reiss_72_Empreintes-pas.jpg'><img loading=\"lazy\" decoding=\"async\" width=\"250\" height=\"250\" src=\"https:\/\/wp.unil.ch\/allezsavoir\/files\/2019\/01\/Reiss_72_Empreintes-pas-250x250.jpg\" class=\"attachment-thumbnail size-thumbnail\" alt=\"\" aria-describedby=\"gallery-1-9528\" srcset=\"https:\/\/wp.unil.ch\/allezsavoir\/files\/2019\/01\/Reiss_72_Empreintes-pas-250x250.jpg 250w, https:\/\/wp.unil.ch\/allezsavoir\/files\/2019\/01\/Reiss_72_Empreintes-pas-150x150.jpg 150w\" sizes=\"auto, (max-width: 250px) 100vw, 250px\" \/><\/a>\n\t\t\t<\/div>\n\t\t\t\t<figcaption class='wp-caption-text gallery-caption' id='gallery-1-9528'>\n\t\t\t\tPhotographie d\u2019une semelle de chaussure et de son moulage. 8 septembre 1908. \u00a9 UNIL\n\t\t\t\t<\/figcaption><\/figure><figure class='gallery-item'>\n\t\t\t<div class='gallery-icon landscape'>\n\t\t\t\t<a href='https:\/\/wp.unil.ch\/allezsavoir\/files\/2019\/01\/Reiss_72_Accident-Lavaux.jpg'><img loading=\"lazy\" decoding=\"async\" width=\"250\" height=\"250\" src=\"https:\/\/wp.unil.ch\/allezsavoir\/files\/2019\/01\/Reiss_72_Accident-Lavaux-250x250.jpg\" class=\"attachment-thumbnail size-thumbnail\" alt=\"\" aria-describedby=\"gallery-1-9524\" srcset=\"https:\/\/wp.unil.ch\/allezsavoir\/files\/2019\/01\/Reiss_72_Accident-Lavaux-250x250.jpg 250w, https:\/\/wp.unil.ch\/allezsavoir\/files\/2019\/01\/Reiss_72_Accident-Lavaux-150x150.jpg 150w\" sizes=\"auto, (max-width: 250px) 100vw, 250px\" \/><\/a>\n\t\t\t<\/div>\n\t\t\t\t<figcaption class='wp-caption-text gallery-caption' id='gallery-1-9524'>\n\t\t\t\tEnqu\u00eate en cours le 15 mai 1913 apr\u00e8s un accident entre une voiture et une moto sur la route de Lavaux. \u00a9 UNIL\n\t\t\t\t<\/figcaption><\/figure><figure class='gallery-item'>\n\t\t\t<div class='gallery-icon landscape'>\n\t\t\t\t<a href='https:\/\/wp.unil.ch\/allezsavoir\/files\/2019\/01\/Reiss_72_Accident-Valentin.jpg'><img loading=\"lazy\" decoding=\"async\" width=\"250\" height=\"250\" src=\"https:\/\/wp.unil.ch\/allezsavoir\/files\/2019\/01\/Reiss_72_Accident-Valentin-250x250.jpg\" class=\"attachment-thumbnail size-thumbnail\" alt=\"\" aria-describedby=\"gallery-1-9525\" srcset=\"https:\/\/wp.unil.ch\/allezsavoir\/files\/2019\/01\/Reiss_72_Accident-Valentin-250x250.jpg 250w, https:\/\/wp.unil.ch\/allezsavoir\/files\/2019\/01\/Reiss_72_Accident-Valentin-150x150.jpg 150w\" sizes=\"auto, (max-width: 250px) 100vw, 250px\" \/><\/a>\n\t\t\t<\/div>\n\t\t\t\t<figcaption class='wp-caption-text gallery-caption' id='gallery-1-9525'>\n\t\t\t\tRodolphe Archibald Reiss et son \u00e9quipe photographiaient les sc\u00e8nes de crimes, ou d\u2019accidents, pour les besoins des enqu\u00eates. Comme ici, \u00e0 la rue du Valentin, \u00e0 Lausanne, le 29 octobre 2013. \u00a9 UNIL\n\t\t\t\t<\/figcaption><\/figure><figure class='gallery-item'>\n\t\t\t<div class='gallery-icon landscape'>\n\t\t\t\t<a href='https:\/\/wp.unil.ch\/allezsavoir\/files\/2019\/01\/Reiss_72_Attirail-cambrioleur.jpg'><img loading=\"lazy\" decoding=\"async\" width=\"250\" height=\"250\" src=\"https:\/\/wp.unil.ch\/allezsavoir\/files\/2019\/01\/Reiss_72_Attirail-cambrioleur-250x250.jpg\" class=\"attachment-thumbnail size-thumbnail\" alt=\"\" aria-describedby=\"gallery-1-9526\" srcset=\"https:\/\/wp.unil.ch\/allezsavoir\/files\/2019\/01\/Reiss_72_Attirail-cambrioleur-250x250.jpg 250w, https:\/\/wp.unil.ch\/allezsavoir\/files\/2019\/01\/Reiss_72_Attirail-cambrioleur-150x150.jpg 150w\" sizes=\"auto, (max-width: 250px) 100vw, 250px\" \/><\/a>\n\t\t\t<\/div>\n\t\t\t\t<figcaption class='wp-caption-text gallery-caption' id='gallery-1-9526'>\n\t\t\t\tParmi les clich\u00e9s num\u00e9ris\u00e9s par le Services des ressources informationnelles et archives de l\u2019UNIL, on trouve aussi des objets. Comme le parfait petit attirail utilis\u00e9 par des cambrioleurs. L\u2019image fut prise en d\u00e9cembre 1906. \u00a9 UNIL\n\t\t\t\t<\/figcaption><\/figure><figure class='gallery-item'>\n\t\t\t<div class='gallery-icon landscape'>\n\t\t\t\t<a href='https:\/\/wp.unil.ch\/allezsavoir\/files\/2019\/01\/Reiss_72_Paysage.jpg'><img loading=\"lazy\" decoding=\"async\" width=\"250\" height=\"250\" src=\"https:\/\/wp.unil.ch\/allezsavoir\/files\/2019\/01\/Reiss_72_Paysage-250x250.jpg\" class=\"attachment-thumbnail size-thumbnail\" alt=\"\" aria-describedby=\"gallery-1-9529\" srcset=\"https:\/\/wp.unil.ch\/allezsavoir\/files\/2019\/01\/Reiss_72_Paysage-250x250.jpg 250w, https:\/\/wp.unil.ch\/allezsavoir\/files\/2019\/01\/Reiss_72_Paysage-150x150.jpg 150w\" sizes=\"auto, (max-width: 250px) 100vw, 250px\" \/><\/a>\n\t\t\t<\/div>\n\t\t\t\t<figcaption class='wp-caption-text gallery-caption' id='gallery-1-9529'>\n\t\t\t\tPlusieurs entr\u00e9es au corpus de Rodolphe Archibald Reiss. Ici un exemple de paysage. \u00a9 UNIL\n\t\t\t\t<\/figcaption><\/figure><figure class='gallery-item'>\n\t\t\t<div class='gallery-icon portrait'>\n\t\t\t\t<a href='https:\/\/wp.unil.ch\/allezsavoir\/files\/2019\/01\/Reiss_72_St-franc\u0327ois.jpg'><img loading=\"lazy\" decoding=\"async\" width=\"250\" height=\"250\" src=\"https:\/\/wp.unil.ch\/allezsavoir\/files\/2019\/01\/Reiss_72_St-franc\u0327ois-250x250.jpg\" class=\"attachment-thumbnail size-thumbnail\" alt=\"\" aria-describedby=\"gallery-1-9530\" srcset=\"https:\/\/wp.unil.ch\/allezsavoir\/files\/2019\/01\/Reiss_72_St-franc\u0327ois-250x250.jpg 250w, https:\/\/wp.unil.ch\/allezsavoir\/files\/2019\/01\/Reiss_72_St-franc\u0327ois-150x150.jpg 150w\" sizes=\"auto, (max-width: 250px) 100vw, 250px\" \/><\/a>\n\t\t\t<\/div>\n\t\t\t\t<figcaption class='wp-caption-text gallery-caption' id='gallery-1-9530'>\n\t\t\t\tPlace Saint-Fran\u00e7ois le 23 septembre 1912. L\u2019image, une commande du D\u00e9partement de l\u2019instruction publique et des cultes, illustre le pass\u00e9 de la ville. Si le tram a disparu, on reconna\u00eet bien l\u2019\u00e9glise \u00e0 gauche, la cath\u00e9drale en arri\u00e8re-plan et le kiosque sur la droite. \u00a9 UNIL\n\t\t\t\t<\/figcaption><\/figure><figure class='gallery-item'>\n\t\t\t<div class='gallery-icon landscape'>\n\t\t\t\t<a href='https:\/\/wp.unil.ch\/allezsavoir\/files\/2019\/01\/Reiss_72_Villeneuve.jpg'><img loading=\"lazy\" decoding=\"async\" width=\"250\" height=\"250\" src=\"https:\/\/wp.unil.ch\/allezsavoir\/files\/2019\/01\/Reiss_72_Villeneuve-250x250.jpg\" class=\"attachment-thumbnail size-thumbnail\" alt=\"\" aria-describedby=\"gallery-1-9531\" srcset=\"https:\/\/wp.unil.ch\/allezsavoir\/files\/2019\/01\/Reiss_72_Villeneuve-250x250.jpg 250w, https:\/\/wp.unil.ch\/allezsavoir\/files\/2019\/01\/Reiss_72_Villeneuve-150x150.jpg 150w\" sizes=\"auto, (max-width: 250px) 100vw, 250px\" \/><\/a>\n\t\t\t<\/div>\n\t\t\t\t<figcaption class='wp-caption-text gallery-caption' id='gallery-1-9531'>\n\t\t\t\tTout semble calme \u00e0 Villeneuve le 19 septembre 1907. Si les enfants ont grandi depuis, la fontaine a elle aussi \u00e9t\u00e9 d\u00e9plac\u00e9e avec le temps. \u00a9 UNIL\n\t\t\t\t<\/figcaption><\/figure><figure class='gallery-item'>\n\t\t\t<div class='gallery-icon portrait'>\n\t\t\t\t<a href='https:\/\/wp.unil.ch\/allezsavoir\/files\/2019\/01\/Reiss_72_Visite-Eve\u0302que.jpg'><img loading=\"lazy\" decoding=\"async\" width=\"250\" height=\"250\" src=\"https:\/\/wp.unil.ch\/allezsavoir\/files\/2019\/01\/Reiss_72_Visite-Eve\u0302que-250x250.jpg\" class=\"attachment-thumbnail size-thumbnail\" alt=\"\" aria-describedby=\"gallery-1-9532\" srcset=\"https:\/\/wp.unil.ch\/allezsavoir\/files\/2019\/01\/Reiss_72_Visite-Eve\u0302que-250x250.jpg 250w, https:\/\/wp.unil.ch\/allezsavoir\/files\/2019\/01\/Reiss_72_Visite-Eve\u0302que-150x150.jpg 150w\" sizes=\"auto, (max-width: 250px) 100vw, 250px\" \/><\/a>\n\t\t\t<\/div>\n\t\t\t\t<figcaption class='wp-caption-text gallery-caption' id='gallery-1-9532'>\n\t\t\t\tLe fonds Reiss contient aussi des clich\u00e9s de sc\u00e8nes de rue ou d\u2019\u00e9v\u00e9nements importants. Telle que la visite de l\u2019Ev\u00eaque \u00e0 Lausanne le 12 f\u00e9vrier 1916. Selon toute vraisemblance, l\u2019image a \u00e9t\u00e9 prise par Marc Bischoff, successeur de Rodolphe Archibald Reiss. Cette photo est une commande du D\u00e9partement de l\u2019instruction publique et des cultes. \u00a9 UNIL\n\t\t\t\t<\/figcaption><\/figure>\n\t\t<\/div>\n\n<p>Class\u00e9s ou non, les archivistes de l\u2019UNIL rouvrent les vieux dossiers. Mais pas n\u2019importe lesquels. Depuis 2018, l\u2019\u00e9quipe d\u2019Uniris, le Service des ressources informationnelles et archives, s\u2019affaire \u00e0 un grand projet de sauvegarde, de num\u00e9risation et de valorisation de quelque 14?000 plaques photographiques. Toutes datent d\u2019une p\u00e9riode allant du d\u00e9but du XXe si\u00e8cle \u00e0 1929, ann\u00e9e de d\u00e9c\u00e8s de Rodolphe Archibald Reiss, criminologue, fondateur du premier Institut de police scientifique rattach\u00e9 \u00e0 une universit\u00e9. Celle de Lausanne en l\u2019occurrence.<\/p>\n<p>Les images montrent pour la plupart le travail de photographe du scientifique sur les sc\u00e8nes de crimes. Comme ici, en ao\u00fbt 1909, lorsque Reiss et son \u00e9quipe trouvent un cr\u00e2ne au beau milieu des bois. Le mat\u00e9riel sert \u00e0 documenter les lieux et plus g\u00e9n\u00e9ralement les cas. Pas seulement des crimes, des accidents par exemple. Les images sont compl\u00e9t\u00e9es par de nombreuses fiches, aussi dans le lot du Fonds Reiss, qui permettaient aux criminalistes de d\u00e9crire une affaire de fa\u00e7on globale. Au terme du projet, la collection, qui comprend \u00e9galement des clich\u00e9s de paysages, natures mortes, sc\u00e8nes de rue, sera disponible pour tous sur une base de donn\u00e9es en ligne. DT<\/p>\n<p>Photo \u00a9?UNIL<\/p>\n","protected":false},"excerpt":{"rendered":"<p>Class\u00e9s ou non, les archivistes de l\u2019UNIL rouvrent les vieux dossiers. Mais pas n\u2019importe lesquels. Depuis 2018, l\u2019\u00e9quipe d\u2019Uniris, le Service des ressources informationnelles et archives, s\u2019affaire \u00e0 un grand &hellip; <\/p>\n","protected":false},"author":825,"featured_media":9533,"comment_status":"open","ping_status":"open","sticky":false,"template":"","format":"standard","meta":{"_seopress_robots_primary_cat":"","_seopress_titles_title":"","_seopress_titles_desc":"","_seopress_robots_index":"","footnotes":""},"categories":[42178,11,42172],"tags":[42152],"class_list":{"0":"post-9365","1":"post","2":"type-post","3":"status-publish","4":"format-standard","5":"has-post-thumbnail","7":"category-no-71","8":"category-portfolio","9":"category-sciences-criminelles","10":"tag-david-trotta"},"_links":{"self":[{"href":"https:\/\/wp.unil.ch\/allezsavoir\/wp-json\/wp\/v2\/posts\/9365","targetHints":{"allow":["GET"]}}],"collection":[{"href":"https:\/\/wp.unil.ch\/allezsavoir\/wp-json\/wp\/v2\/posts"}],"about":[{"href":"https:\/\/wp.unil.ch\/allezsavoir\/wp-json\/wp\/v2\/types\/post"}],"author":[{"embeddable":true,"href":"https:\/\/wp.unil.ch\/allezsavoir\/wp-json\/wp\/v2\/users\/825"}],"replies":[{"embeddable":true,"href":"https:\/\/wp.unil.ch\/allezsavoir\/wp-json\/wp\/v2\/comments?post=9365"}],"version-history":[{"count":0,"href":"https:\/\/wp.unil.ch\/allezsavoir\/wp-json\/wp\/v2\/posts\/9365\/revisions"}],"wp:featuredmedia":[{"embeddable":true,"href":"https:\/\/wp.unil.ch\/allezsavoir\/wp-json\/wp\/v2\/media\/9533"}],"wp:attachment":[{"href":"https:\/\/wp.unil.ch\/allezsavoir\/wp-json\/wp\/v2\/media?parent=9365"}],"wp:term":[{"taxonomy":"category","embeddable":true,"href":"https:\/\/wp.unil.ch\/allezsavoir\/wp-json\/wp\/v2\/categories?post=9365"},{"taxonomy":"post_tag","embeddable":true,"href":"https:\/\/wp.unil.ch\/allezsavoir\/wp-json\/wp\/v2\/tags?post=9365"}],"curies":[{"name":"wp","href":"https:\/\/api.w.org\/{rel}","templated":true}]}}