{"id":9215,"date":"2018-10-04T08:27:35","date_gmt":"2018-10-04T06:27:35","guid":{"rendered":"http:\/\/wp.unil.ch\/allezsavoir\/?p=9215"},"modified":"2020-07-22T14:51:24","modified_gmt":"2020-07-22T12:51:24","slug":"dorigny-sur-mer","status":"publish","type":"post","link":"https:\/\/wp.unil.ch\/allezsavoir\/dorigny-sur-mer\/","title":{"rendered":"Dorigny-sur-mer"},"content":{"rendered":"<figure id=\"attachment_9135\" aria-describedby=\"caption-attachment-9135\" style=\"width: 590px\" class=\"wp-caption alignnone\"><img alt=\"\" loading=\"lazy\" decoding=\"async\" class=\"size-full wp-image-9135\" src=\"https:\/\/wp.unil.ch\/allezsavoir\/files\/2018\/09\/atlantique_triennale_70_1.jpg\" alt=\"\" width=\"590\" height=\"393\" srcset=\"https:\/\/wp.unil.ch\/allezsavoir\/files\/2018\/09\/atlantique_triennale_70_1.jpg 590w, https:\/\/wp.unil.ch\/allezsavoir\/files\/2018\/09\/atlantique_triennale_70_1-390x260.jpg 390w\" sizes=\"auto, (max-width: 590px) 100vw, 590px\" \/><figcaption id=\"caption-attachment-9135\" class=\"wp-caption-text\">Photo Fabrice Ducrest \u00a9 UNIL<\/figcaption><\/figure>\n<p>Un d\u00e9cor de th\u00e9\u00e2tre, des souvenirs de voyage, une fen\u00eatre sur l\u2019oc\u00e9an? <em>Atlantique<\/em> est un peu tout cela. Cette \u0153uvre monumentale a \u00e9t\u00e9 r\u00e9alis\u00e9e au printemps dernier par le Lausannois Victor Ausl\u00e4nder, laur\u00e9at de la seconde \u00e9dition de la Triennale UNIL: sculptures sur le campus.<\/p>\n<p>Une longue marche, qui l\u2019a men\u00e9 de Lisbonne \u00e0 Roscoff, en Bretagne, a nourri son imagination. Ainsi, ses carreaux de fa\u00efence d\u00e9cor\u00e9s renvoient aux azulejos portugais. Les motifs v\u00e9g\u00e9taux peints rappellent les for\u00eats travers\u00e9es en Espagne et en France.<\/p>\n<p>Visible jusqu\u2019en mai 2019, Atlantique se trouve entre l\u2019Anthropole et l\u2019Internef, \u00e0 quelques encablures de la Chamberonne et en face d\u2019un s\u00e9quoia.<\/p>\n","protected":false},"excerpt":{"rendered":"<p>Un d\u00e9cor de th\u00e9\u00e2tre, des souvenirs de voyage, une fen\u00eatre sur l\u2019oc\u00e9an? Atlantique est un peu tout cela. Cette \u0153uvre monumentale a \u00e9t\u00e9 r\u00e9alis\u00e9e au printemps dernier par le Lausannois &hellip; <\/p>\n","protected":false},"author":825,"featured_media":9161,"comment_status":"open","ping_status":"open","sticky":false,"template":"","format":"standard","meta":{"_seopress_robots_primary_cat":"","_seopress_titles_title":"","_seopress_titles_desc":"","_seopress_robots_index":"","footnotes":""},"categories":[13144,42161,42177],"tags":[39521],"class_list":{"0":"post-9215","1":"post","2":"type-post","3":"status-publish","4":"format-standard","5":"has-post-thumbnail","7":"category-art-et-litterature","8":"category-campus","9":"category-no-70","10":"tag-david-spring"},"_links":{"self":[{"href":"https:\/\/wp.unil.ch\/allezsavoir\/wp-json\/wp\/v2\/posts\/9215","targetHints":{"allow":["GET"]}}],"collection":[{"href":"https:\/\/wp.unil.ch\/allezsavoir\/wp-json\/wp\/v2\/posts"}],"about":[{"href":"https:\/\/wp.unil.ch\/allezsavoir\/wp-json\/wp\/v2\/types\/post"}],"author":[{"embeddable":true,"href":"https:\/\/wp.unil.ch\/allezsavoir\/wp-json\/wp\/v2\/users\/825"}],"replies":[{"embeddable":true,"href":"https:\/\/wp.unil.ch\/allezsavoir\/wp-json\/wp\/v2\/comments?post=9215"}],"version-history":[{"count":0,"href":"https:\/\/wp.unil.ch\/allezsavoir\/wp-json\/wp\/v2\/posts\/9215\/revisions"}],"wp:featuredmedia":[{"embeddable":true,"href":"https:\/\/wp.unil.ch\/allezsavoir\/wp-json\/wp\/v2\/media\/9161"}],"wp:attachment":[{"href":"https:\/\/wp.unil.ch\/allezsavoir\/wp-json\/wp\/v2\/media?parent=9215"}],"wp:term":[{"taxonomy":"category","embeddable":true,"href":"https:\/\/wp.unil.ch\/allezsavoir\/wp-json\/wp\/v2\/categories?post=9215"},{"taxonomy":"post_tag","embeddable":true,"href":"https:\/\/wp.unil.ch\/allezsavoir\/wp-json\/wp\/v2\/tags?post=9215"}],"curies":[{"name":"wp","href":"https:\/\/api.w.org\/{rel}","templated":true}]}}