{"id":8391,"date":"2017-09-20T08:04:23","date_gmt":"2017-09-20T06:04:23","guid":{"rendered":"http:\/\/wp.unil.ch\/allezsavoir\/?p=8391"},"modified":"2020-07-29T10:06:45","modified_gmt":"2020-07-29T08:06:45","slug":"que-fait-la-police","status":"publish","type":"post","link":"https:\/\/wp.unil.ch\/allezsavoir\/que-fait-la-police\/","title":{"rendered":"Que fait la police ?"},"content":{"rendered":"<p>Le sociologue David Pichonnaz s\u2019attaque au \u00abcapital policier\u00bb transmis par l\u2019Acad\u00e9mie de Police de Savatan. Au lieu de transformer les aspirants arriv\u00e9s pour certains (dont il analyse les profils d\u2019origine, apport de ce travail) avec des envies de r\u00e9tablir un ordre fantasm\u00e9, la formation en rajoute dans l\u2019action et le self-d\u00e9fense, alors que le terrain est davantage celui de la mis\u00e8re sociale que de la grande d\u00e9linquance. La formation adopte une teneur psychologique insuffisante selon lui. Les jeunes interrog\u00e9s ne remettent pas vraiment cet \u00e9quilibre en question. Normal. Ils sont proprement immerg\u00e9s dans la tristesse du r\u00e9el, les marges criantes qui font certes oublier d\u2019autres violences plus cach\u00e9es. Pichonnaz a raison d\u2019insister sur la n\u00e9cessit\u00e9 d\u2019en apprendre davantage \u00e0 ces jeunes. On doit en particulier lutter contre le racisme, mais comment \u00e9viter tous les aspects du \u00abprofilage racial\u00bb? N\u2019est-ce pas un biais anthropologique, une mani\u00e8re universelle d\u2019appr\u00e9hender l\u2019inconnu? La police doit se garder de tout d\u00e9rapage. Ajouter de l\u2019humain, oui, mais la meilleure des formations ne remplacera pas les nuances acquises au contact du r\u00e9el. Le policier est confront\u00e9 \u00e0 la part maudite de nos soci\u00e9t\u00e9s et le sait bien. Ne faut-il pas b\u00e2tir \u00e0 partir de ce savoir au lieu de le r\u00e9duire \u00e0 de pures repr\u00e9sentations? Nadine Richon<\/p>\n<p><img alt=\"\" loading=\"lazy\" decoding=\"async\" class=\"alignnone size-full wp-image-8288\" src=\"https:\/\/wp.unil.ch\/allezsavoir\/files\/2017\/09\/livre_police_67.jpg\" alt=\"\" width=\"100\" height=\"153\" \/><\/p>\n<p>Devenirs policiers. Par David Pichonnaz. Antipodes (2017), 244 p.<\/p>\n<h3>Chacun pour soi, tous dans\u00a0les bouchons<\/h3>\n<p>Cet ouvrage collectif, dirig\u00e9 par des chercheurs de l\u2019EPFL et de l\u2019UNIL, s\u2019attaque \u00e0 ce qui nous fait \u00abmonter les tours\u00bb: la mobilit\u00e9. Les auteurs ont chapitr\u00e9 leur ouvrage gr\u00e2ce \u00e0 des questions comme \u00abFaut-il construire plus de routes pour limiter les embouteillages?\u00bb (pas forc\u00e9ment, c\u2019est m\u00eame parfois pire apr\u00e8s) ou \u00abCombien une voiture partag\u00e9e remplace-t-elle de voitures priv\u00e9es?\u00bb (la r\u00e9ponse est 9).<\/p>\n<p>Les contributions, nourries \u00e0 la fois d\u2019exemples suisses et \u00e9trangers, ainsi que de la recherche, contredisent souvent l\u2019intuition. Ainsi, le p\u00e9age urbain de Stockholm a fait baisser le trafic. Certaines personnes ont chang\u00e9 de mode de transport, d\u2019autres leurs horaires. Mais en prime, de nombreux trajets dits \u00abde loisir\u00bb ont tout simplement disparu! La mobilit\u00e9 n\u2019est pas qu\u2019une affaire d\u2019ing\u00e9nieurs et de m\u00e9canique des fluides, mais touche aux comportements et donc aux sciences humaines. \/ DS<\/p>\n<p><img alt=\"\" loading=\"lazy\" decoding=\"async\" class=\"alignnone size-full wp-image-8286\" src=\"https:\/\/wp.unil.ch\/allezsavoir\/files\/2017\/09\/livre_mobilite_67.jpg\" alt=\"\" width=\"100\" height=\"147\" \/><\/p>\n<p>La mobilit\u00e9 en questions. Dir. par Michel Bierlaire, Vincent Kaufmann et Patrick R\u00e9rat. PPUR (2017), 209 p.<\/p>\n<h3>Coupable comme cochon!<\/h3>\n<p>L\u2019Histoire s\u2019\u00e9crit souvent au gr\u00e9 de petites histoires. Marquantes, cocasses, incongrues. Dans le domaine de la science aussi, les anecdotes se notent dans un coin de la t\u00eate, ou sur les bords d\u2019un calepin. Alumnus, Nicolas Quinche a d\u2019ailleurs choisi de compiler un lot d\u2019affaires de crimes. Une liste de celles qui ont marqu\u00e9 la police scientifique. Un livre qui permet de voguer \u00e7a et l\u00e0 entre chaque situation relev\u00e9e. Ces affaires apprennent par exemple au lecteur qu\u2019il fut un temps m\u00e9di\u00e9val au cours duquel les animaux \u00e9taient port\u00e9s devant les tribunaux. Les cochons par exemple, coupables de blessures sur nourrissons ou de meurtre, furent jug\u00e9s, emprisonn\u00e9es et m\u00eame pendus. De la place est accord\u00e9e pour vanter les m\u00e9rites de certaines pratiques, comme celle des chasseurs, qui ont mis au rang de l\u2019art l\u2019analyse et l\u2019expertise des traces. Et \u00e0 qui, selon l\u2019auteur, les criminalistes doivent beaucoup. Une multiplicit\u00e9 de cas qui se laisse simplement picorer. \/ DTR<\/p>\n<p><img alt=\"\" loading=\"lazy\" decoding=\"async\" class=\"alignnone size-full wp-image-8292\" src=\"https:\/\/wp.unil.ch\/allezsavoir\/files\/2017\/09\/livre_quinche_67.jpg\" alt=\"\" width=\"100\" height=\"156\" \/><\/p>\n<p>65 affaires criminelles qui ont marqu\u00e9 l\u2019histoire de la police scientifique. Nicolas Quinche. Favre (2017), 184 p.<\/p>\n","protected":false},"excerpt":{"rendered":"<p>Le sociologue David Pichonnaz s\u2019attaque au \u00abcapital policier\u00bb transmis par l\u2019Acad\u00e9mie de Police de Savatan. Au lieu de transformer les aspirants arriv\u00e9s pour certains (dont il analyse les profils d\u2019origine, &hellip; <\/p>\n","protected":false},"author":825,"featured_media":8289,"comment_status":"open","ping_status":"open","sticky":false,"template":"","format":"standard","meta":{"_seopress_robots_primary_cat":"","_seopress_titles_title":"","_seopress_titles_desc":"","_seopress_robots_index":"","footnotes":""},"categories":[4176,42167,35],"tags":[39521,42152,39532],"class_list":{"0":"post-8391","1":"post","2":"type-post","3":"status-publish","4":"format-standard","5":"has-post-thumbnail","7":"category-livres","8":"category-no-67","9":"category-societe","10":"tag-david-spring","11":"tag-david-trotta","12":"tag-nadine-richon"},"_links":{"self":[{"href":"https:\/\/wp.unil.ch\/allezsavoir\/wp-json\/wp\/v2\/posts\/8391","targetHints":{"allow":["GET"]}}],"collection":[{"href":"https:\/\/wp.unil.ch\/allezsavoir\/wp-json\/wp\/v2\/posts"}],"about":[{"href":"https:\/\/wp.unil.ch\/allezsavoir\/wp-json\/wp\/v2\/types\/post"}],"author":[{"embeddable":true,"href":"https:\/\/wp.unil.ch\/allezsavoir\/wp-json\/wp\/v2\/users\/825"}],"replies":[{"embeddable":true,"href":"https:\/\/wp.unil.ch\/allezsavoir\/wp-json\/wp\/v2\/comments?post=8391"}],"version-history":[{"count":0,"href":"https:\/\/wp.unil.ch\/allezsavoir\/wp-json\/wp\/v2\/posts\/8391\/revisions"}],"wp:featuredmedia":[{"embeddable":true,"href":"https:\/\/wp.unil.ch\/allezsavoir\/wp-json\/wp\/v2\/media\/8289"}],"wp:attachment":[{"href":"https:\/\/wp.unil.ch\/allezsavoir\/wp-json\/wp\/v2\/media?parent=8391"}],"wp:term":[{"taxonomy":"category","embeddable":true,"href":"https:\/\/wp.unil.ch\/allezsavoir\/wp-json\/wp\/v2\/categories?post=8391"},{"taxonomy":"post_tag","embeddable":true,"href":"https:\/\/wp.unil.ch\/allezsavoir\/wp-json\/wp\/v2\/tags?post=8391"}],"curies":[{"name":"wp","href":"https:\/\/api.w.org\/{rel}","templated":true}]}}