{"id":826,"date":"2007-09-10T22:24:57","date_gmt":"2007-09-10T20:24:57","guid":{"rendered":"http:\/\/wp.unil.ch\/allezsavoir\/?p=826"},"modified":"2010-10-26T16:47:45","modified_gmt":"2010-10-26T14:47:45","slug":"ce-vent-de-gog-qui-nous-vient-damerique","status":"publish","type":"post","link":"https:\/\/wp.unil.ch\/allezsavoir\/ce-vent-de-gog-qui-nous-vient-damerique\/","title":{"rendered":"Ce vent de Gog qui nous vient d\u2019Am\u00e9rique"},"content":{"rendered":"<p>Qui a entendu parler de Gog et de Magog? Rassurez- vous, cher lecteur ou ch\u00e8re lectrice, vous \u00eates une tr\u00e8s large majorit\u00e9 \u00e0 hausser les sourcils. Vous comprendrez d\u2019autant mieux la perplexit\u00e9 de Jacques Chirac qui a entendu, un jour de 2003, George W. Bush lui expliquer qu\u2019il fallait intervenir militairement en Irak, parce que Gog et Magog y \u00e9taient \u00e0 l\u2019oeuvre.<\/p>\n<p>Ne cherchez pas ces d\u00e9sax\u00e9s du mal parmi l\u2019\u00e9tat-major de Saddam Hussein. Ils n\u2019y ont jamais travaill\u00e9. Et pour cause: Gog et Magog sont les vedettes d\u2019une obscure proph\u00e9tie, que l\u2019on doit \u00e0 un certain Ez\u00e9chiel et qui figure dans l\u2019Ancien Testament. Quand il livre ses convictions les plus intimes sur la politique proche-orientale, George W. Bush ne pense donc pas au p\u00e9trole ou \u00e0 des bases susceptibles d\u2019accueillir ses GI. Il ne parle ni d\u2019\u00e9conomie ni de g\u00e9ostrat\u00e9gie. Il r\u00e9agit comme un croyant qui attend que se r\u00e9alise une proph\u00e9tie biblique&#8230;<\/p>\n<p>Si \u00abAllez savoir!\u00bb a choisi d\u2019\u00e9voquer ces ahurissantes confidences de W. \u00e0 Jacques Chirac dans ce num\u00e9ro, c\u2019est parce qu\u2019un chercheur de l\u2019UNIL s\u2019est trouv\u00e9 impliqu\u00e9 dans l\u2019affaire. Le professeur de th\u00e9ologie Thomas R\u00f6mer a ainsi \u00e9t\u00e9 appel\u00e9 par l\u2019Elys\u00e9e, qui cherchait \u00e0 \u00e9claircir les r\u00e9f\u00e9rences \u00e9sot\u00e9riques du pr\u00e9sident des Etats-Unis. Jacques Chirac ayant pris sa retraite, le chercheur lausannois peut s\u2019exprimer librement sur cet entretien, qui appartient d\u00e9sormais \u00e0 l\u2019histoire.<\/p>\n<p>Outre l\u2019int\u00e9r\u00eat qu\u2019il y a \u00e0 d\u00e9couvrir les coulisses de la politique internationale, cet extrait des \u00e9changes Bush-Chirac sur l\u2019Irak doit encore attirer notre attention sur les cons\u00e9quences probl\u00e9matiques de notre m\u00e9connaissance de plus en plus crasse en mati\u00e8re de culture chr\u00e9tienne.<\/p>\n<p>Car, comme Jacques Chirac, nombre d\u2019Europ\u00e9ens n\u2019auraient pas su que r\u00e9pondre \u00e0 la r\u00e9f\u00e9rence biblique invoqu\u00e9e par George W. Bush en 2003. Par inculture religieuse, mais aussi parce que nous sommes nombreux \u00e0 croire, en Suisse romande comme dans la France voisine, si fi\u00e8re de sa la\u00efcit\u00e9, que le religieux a \u00e9t\u00e9 d\u00e9finitivement chass\u00e9 de la conduite des affaires des Etats d\u00e9mocratiques avanc\u00e9s.<\/p>\n<p>Nous sommes aussi nombreux \u00e0 imaginer que ce sentiment est d\u00e9sormais confin\u00e9 \u00e0 la sph\u00e8re priv\u00e9e, o\u00f9 il peut s\u2019exprimer sans (trop) faire couler de sang. Un espoir qu\u2019il faudra relativiser tr\u00e8s vite, sous peine de ne plus rien comprendre \u00e0 la marche actuelle du monde.<\/p>\n<p>Le 11 septembre nous avait rappel\u00e9 que, dans le monde musulman, certains fanatiques sont pr\u00eats aux pires extr\u00e9mit\u00e9s pour remettre leur Dieu au pouvoir. Et les r\u00e9f\u00e9rences surr\u00e9alistes de George W. Bush (c\u2019est en page 34 de ce magazine) ach\u00e8veront de vous convaincre, si besoin en \u00e9tait, qu\u2019il existe aussi des chr\u00e9tiens qui travaillent \u00e0 remettre l\u2019Eglise au milieu du village plan\u00e9taire.<\/p>\n<p>Le hic, c\u2019est que la bonne r\u00e9ponse \u00e0 ces nouveaux fous de dieu passe par un retour aux textes religieux. Histoire de rappeler aux uns que le Coran interdit notamment d&rsquo;attaquer des non-combattants, les femmes et les enfants, et d\u2019expliquer aux autres que l\u2019Irak d\u2019hier et que l\u2019Iran demain ne sont pas cette Perse ennemie de Dieu dont parlait le proph\u00e8te Ez\u00e9chiel, quand il imaginait la fin des temps, il y a plus de 2000 ans.<\/p>\n<p>Davantage de paix dans le monde passe par cet effort d\u2019explication. Le probl\u00e8me, c\u2019est qu\u2019il faut une excellente connaissance des Ecritures pour y parvenir. Un domaine qui n\u2019est vraiment plus notre point fort. Et l\u00e0, ce ne sont ni Gog, ni Magog, qui nous contrediront.<\/p>\n<p style=\"text-align: right\">Jocelyn Rochat<\/p>\n","protected":false},"excerpt":{"rendered":"<p>Qui a entendu parler de Gog et de Magog? Rassurez- vous, cher lecteur ou ch\u00e8re lectrice, vous \u00eates une tr\u00e8s large majorit\u00e9 \u00e0 hausser les sourcils. Vous comprendrez d\u2019autant mieux &hellip; <\/p>\n","protected":false},"author":158,"featured_media":0,"comment_status":"open","ping_status":"open","sticky":false,"template":"","format":"standard","meta":{"_seopress_robots_primary_cat":"","_seopress_titles_title":"","_seopress_titles_desc":"","_seopress_robots_index":"","footnotes":""},"categories":[61,468],"tags":[43],"class_list":{"0":"post-826","1":"post","2":"type-post","3":"status-publish","4":"format-standard","6":"category-edito","7":"category-no-39","8":"tag-jocelyn-rochat"},"_links":{"self":[{"href":"https:\/\/wp.unil.ch\/allezsavoir\/wp-json\/wp\/v2\/posts\/826","targetHints":{"allow":["GET"]}}],"collection":[{"href":"https:\/\/wp.unil.ch\/allezsavoir\/wp-json\/wp\/v2\/posts"}],"about":[{"href":"https:\/\/wp.unil.ch\/allezsavoir\/wp-json\/wp\/v2\/types\/post"}],"author":[{"embeddable":true,"href":"https:\/\/wp.unil.ch\/allezsavoir\/wp-json\/wp\/v2\/users\/158"}],"replies":[{"embeddable":true,"href":"https:\/\/wp.unil.ch\/allezsavoir\/wp-json\/wp\/v2\/comments?post=826"}],"version-history":[{"count":0,"href":"https:\/\/wp.unil.ch\/allezsavoir\/wp-json\/wp\/v2\/posts\/826\/revisions"}],"wp:attachment":[{"href":"https:\/\/wp.unil.ch\/allezsavoir\/wp-json\/wp\/v2\/media?parent=826"}],"wp:term":[{"taxonomy":"category","embeddable":true,"href":"https:\/\/wp.unil.ch\/allezsavoir\/wp-json\/wp\/v2\/categories?post=826"},{"taxonomy":"post_tag","embeddable":true,"href":"https:\/\/wp.unil.ch\/allezsavoir\/wp-json\/wp\/v2\/tags?post=826"}],"curies":[{"name":"wp","href":"https:\/\/api.w.org\/{rel}","templated":true}]}}