{"id":6282,"date":"2015-01-21T08:02:58","date_gmt":"2015-01-21T06:02:58","guid":{"rendered":"http:\/\/wp.unil.ch\/allezsavoir\/?p=6282"},"modified":"2020-07-29T14:52:31","modified_gmt":"2020-07-29T12:52:31","slug":"la-vie-cubaine-du-photographe-luc-chessex","status":"publish","type":"post","link":"https:\/\/wp.unil.ch\/allezsavoir\/la-vie-cubaine-du-photographe-luc-chessex\/","title":{"rendered":"La vie cubaine du photographe Luc Chessex"},"content":{"rendered":"<p><em><img loading=\"lazy\" decoding=\"async\" class=\"alignnone size-full wp-image-6287\" src=\"https:\/\/wp.unil.ch\/allezsavoir\/files\/2015\/01\/dvd_cuba_chessex_59.jpg\" alt=\"dvd_cuba_chessex_59\" width=\"200\" height=\"269\" srcset=\"https:\/\/wp.unil.ch\/allezsavoir\/files\/2015\/01\/dvd_cuba_chessex_59.jpg 200w, https:\/\/wp.unil.ch\/allezsavoir\/files\/2015\/01\/dvd_cuba_chessex_59-193x260.jpg 193w\" sizes=\"auto, (max-width: 200px) 100vw, 200px\" \/><\/em><\/p>\n<p><em>Charg\u00e9 de cours \u00e0 l\u2019UNIL, Francis Mobio a r\u00e9alis\u00e9 un portrait du photographe Luc Chessex. Son film nous replonge dans le Cuba des ann\u00e9es 60.<\/em><\/p>\n<p>La r\u00e9volution cubaine est en marche, 1961, le photographe vaudois Luc Chessex quitte Lausanne pour La Havane. Pendant pr\u00e8s de quinze ans, il sera le t\u00e9moin privil\u00e9gi\u00e9 de l\u2019\u00e9volution politique et sociale de l\u2019\u00eele. En janvier 2013, il retourne \u00e0 Cuba pour le vernissage d&rsquo;une exposition de ses photos de l\u2019\u00e9poque, qu&rsquo;il a offertes \u00e0 un centre culturel de la capitale. Francis Mobio, charg\u00e9 de cours en Anthropologie visuelle \u00e0 l\u2019UNIL, l&rsquo;accompagne et r\u00e9alise, cam\u00e9ra au point, un portrait du photographe: <em>Mille trois cent vingt-cinq fois trente-six.<\/em><\/p>\n<p><strong>Mise en sc\u00e8ne minimaliste<\/strong><br \/>\nLes deux hommes font connaissance \u00e0 l\u2019Universit\u00e9 de Lausanne, \u00e0 l\u2019occasion de la projection d\u2019un autre documentaire de Francis Mobio. La suite, ils la construisent ensemble. <em>Mille trois cent vingt-cinq fois trente-six<\/em> ne correspond pas seulement au calcul qu\u2019il faut effectuer pour obtenir le nombre de photos que Luc Chessex a r\u00e9alis\u00e9es \u00e0 Cuba, \u00abc\u2019est \u00e9galement une v\u00e9ritable rencontre\u00bb entre deux hommes.<\/p>\n<p>Fruit d\u2019une d\u00e9marche mi-ethnographique, mi-documentaire ch\u00e8re au r\u00e9alisateur, le film n\u2019a pas pour vocation de briller par son aspect technique. La mise en sc\u00e8ne est minimaliste, ce qui ne fait que renforcer la relation qui unit Luc Chessex \u00e0 ses interlocuteurs. Francis Mobio utilise sa cam\u00e9ra comme un outil permettant d\u2019aller \u00e0 la rencontre du photographe, \u00abne cherchant pas \u00e0 faire un film sur lui, mais plut\u00f4t avec lui, en respectant sa relation \u00e0 Cuba\u00bb. Luc Chessex nous replonge dans sa vie des ann\u00e9es 60. On y croise certains de ses amis, comme le photographe Enrique de la Uz qui, presque miraculeusement, a retrouv\u00e9 sur les \u00e9tals d\u2019un march\u00e9 l\u2019appareil photo utilis\u00e9 par Luc Chessex dans les ann\u00e9es 60. Un mod\u00e8le Alpa qu\u2019il red\u00e9couvre non sans \u00e9motion, pr\u00e8s de quarante ans apr\u00e8s son d\u00e9part de l\u2019\u00eele. Des anecdotes avec Castro et des photos, oubli\u00e9es dans un tiroir pendant des d\u00e9cennies, refont surface.<\/p>\n<p>Le film regorge de conjonctions \u00e9tonnantes puisque le Vaudois y retrouve, par hasard, ses comp\u00e8res de l\u2019\u00e9poque: Claude Champion et Jacques Pilet. Les trois acolytes \u00e9voquent un documentaire r\u00e9alis\u00e9 ensemble en 1980. Les deux films, <em>Mille trois cent vingt-cinq fois trente-six<\/em> et <em>Quand il n&rsquo;y a plus d&rsquo;Eldorado<\/em>, sont aujourd\u2019hui r\u00e9unis dans un coffret DVD: <em>Por los caminos del mundo<\/em>. \/ MA<\/p>\n<p><img loading=\"lazy\" decoding=\"async\" class=\"alignnone size-full wp-image-6129\" src=\"https:\/\/wp.unil.ch\/allezsavoir\/files\/2015\/01\/livre_dafflon_59.jpg\" alt=\"livre_dafflon_59\" width=\"200\" height=\"280\" srcset=\"https:\/\/wp.unil.ch\/allezsavoir\/files\/2015\/01\/livre_dafflon_59.jpg 200w, https:\/\/wp.unil.ch\/allezsavoir\/files\/2015\/01\/livre_dafflon_59-186x260.jpg 186w\" sizes=\"auto, (max-width: 200px) 100vw, 200px\" \/><\/p>\n<p>Issu d\u2019un m\u00e9moire de master, le livre d\u2019Alexandre Dafflon nous plonge dans un monde peu \u00e9tudi\u00e9, celui des jeunesses campagnardes. Cet assistant dipl\u00f4m\u00e9 \u00e0 la Facult\u00e9 des sciences sociales et politiques s\u2019est immerg\u00e9 depuis plusieurs ann\u00e9es dans un milieu dont les fonctionnements \u00e9chappent aux citadins. L\u2019ouvrage est travers\u00e9 par les parcours de vie de quatre membres de ces soci\u00e9t\u00e9s, aux profils tr\u00e8s diff\u00e9rents. Sans jugement de valeur, ni rien cacher de la question de l\u2019alcool, le texte balaie un grand nombre d\u2019id\u00e9es re\u00e7ues. \/ DS<br \/>\nIl faut bien que jeunesse se fasse! Ethnographie d&rsquo;une soci\u00e9t\u00e9 de jeunesse campagnarde. Par Alexandre Dafflon. L\u2019Harmattan (2014), 258 p.<\/p>\n<p><img loading=\"lazy\" decoding=\"async\" class=\"alignnone size-full wp-image-6131\" src=\"https:\/\/wp.unil.ch\/allezsavoir\/files\/2015\/01\/livre_bourg_59.jpg\" alt=\"livre_bourg_59\" width=\"200\" height=\"263\" srcset=\"https:\/\/wp.unil.ch\/allezsavoir\/files\/2015\/01\/livre_bourg_59.jpg 200w, https:\/\/wp.unil.ch\/allezsavoir\/files\/2015\/01\/livre_bourg_59-198x260.jpg 198w\" sizes=\"auto, (max-width: 200px) 100vw, 200px\" \/><\/p>\n<p>L\u2019ouvrage de Dominique Bourg, professeur \u00e0 la Facult\u00e9 des g\u00e9osciences et de l\u2019environnement, s\u2019inscrit dans l\u2019actualit\u00e9 des luttes, souvent violentes, qui se jouent en France autour du militantisme \u00e9cologique. D\u2019o\u00f9 vient-il? Quels courants de pens\u00e9es le sous-tendent? Qu\u2019est-ce que l\u2019\u00e9cologie politique? Du combat contre la pollution ou le nucl\u00e9aire \u00e0 l\u2019opposition aux gaz et huiles de schiste ou aux OGM, l\u2019ouvrage couvre une longue histoire. Il est enrichi d\u2019incroyables documents, affiches, tracts et dessins, dont certains datent du XIXe si\u00e8cle. \/ DS<br \/>\nQuand l\u2019\u00e9cologie politique s\u2019affiche.\u00a040 ans de militantisme graphique.\u00a0Par Dominique Bourg. Plume de carotte (2014), 137 p.<\/p>\n<p><img loading=\"lazy\" decoding=\"async\" class=\"alignnone size-full wp-image-6123\" src=\"https:\/\/wp.unil.ch\/allezsavoir\/files\/2015\/01\/livre_romainmotier_59.jpg\" alt=\"livre_romainmotier_59\" width=\"200\" height=\"279\" srcset=\"https:\/\/wp.unil.ch\/allezsavoir\/files\/2015\/01\/livre_romainmotier_59.jpg 200w, https:\/\/wp.unil.ch\/allezsavoir\/files\/2015\/01\/livre_romainmotier_59-186x260.jpg 186w\" sizes=\"auto, (max-width: 200px) 100vw, 200px\" \/><\/p>\n<p>Tr\u00e8s bien illustr\u00e9, cet ouvrage collectif narre de mani\u00e8re d\u00e9taill\u00e9e l\u2019histoire de l\u2019\u00e9glise de Romainm\u00f4tier. Il traite aussi bien de la sculpture monumentale que des d\u00e9cors peints. Outre la pr\u00e9sentation des r\u00e9sultats des recherches arch\u00e9ologiques, ce livre retrace en particulier les restaurations qui ont eu lieu tout au long du XXe si\u00e8cle, et des nombreuses questions que ces interventions successives posent aux sp\u00e9cialistes, surtout lorsque l\u2019on parle d\u2019un b\u00e2timent aussi admir\u00e9 et aim\u00e9. \/ DS<br \/>\nRomainm\u00f4tier restaur\u00e9e \u2013 1991-2001.\u00a0Par Brigitte Pradervand, Nicolas Sch\u00e4tti (dir.).\u00a0Cahiers d\u2019arch\u00e9ologie romande 145 (2014), 221 p.<\/p>\n<p><img loading=\"lazy\" decoding=\"async\" class=\"alignnone size-full wp-image-6128\" src=\"https:\/\/wp.unil.ch\/allezsavoir\/files\/2015\/01\/livre_experts_59.jpg\" alt=\"livre_experts_59\" width=\"200\" height=\"282\" srcset=\"https:\/\/wp.unil.ch\/allezsavoir\/files\/2015\/01\/livre_experts_59.jpg 200w, https:\/\/wp.unil.ch\/allezsavoir\/files\/2015\/01\/livre_experts_59-184x260.jpg 184w\" sizes=\"auto, (max-width: 200px) 100vw, 200px\" \/><\/p>\n<p>Le pionnier Rodolphe Archibald Reiss, fondateur de l\u2019Institut de police scientifique de l\u2019Universit\u00e9 de Lausanne en 1909, constitue le fil rouge de cet ouvrage au graphisme soign\u00e9. Son travail sur plusieurs crimes et attentats commis dans le canton de Vaud au d\u00e9but du XXe si\u00e8cle est d\u00e9taill\u00e9, documents, expertises et photographies \u00e0 l\u2019appui. Sp\u00e9cialiste du domaine, l\u2019historien Nicolas Quinche retrace ainsi la naissance de la police scientifique, et plus largement celle de l\u2019identification par les traces.Une lecture passionnante. \/ DS<br \/>\nExperts du crime sur les bords du L\u00e9man.\u00a0Par Nicolas Quinche.\u00a0Nouvelles Editions (2014), 349 p.<\/p>\n<p><img loading=\"lazy\" decoding=\"async\" class=\"alignnone size-full wp-image-6127\" src=\"https:\/\/wp.unil.ch\/allezsavoir\/files\/2015\/01\/livre_expo_59.jpg\" alt=\"livre_expo_59\" width=\"200\" height=\"313\" srcset=\"https:\/\/wp.unil.ch\/allezsavoir\/files\/2015\/01\/livre_expo_59.jpg 200w, https:\/\/wp.unil.ch\/allezsavoir\/files\/2015\/01\/livre_expo_59-166x260.jpg 166w\" sizes=\"auto, (max-width: 200px) 100vw, 200px\" \/><\/p>\n<p>L\u2019Expo 64 fait l\u2019objet d\u2019un ouvrage collectif, auxquels participent de nombreux chercheurs de l\u2019UNIL. N\u00e9 d\u2019un colloque, mais tr\u00e8s accessible, le texte couvre l\u2019ensemble d\u2019un \u00abchamp de tensions\u00bb qui n\u2019a de loin pas \u00e9t\u00e9 exempt de controverses: du pavillon h\u00e9riss\u00e9 de pointes install\u00e9 par l\u2019arm\u00e9e aux dispositifs cin\u00e9matographiques, sans oublier un d\u00e9licieux article sur les liens entre les Radicaux et l\u2019Expo ou les aspects architecturaux et artistiques. Une iconographie souvent \u00e9tonnante compl\u00e8te ce livre. \/ DS<br \/>\nRevisiter l\u2019Expo 64.\u00a0Par Olivier Lugon et Fran\u00e7ois Vallotton (dir.).\u00a0Presses polytechniques et universitaires romandes (2014), 438 p.<\/p>\n<h2><img loading=\"lazy\" decoding=\"async\" class=\"alignnone size-full wp-image-6124\" src=\"https:\/\/wp.unil.ch\/allezsavoir\/files\/2015\/01\/livre_maurice_59.jpg\" alt=\"livre_maurice_59\" width=\"200\" height=\"298\" srcset=\"https:\/\/wp.unil.ch\/allezsavoir\/files\/2015\/01\/livre_maurice_59.jpg 200w, https:\/\/wp.unil.ch\/allezsavoir\/files\/2015\/01\/livre_maurice_59-174x260.jpg 174w\" sizes=\"auto, (max-width: 200px) 100vw, 200px\" \/><\/h2>\n<h2>Saint-Maurice c\u00e9l\u00e9br\u00e9e<\/h2>\n<p>C\u2019est l\u2019\u00e9tablissement religieux le plus ancien d\u2019Europe\u00a0\u00e0 \u00eatre toujours en activit\u00e9 et il f\u00eate cette ann\u00e9e ses 1500 ans. L\u2019abbaye de Saint-Maurice d\u2019Agaune a \u00e9t\u00e9 fond\u00e9e en 515 et n\u2019a, depuis, jamais ferm\u00e9 ses portes. Parmi les manifestations organis\u00e9es pour c\u00e9l\u00e9brer son anniversaire, un livre \u00e0 para\u00eetre ce printemps retrace la riche histoire du lieu. Dirig\u00e9 par les chercheurs Bernard Andenmatten (UNIL), Laurent Ripart (Universit\u00e9 de Savoie) et Pierre-Alain Mariaux (Universit\u00e9 de Neuch\u00e2tel), l\u2019ouvrage se compose de deux tomes, le premier consacr\u00e9 \u00e0 l\u2019histoire, l\u2019arch\u00e9ologie et l\u2019architecture de l\u2019abbaye, le second \u00e0 son tr\u00e9sor sacr\u00e9.<\/p>\n<p>\u00abCes derni\u00e8res ann\u00e9es, d\u2019importantes recherches men\u00e9es sur place ont permis de reconsid\u00e9rer le pass\u00e9 de l\u2019abbaye\u00bb, explique Bernard Andenmatten, professeur \u00e0 la section d\u2019Histoire. Les archives ont ainsi fait l\u2019objet d\u2019un reclassement et d\u2019une num\u00e9risation durant quinze ans, de nouvelles fouilles ont \u00e9t\u00e9 organis\u00e9es sur le site arch\u00e9ologique et le tr\u00e9sor lui-m\u00eame est particuli\u00e8rement \u00e9tudi\u00e9.<\/p>\n<p>Constitu\u00e9 de reliques conserv\u00e9es dans d\u2019admirables pi\u00e8ces d\u2019orf\u00e8vrerie, c\u2019est en effet \u00abce tr\u00e9sor qui fait principalement la renomm\u00e9e de l\u2019abbaye de Saint-Maurice, ajoute le professeur Andenmatten. De nombreux visiteurs y faisaient halte sur la route de l\u2019Italie, en passant par le Grand Saint-Bernard ou le Simplon.\u00bb<\/p>\n<p>L\u2019abbaye a n\u00e9anmoins failli dispara\u00eetre vers 1800. Mais la fondation du coll\u00e8ge de Saint-Maurice l\u2019a sauv\u00e9e. \u00abUne institution catholique au niveau intellectuellement \u00e9lev\u00e9 qui avait pour objectif de former l\u2019\u00e9lite valaisanne.\u00bb Le coll\u00e8ge est encore aujourd\u2019hui dirig\u00e9 par des chanoines. L\u2019ouvrage qui lui est consacr\u00e9 vise d\u2019ailleurs \u00ab\u00e0 ne pas mettre en \u00e9vidence uniquement l\u2019\u00e9poque m\u00e9di\u00e9vale, mais toutes les p\u00e9riodes\u00bb, pr\u00e9cise Bernard Andenmatten. Avec notamment des contributions de l\u2019historien de l\u2019art Dave L\u00fcthi, qui \u00e9voque\u00a0les transformations architecturales aux XIXe et XXe si\u00e8cles, et de Mgr Roduit lui-m\u00eame, abb\u00e9 de Saint-Maurice, auteur d\u2019une postface faisant le point sur l\u2019histoire r\u00e9cente de l\u2019abbaye.<\/p>\n<p>Le 18 avril prochain, un colloque autour de la la\u00efcit\u00e9 sera organis\u00e9. Historiens et philosophes seront r\u00e9unis pour dresser un \u00e9tat des lieux des relations entre l\u2019Eglise et l\u2019Etat en Suisse romande et \u00e9voquer le retour de la religion dans la soci\u00e9t\u00e9 la\u00efque. \/ CK<\/p>\n<p>L\u2019ABBAYE DE SAINT-MAURICE D\u2019AGAUNE 515-2015.\u00a0Deux volumes. Sous la direction de Bernard Andenmatten, Laurent Ripart et Pierre-Alain Mariaux. Editions Infolio (parution P\u00e2ques 2015).<\/p>\n","protected":false},"excerpt":{"rendered":"<p>Charg\u00e9 de cours \u00e0 l\u2019UNIL, Francis Mobio a r\u00e9alis\u00e9 un portrait du photographe Luc Chessex. Son film nous replonge dans le Cuba des ann\u00e9es 60. La r\u00e9volution cubaine est en &hellip; <\/p>\n","protected":false},"author":825,"featured_media":6130,"comment_status":"open","ping_status":"open","sticky":false,"template":"","format":"standard","meta":{"_seopress_robots_primary_cat":"","_seopress_titles_title":"","_seopress_titles_desc":"","_seopress_robots_index":"","footnotes":""},"categories":[13144,31,4176,718,42145],"tags":[42134,39521,42146],"class_list":{"0":"post-6282","1":"post","2":"type-post","3":"status-publish","4":"format-standard","5":"has-post-thumbnail","7":"category-art-et-litterature","8":"category-histoire","9":"category-livres","10":"category-nature","11":"category-no-59","12":"tag-cynthia-khattar","13":"tag-david-spring","14":"tag-melanie-affentranger"},"_links":{"self":[{"href":"https:\/\/wp.unil.ch\/allezsavoir\/wp-json\/wp\/v2\/posts\/6282","targetHints":{"allow":["GET"]}}],"collection":[{"href":"https:\/\/wp.unil.ch\/allezsavoir\/wp-json\/wp\/v2\/posts"}],"about":[{"href":"https:\/\/wp.unil.ch\/allezsavoir\/wp-json\/wp\/v2\/types\/post"}],"author":[{"embeddable":true,"href":"https:\/\/wp.unil.ch\/allezsavoir\/wp-json\/wp\/v2\/users\/825"}],"replies":[{"embeddable":true,"href":"https:\/\/wp.unil.ch\/allezsavoir\/wp-json\/wp\/v2\/comments?post=6282"}],"version-history":[{"count":0,"href":"https:\/\/wp.unil.ch\/allezsavoir\/wp-json\/wp\/v2\/posts\/6282\/revisions"}],"wp:featuredmedia":[{"embeddable":true,"href":"https:\/\/wp.unil.ch\/allezsavoir\/wp-json\/wp\/v2\/media\/6130"}],"wp:attachment":[{"href":"https:\/\/wp.unil.ch\/allezsavoir\/wp-json\/wp\/v2\/media?parent=6282"}],"wp:term":[{"taxonomy":"category","embeddable":true,"href":"https:\/\/wp.unil.ch\/allezsavoir\/wp-json\/wp\/v2\/categories?post=6282"},{"taxonomy":"post_tag","embeddable":true,"href":"https:\/\/wp.unil.ch\/allezsavoir\/wp-json\/wp\/v2\/tags?post=6282"}],"curies":[{"name":"wp","href":"https:\/\/api.w.org\/{rel}","templated":true}]}}