{"id":5902,"date":"2014-09-25T08:26:20","date_gmt":"2014-09-25T06:26:20","guid":{"rendered":"http:\/\/wp.unil.ch\/allezsavoir\/?p=5902"},"modified":"2020-07-29T14:37:36","modified_gmt":"2020-07-29T12:37:36","slug":"en-direct-du-campus-8","status":"publish","type":"post","link":"https:\/\/wp.unil.ch\/allezsavoir\/en-direct-du-campus-8\/","title":{"rendered":"En direct du campus"},"content":{"rendered":"<figure id=\"attachment_5856\" aria-describedby=\"caption-attachment-5856\" style=\"width: 590px\" class=\"wp-caption alignnone\"><img loading=\"lazy\" decoding=\"async\" class=\"size-full wp-image-5856\" src=\"https:\/\/wp.unil.ch\/allezsavoir\/files\/2014\/09\/breves_58_1.jpg\" alt=\"Myst\u00e8res de l'UNIL 2014. Photo Cynthia Khattar \u00a9 UNIL\" width=\"590\" height=\"393\" srcset=\"https:\/\/wp.unil.ch\/allezsavoir\/files\/2014\/09\/breves_58_1.jpg 590w, https:\/\/wp.unil.ch\/allezsavoir\/files\/2014\/09\/breves_58_1-390x260.jpg 390w\" sizes=\"auto, (max-width: 590px) 100vw, 590px\" \/><figcaption id=\"caption-attachment-5856\" class=\"wp-caption-text\">Myst\u00e8res de l&rsquo;UNIL 2014. Photo Cynthia Khattar \u00a9 UNIL<\/figcaption><\/figure>\n<p><strong>Portes ouvertes<\/strong><\/p>\n<h2>Les Myst\u00e8res de l\u2019UNIL attirent le public<\/h2>\n<p>Neuf mille personnes, dont 1500 \u00e9coliers, ont foul\u00e9 le campus de Dorigny entre le 22 et le 25 mai dernier, \u00e0 l\u2019occasion des Portes Ouvertes de l\u2019UNIL. Intitul\u00e9e \u00abTKITOI?\u00bb, cette neuvi\u00e8me \u00e9dition des Myst\u00e8res invitait les \u00e9coliers vaudois et le grand public \u00e0 explorer les questions relatives \u00e0 l\u2019identit\u00e9 et l\u2019alt\u00e9rit\u00e9, en entrant dans les d\u00e9dales de l\u2019anatomie et de la pens\u00e9e humaine.<\/p>\n<p>Trois cents chercheurs ont mis sur pied une trentaine d\u2019ateliers et des animations qui ont ravi petits et grands.<\/p>\n<p>Parmi les innovations de cette ann\u00e9e, l\u2019exploration d\u2019une galerie souterraine traversant le campus sur toute sa longueur a particuli\u00e8rement \u00e9t\u00e9 pris\u00e9e. Rendez-vous du 28 au 31 mai 2015, pour la 10e \u00e9dition. (R\u00c9D.)<\/p>\n<p><a href=\"https:\/\/www.unil.ch\/mysteres\" target=\"_blank\" rel=\"noopener noreferrer\">www.unil.ch\/mysteres<\/a><\/p>\n<p><strong>Le chiffre<\/strong><\/p>\n<h2>16903<\/h2>\n<p>Le nombre de tweets \u00e9chang\u00e9s par pr\u00e8s de 2000 personnes au sujet de la conf\u00e9rence internationale Digital Humanities 2014, qui a eu lieu du 7 au 12 juillet dernier. Plus de 750 chercheurs du monde entier \u00e9taient rassembl\u00e9s pour l\u2019occasion sur le campus lausannois. Une analyse de ces interactions num\u00e9riques est propos\u00e9e \u2013 en anglais \u2013 par deux chercheurs de l\u2019UNIL et de l\u2019EPFL sur <a href=\"https:\/\/www.martingrandjean.ch\" target=\"_blank\" rel=\"noopener noreferrer\">www.martingrandjean.ch<\/a>. (R\u00e9d.)<\/p>\n<p><strong>Formation continue<\/strong><\/p>\n<h2>600 fonctionnaires chinois \u00e0 Dorigny<\/h2>\n<p>L\u2019Universit\u00e9 de Lausanne a \u00e9t\u00e9 mandat\u00e9e par la Direction du d\u00e9veloppement et de la coop\u00e9ration de la Conf\u00e9d\u00e9ration (DDC) pour organiser le seul programme international destin\u00e9 aux hauts dignitaires du secteur public chinois. Au programme de ce \u00abSino-Swiss Management Training Program for Sustainable Development\u00bb? Une approche multidisciplinaire de la durabilit\u00e9, qui va impliquer la Facult\u00e9 des hautes \u00e9tudes commerciales, celle des G\u00e9osciences et de l\u2019environnement, l\u2019Institut des hautes \u00e9tudes en administration publique (IDHEAP) et l\u2019Institut des hautes \u00e9tudes internationales et du d\u00e9veloppement de Gen\u00e8ve. D\u00e8s cet automne, et sur quatre ans, plus de 600 fonctionnaires \u2013 repr\u00e9sentatifs de la prochaine g\u00e9n\u00e9ration de cadres dirigeants du pays \u2013 seront form\u00e9s \u00e0 Lausanne. (R\u00e9d.)<\/p>\n<p><strong>Recherche et soci\u00e9t\u00e9<\/strong><\/p>\n<h2>Volteface, en prise avec le r\u00e9el<\/h2>\n<p>La transition \u00e9nerg\u00e9tique consiste \u00e0 consommer moins de ressources fossiles, \u00e0 miser sur le renouvelable et \u00e0 utiliser moins d\u2019\u00e9nergie, tout en maintenant une bonne qualit\u00e9 de vie. Cette id\u00e9e raisonnable ne se concr\u00e9tise pourtant pas dans le r\u00e9el, loin de l\u00e0. Pourquoi? Dans le but de trouver des r\u00e9ponses, l\u2019UNIL et Romande Energie viennent de lancer \u00abVolteface\u00bb. \u00abNous allons nous concentrer sur les aspects sociaux, l\u00e9gaux, \u00e9conomiques et culturels de cette question, encore peu explor\u00e9s. Contrairement au volet technologique, d\u00e9j\u00e0 bien trait\u00e9\u00bb, explique Nelly Niwa, cheffe de projet. Cette d\u00e9marche implique les chercheurs et les citoyens. Ces derniers sont en effet d\u00e8s maintenant invit\u00e9s \u00e0 indiquer sur <a href=\"https:\/\/www.volteface.ch\" target=\"_blank\" rel=\"noopener noreferrer\">www.volteface.ch<\/a>, via des post-it num\u00e9riques, ce qui les motive dans la transition \u00e9nerg\u00e9tique\u2026 Et ce qui les freine! Ces pr\u00e9occupations, exprim\u00e9es par la population, seront regroup\u00e9es par th\u00e8mes puis propos\u00e9es comme sujets de recherche aux scientifiques et aux \u00e9tudiants int\u00e9ress\u00e9s, d\u00e8s novembre. Une soir\u00e9e publique de pr\u00e9sentation de Volteface aura lieu le 2 f\u00e9vrier 2015. DS<\/p>\n<blockquote><p>Rencontrer toutes ces personnes, \u00e9changer, avoir pu imposer notre style face aux Parisiens qui ont pourtant le sens de la rh\u00e9torique sont mes meilleurs souvenirs.<\/p><\/blockquote>\n<p>Aline Fuchs, dans <em>La C\u00f4te<\/em> du 24 juillet 2014. Brian Favre et elle, \u00e9tudiants \u00e0 l\u2019UNIL, ont remport\u00e9 le Championnat du monde de d\u00e9bat francophone<\/p>\n<p><strong>Formation<\/strong><\/p>\n<h2>UNIL v\u00e9nitienne<\/h2>\n<p>A quelques minutes en bateau de la place Saint-Marc, l\u2019\u00eele de San Servolo h\u00e9berge depuis 1995 la Venice International University (VIU), un campus o\u00f9 se r\u00e9unissent chaque ann\u00e9e des professeurs et \u00e9tudiants venus de diverses universit\u00e9s de par le monde. L\u2019UNIL vient de se joindre au projet, les int\u00e9ress\u00e9s sont donc invit\u00e9s \u00e0 postuler pour prendre part aux cours d\u00e8s le printemps 2015. Les enseignements de la VIU, tous donn\u00e9s en anglais, sont orient\u00e9s autour de questions environnementales, avec la mondialisation comme th\u00e8me pour ce semestre d\u2019automne. L\u2019id\u00e9e: permettre de se retrouver dans une ambiance acad\u00e9mique favorisant des \u00e9changes totalement multiculturels. Treize universit\u00e9s ont d\u00e9j\u00e0 rejoint le programme, parmi lesquelles Duke et Boston College pour les Etats-Unis, Waseda (Tokyo), Tsinghua en Chine ou Tel Aviv. CK<\/p>\n<p><strong>International<\/strong><\/p>\n<figure id=\"attachment_5909\" aria-describedby=\"caption-attachment-5909\" style=\"width: 393px\" class=\"wp-caption alignnone\"><img loading=\"lazy\" decoding=\"async\" class=\"size-full wp-image-5909\" src=\"https:\/\/wp.unil.ch\/allezsavoir\/files\/2014\/09\/shanghai_58_1.jpg\" alt=\"Caroline Tran (\u00e0 g.) et Lucie Barone (\u00e0 dr.) encadrent Elsa Bouzaglo, ambassadrice du r\u00e9seau ALUMNIL et stagiaire HEC aupr\u00e8s du Swissnex Shanghai.\" width=\"393\" height=\"295\" srcset=\"https:\/\/wp.unil.ch\/allezsavoir\/files\/2014\/09\/shanghai_58_1.jpg 393w, https:\/\/wp.unil.ch\/allezsavoir\/files\/2014\/09\/shanghai_58_1-346x260.jpg 346w\" sizes=\"auto, (max-width: 393px) 100vw, 393px\" \/><figcaption id=\"caption-attachment-5909\" class=\"wp-caption-text\">Caroline Tran (\u00e0 g.) et Lucie Barone (\u00e0 dr.) encadrent Elsa Bouzaglo, ambassadrice du r\u00e9seau ALUMNIL et stagiaire HEC aupr\u00e8s du Swissnex Shanghai.<\/figcaption><\/figure>\n<h2>Nouveau groupe ALUMNIL \u00e0 Shanghai<\/h2>\n<p>Une cinquantaine de dipl\u00f4m\u00e9s et \u00e9tudiants chinois venus \u00e9tudier \u00e0 l\u2019UNIL vivent aujourd\u2019hui dans la r\u00e9gion de Shanghai. Pour leur permettre de construire un r\u00e9seau utile, un groupe SHANGHAI ALUMNIL a \u00e9t\u00e9 cr\u00e9\u00e9 le 8 avril dernier, sous l\u2019\u00e9gide du Swissnex China. Lucie Barone (HEC, bachelor 2012), Chen Chen (Lettres, \u00e9change mobilit\u00e9 2007) et Caroline Tran (HEC, master 2012) \u2013 ont accept\u00e9 d\u2019animer ce groupe et de renseigner tout membre du r\u00e9seau pr\u00e9voyant de s\u2019installer \u00e0 Shanghai. Prochaines rencontres sur place: Swissalumni Event le 30 octobre et Rencontre ALUMNIL le 4 d\u00e9cembre. SW<br \/>\nPlus d\u2019infos sur <a href=\"https:\/\/www.unil.ch\/alumnil\/agenda\" target=\"_blank\" rel=\"noopener noreferrer\">www.unil.ch\/alumnil\/agenda<\/a>.<br \/>\nContact:<a href=\"mailto:shanghai@alumnil.ch\" target=\"_blank\" rel=\"noopener noreferrer\"> shanghai@alumnil.ch<\/a>.<\/p>\n<p><strong>Finance<\/strong><\/p>\n<h2>Des recherches pour mieux comprendre la crise<\/h2>\n<p>L&rsquo;\u00e9quipe men\u00e9e par Norman Sch\u00fcrhoff, professeur au D\u00e9partement de finance \u00e0 la Facult\u00e9 des hautes \u00e9tudes commerciales, Harald Hau (UNIGE), Loriano Mancini (EPFL), Angelo Ranaldo et Jan Wrampelmeyer (Universit\u00e9 de Saint-Gall), a d\u00e9croch\u00e9 le Sinergia 2014 Grant mis au concours par le Fonds national de la recherche scientifique. Un financement de 2,1 millions leur a \u00e9t\u00e9 accord\u00e9 pour leur projet Empirics of Financial Stability. Il s\u2019agit de mieux comprendre quelles ont \u00e9t\u00e9 les sources, vecteurs et cons\u00e9quences des frictions dans le secteur financier, durant la r\u00e9cente crise mondiale. Parmi les th\u00e8mes \u00e9tudi\u00e9s: les incitations salariales bancaires et les prises de risques des banques, le march\u00e9 mon\u00e9taire et les pr\u00eats interbancaires, les frictions de l&rsquo;interm\u00e9diation financi\u00e8re et la valorisation des actifs, les risques syst\u00e9miques et l&rsquo;\u00e9conomie r\u00e9elle. (R\u00c9D.)<\/p>\n<p><strong>\u00a0L&rsquo;UNIL dans les m\u00e9dias<\/strong><\/p>\n<h2>Foot, drogue et champignons<\/h2>\n<p><strong>4171<\/strong> Le nombre de r\u00e9f\u00e9rences faites \u00e0 l\u2019Universit\u00e9 de Lausanne et au CHUV dans les m\u00e9dias suisses en 2014, selon la revue de presse <em>Argus<\/em>, au 4 septembre 2014.<\/p>\n<p>La couverture m\u00e9diatique de la Coupe du monde de football a mis \u00e0 contribution les chercheurs de l\u2019UNIL, et notamment ceux de l\u2019Institut des sciences du sport. Comme par exemple Stanislas Frenkiel, auteur d\u2019un r\u00e9cent ouvrage sur les agents, interrog\u00e9 par <em>So Foot<\/em>. L\u2019article sur l\u2019aspect multiculturel de l\u2019\u00e9quipe suisse, paru dans <em>Allez savoir!<\/em> de mai dernier, a \u00e9t\u00e9 relev\u00e9 par <em>Le Monde<\/em>.<\/p>\n<p>Le 6 juin, <em>Wired<\/em> citait un article scientifique co\u00e9crit par Judith Aldridge de l\u2019Universit\u00e9 de Manchester et David D\u00e9cary-H\u00e9tu, ma\u00eetre d\u2019enseignement et de recherche \u00e0 l\u2019Institut de police scientifique de l\u2019UNIL. Ces chercheurs se sont int\u00e9ress\u00e9s au march\u00e9 noir en ligne Silk Road, o\u00f9 l\u2019on trouve de nombreux produits illicites. Il s\u2019av\u00e8re que ce dernier, o\u00f9 commercent en ligne grossistes et dealers de drogue, pourrait contribuer \u00e0 r\u00e9duire les probl\u00e8mes de violence et de territorialit\u00e9 du trafic de rue.<\/p>\n<p>Le 12 juin, <em>Nova Next<\/em> pr\u00e9sentait en d\u00e9tail les travaux de Ian Sanders, professeur associ\u00e9 au D\u00e9partement d\u2019\u00e9cologie et \u00e9volution. Ce dernier s\u2019int\u00e9resse \u00e0 la symbiose mycorhizienne, soit entre les champignons et les racines des plantes. Une relation essentielle \u00e0 comprendre si l\u2019on souhaite d\u00e9velopper une agriculture plus efficace, notamment dans les pays en d\u00e9veloppement.<\/p>\n<p>Le CHUV et l\u2019UNIL ont cr\u00e9\u00e9 une chaire de soins palliatifs sp\u00e9cialis\u00e9e dans l\u2019\u00e2ge avanc\u00e9. Un \u00e9v\u00e8nement largement relay\u00e9. A l\u2019origine de ce projet, le professeur Gian Domenico Borasio a \u00e9galement publi\u00e9 Mourir &#8211; Ce que l&rsquo;on sait, ce que l&rsquo;on peut faire, comment s&rsquo;y pr\u00e9parer au printemps. Cet ouvrage, paru dans la collection Le savoir suisse aux Presses polytechniques et universitaires romandes, a \u00e9t\u00e9 l\u2019objet de nombreux articles et entretiens. DS<\/p>\n<p><strong>Histoire<\/strong><\/p>\n<h2>Ames voyageuses<\/h2>\n<p>L\u2019Association culturelle pour le voyage en Suisse publie chaque ann\u00e9e un bulletin qui contient un dossier th\u00e9matique. Le dernier en date porte sur les \u00abVoyages au f\u00e9minin\u00bb, du XVIIIe au XXe si\u00e8cle. Un champ encore peu explor\u00e9, comme l\u2019\u00e9crit Claude Reichler, professeur honoraire et pr\u00e9sident de l\u2019ACVS, dans son avant\u2013propos. En courts articles r\u00e9dig\u00e9s par des chercheurs, cette \u00e9dition pr\u00e9sente de nombreux documents originaux, comme par exemple des carnets manuscrits conserv\u00e9s \u00e0 la British Library ou le r\u00e9cit des p\u00e9r\u00e9grinations de la po\u00e9tesse Friederike Brun. Ces textes permettent de poser de nombreuses questions: en quoi l\u2019exp\u00e9rience du voyage, c\u2019est-\u00e0-dire de la sortie hors du cadre quotidien, permet-elle de parvenir \u2013 ou non \u2013 \u00e0 une certaine \u00e9mancipation des femmes? Comment les hommes consid\u00e9raient-ils la place de ces derni\u00e8res dans le cadre grandiose et sauvage des Alpes: cr\u00e9atures fragiles ou h\u00e9ro\u00efques casse-cou?<\/p>\n<p>Bas\u00e9e \u00e0 l\u2019Universit\u00e9 de Lausanne, l\u2019association propose \u00e0 ses membres une excursion annuelle, ainsi que des visites culturelles. DS<\/p>\n<p><a href=\"https:\/\/www.levoyageensuisse.ch\" target=\"_blank\" rel=\"noopener noreferrer\">www.levoyageensuisse.ch<\/a><\/p>\n<p><strong>Passage en revues<\/strong><\/p>\n<h2>Avanc\u00e9es dans la datation des traces<\/h2>\n<p><strong>703<\/strong> Le nombre d\u2019articles que les chercheurs de l\u2019UNIL et du CHUV ont fait para\u00eetre dans des revues scientifiques en 2014 (d\u2019apr\u00e8s Serval, au 4 septembre 2014).<\/p>\n<p>Sous la direction de C\u00e9line Weyermann, professeure assistante FNS \u00e0 l\u2019Institut de police scientifique de l\u2019Ecole des sciences criminelles, plusieurs jeunes chercheurs se sont int\u00e9ress\u00e9s \u00e0 la datation de traces mat\u00e9rielles. Une question importante, car un suspect peut en effet avoir laiss\u00e9 des marques sur le lieu d\u2019un d\u00e9lit avant ou apr\u00e8s l\u2019\u00e9v\u00e8nement et pour une bonne raison. Les r\u00e9sultats de ces travaux ont \u00e9t\u00e9 publi\u00e9s dans plusieurs titres sp\u00e9cialis\u00e9s cette ann\u00e9e.<\/p>\n<p>Aline Girod s\u2019est pench\u00e9e sur le vieillissement des empreintes digitales. Non seulement il n\u2019existe aucun consensus dans la communaut\u00e9 forensique sur la mani\u00e8re d\u2019aborder cette question, mais les m\u00e9thodes actuellement utilis\u00e9es manquent de bases scientifiques, surtout au niveau chimique. La doctorante propose d\u2019utiliser la composition en lipides des traces pour d\u00e9terminer leur \u00e2ge.<\/p>\n<p>Matteo Gallidabino cherche \u00e0 r\u00e9pondre \u00e0 une autre question: \u00e0 quel moment une arme de petit calibre a-t-elle \u00e9t\u00e9 utilis\u00e9e? Comment dater les r\u00e9sidus de tir \u2013 tr\u00e8s volatils \u2013 retrouv\u00e9s dans le canon et\/ou sur les douilles? Le doctorant a d\u00e9velopp\u00e9 une nouvelle m\u00e9thode et a d\u00fb surmonter de nombreux obstacles techniques, notamment parce que les quantit\u00e9s d\u00e9pos\u00e9es sont tr\u00e8s faibles. M\u00eame si l\u2019application pratique n\u2019est pas toute proche, ses recherches ouvrent de nouvelles pistes.<\/p>\n<p>Il arrive souvent, dans des affaires trait\u00e9es au civil, que la datation des encres de stylos \u00e0 bille d\u00e9pos\u00e9es sur des documents soit n\u00e9cessaire. Par exemple, si une personne admet avoir sign\u00e9 un contrat, mais estime qu\u2019il a \u00e9t\u00e9 modifi\u00e9 apr\u00e8s coup! Plusieurs m\u00e9thodes sont appliqu\u00e9es aujourd\u2019hui, mais que valent-elles scientifiquement? La question est controvers\u00e9e. Doctorante, Agn\u00e8s Koenig a compar\u00e9 de mani\u00e8re critique les techniques utilis\u00e9es par deux laboratoires.<\/p>\n<p>Ces travaux s\u2019inscrivent dans une d\u00e9marche plus large. \u00abNous cherchons \u00e0 d\u00e9velopper une approche commune pour la datation des traces, qui soit valable aussi bien pour les empreintes physiques que num\u00e9riques, ainsi que pour les t\u00e9moignages\u00bb, explique C\u00e9line Weyermann. DS<\/p>\n<p><strong>R\u00e9f\u00e9rences des articles<\/strong><\/p>\n<p>&#8211; Koenig A, B\u00fcgler J, Kirsch D, K\u00f6hler F, Weyermann C. &#8211; Ink dating using thermal desorption and gas chromatography \/ mass spectrometry: Comparison of results obtained in two laboratories. <em>Journal of Forensic Science<\/em><br \/>\n&#8211; Girod A, Weyermann C.\u00a0 &#8211; La datation des traces digitales (partie I): revue critique. <em>Revue Internationale de Criminologie et Police Technique et Scientifique<\/em> 2013, LXVI (3) : 364-377.<br \/>\n&#8211; Girod A, Weyermann C.\u00a0 &#8211; La datation des traces digitales (partie II): proposition d\u2019une approche formelle. <em>Revue Internationale de Criminologie et Police Technique et Scientifique<\/em> 2014,\u00a0 LXVII(2):226-249<br \/>\n&#8211; Girod A, Weyermann C.\u00a0 &#8211; A study of the initial lipid composition of fingermarks residue using GC\/MS and proposition of a donor classification model, <em>Forensic Science International<\/em> 2014, 238:68-82.<br \/>\n&#8211; Gallidabino M, Bylenga K, Romolo F, Weyermann C. Development of a novel high capacity headspace sorptive extraction method to study the aging of volatile compounds in spent handgun cartriges. <em>Analytical chemistry<\/em> 2014, 53(1):41-48.<br \/>\n&#8211; Gallidabino M, Weyermann C, Romolo FS, Taroni, F. Estimating the time since discharge of spent cartridges: a logical approach for interpreting the evidence. <em>Science &amp; Justice<\/em> 2013: 53(1): 41-48.<\/p>\n<p><strong>Europe<\/strong><\/p>\n<figure id=\"attachment_5855\" aria-describedby=\"caption-attachment-5855\" style=\"width: 393px\" class=\"wp-caption alignnone\"><img loading=\"lazy\" decoding=\"async\" class=\"size-full wp-image-5855\" src=\"https:\/\/wp.unil.ch\/allezsavoir\/files\/2014\/09\/breves_58_2.jpg\" alt=\"Jos\u00e9 Maria Gil-Robles, pr\u00e9sident de la Fondation Jean Monnet, et Jean-Claude Trichet, Pr\u00e9sident du Groupe des Trente, ancien pr\u00e9sident de la Banque centrale europ\u00e9enne et gouverneur honoraire de la Banque de France. \u00a9 Laurent de Senarclens \u2013 FJME\" width=\"393\" height=\"262\" srcset=\"https:\/\/wp.unil.ch\/allezsavoir\/files\/2014\/09\/breves_58_2.jpg 393w, https:\/\/wp.unil.ch\/allezsavoir\/files\/2014\/09\/breves_58_2-390x260.jpg 390w\" sizes=\"auto, (max-width: 393px) 100vw, 393px\" \/><figcaption id=\"caption-attachment-5855\" class=\"wp-caption-text\">Jos\u00e9 Maria Gil-Robles, pr\u00e9sident de la Fondation Jean Monnet, et Jean-Claude Trichet, Pr\u00e9sident du Groupe des Trente, ancien pr\u00e9sident de la Banque centrale europ\u00e9enne et gouverneur honoraire de la Banque de France. \u00a9 Laurent de Senarclens \u2013 FJME<\/figcaption><\/figure>\n<h2>Jean-Claude Trichet \u00e0 Dorigny<\/h2>\n<p>Pr\u00e9sident du Groupe des Trente, ancien pr\u00e9sident de la Banque centrale europ\u00e9enne et gouverneur honoraire de la Banque de France, Jean-Claude Trichet a donn\u00e9 une conf\u00e9rence devant plus de 300 personnes, le 11 juin dernier. Un \u00e9v\u00e8nement organis\u00e9 par la Fondation Jean Monnet pour l\u2019Europe. L\u2019orateur a notamment d\u00e9crit les mesures prises depuis la crise pour renforcer la gouvernance de la zone euro, comme le pacte de stabilit\u00e9 et de croissance ou l\u2019union bancaire (surveillance prudentielle). Selon lui, aller aussi loin dans la surveillance des politiques \u00e9conomiques, budg\u00e9taires et financi\u00e8res a renforc\u00e9 de facto l\u2019union politique. (R\u00c9D.)<\/p>\n<p>Pour revivre la conf\u00e9rence en vid\u00e9o: <a href=\"https:\/\/jean-monnet.ch\" target=\"_blank\" rel=\"noopener noreferrer\">https:\/\/jean-monnet.ch<\/a><\/p>\n<p><strong>Valais-Vaud-Gen\u00e8ve<\/strong><\/p>\n<h2>Les activit\u00e9s de l\u2019Institut Kurt B\u00f6sch sont p\u00e9rennis\u00e9es<\/h2>\n<p>D\u00e8s le 1er janvier 2015, les activit\u00e9s d\u2019enseignement, de recherche et d\u2019expertise de l\u2019Institut universitaire Kurt B\u00f6sch (IUKB) seront reprises, sur le site de Sion, par les Universit\u00e9s de Gen\u00e8ve et de Lausanne. Gr\u00e2ce \u00e0 une convention cadre, qui s\u2019\u00e9tend sur une dur\u00e9e de huit ans, la responsabilit\u00e9 acad\u00e9mique et financi\u00e8re de l\u2019Unit\u00e9 d\u2019enseignement et de recherche en droits de l\u2019enfant, ainsi que de la cellule inter- et transdisciplinarit\u00e9 de l\u2019IUKB, sera assum\u00e9e par l\u2019UNIGE. L\u2019Unit\u00e9 d\u2019enseignement et de recherche en tourisme sera plac\u00e9e sous la responsabilit\u00e9 de l\u2019UNIL. Ainsi, les deux Hautes Ecoles l\u00e9maniques poss\u00e8deront une antenne s\u00e9dunoise et \u00e9largissent leur offre de formation. La Fondation de l\u2019IUKB mettra les infrastructures n\u00e9cessaires \u00e0 disposition, tandis que l\u2019Etat du Valais et la Commune de Sion resteront impliqu\u00e9s financi\u00e8rement. (R\u00c9D.)<br \/>\n<a href=\"https:\/\/www.iukb.ch\" target=\"_blank\" rel=\"noopener noreferrer\">www.iukb.ch<\/a><\/p>\n<p><strong>A l&rsquo;honneur<\/strong><\/p>\n<h2>M\u00e9dias, recherche et sport<\/h2>\n<p>Ma\u00eetre assistante \u00e0 l\u2019Institut de g\u00e9ographie et durabilit\u00e9, Jo\u00eblle Salomon Cavin alimente un blog personnel proche de ses recherches, mais destin\u00e9 au grand public: La ville, je t\u2019aime moi non plus. Il se trouve sur le site de <em>L&rsquo;Hebdo<\/em>. Plusieurs autres enseignants et scientifiques de l\u2019UNIL poss\u00e8dent \u00e9galement un blog \u00e0 l\u2019enseigne du magazine. Comme Nelly Niwa (En transition, autour de la transition \u00e9nerg\u00e9tique, lire \u00e9galement en p. 12), Olivier Gu\u00e9niat (Polisse), Marc Atallah (Les Miroirs de l\u2019Ailleurs), Martin Grandjean (DATA, autour de la visualisation de donn\u00e9es) et Samuel Bendahan (L&rsquo;\u00e9conomie pour tout le monde). (R\u00c9D.)<br \/>\n<a href=\"https:\/\/www.hebdo.ch\/les-blogs\" target=\"_blank\" rel=\"noopener noreferrer\">www.hebdo.ch\/les-blogs<\/a><\/p>\n<p>Gian-Paolo Dotto, professeur ordinaire au D\u00e9partement de biochimie de la Facult\u00e9 de biologie et de m\u00e9decine, a \u00e9t\u00e9 \u00e9lu membre de l&rsquo;Acad\u00e9mie nationale des sciences Leopoldina. Fond\u00e9e en 1652 en Allemagne, l&rsquo;Acad\u00e9mie nationale des sciences Leopoldina (Leopoldina Nationale Akademie der Wissenschaften) est la soci\u00e9t\u00e9 savante la plus ancienne d&rsquo;Europe. Elle est consacr\u00e9e \u00e0 l&rsquo;avancement de la science au b\u00e9n\u00e9fice de l&rsquo;humanit\u00e9 et \u00e0 la formation d&rsquo;un avenir meilleur. Avec quelque 1500 membres, la Leopoldina rassemble des scientifiques de haute renomm\u00e9e provenant d&rsquo;Allemagne, d&rsquo;Autriche, de Suisse et de nombreux autres pays. (R\u00c9D.)<\/p>\n<p>Cet \u00e9t\u00e9, l\u2019aviron lausannois a brill\u00e9 aux Championnats d\u2019Europe universitaires 2014 (EU Games) \u00e0 Rotterdam. Etudiantes en Facult\u00e9 des g\u00e9osciences et de l\u2019environnement \u00e0 l\u2019UNIL, Juliette Jeannet et Adeline Seydoux ont remport\u00e9 l\u2019or en double poids lourds. Chez les hommes, le duo Vincent Giorgis et Romain Loup a \u00e9galement termin\u00e9 \u00e0 la premi\u00e8re place. Ces quatre sportifs appartiennent au Lausanne-Sports Aviron. L\u2019Universit\u00e9 de Zurich a ramen\u00e9 trois m\u00e9dailles d\u2019or, ce qui a permis \u00e0 la Suisse, qui alignait une trentaine de rameurs, de d\u00e9crocher la place de meilleure \u00e9quipe universitaire. (R\u00c9D.)<\/p>\n<p>Directeur de l\u2019Ecole des sciences criminelles (ESC), le professeur Pierre Margot a obtenu le John A. Dondero Memorial Award le 15 ao\u00fbt 2014. Cette distinction est attribu\u00e9e par l\u2019International Association for Identification (IAI), qui compte plus de 7000 membres. Fond\u00e9e en 1915, \u00e9ditrice du <em>Journal of Forensic Identification<\/em>, l\u2019IAI est davantage tourn\u00e9e vers les questions pratiques que scientifiques. \u00abCe prix important constitue une reconnaissance de la part des professionnels de la police scientifique qui mettent en \u0153uvre et utilisent, partout dans le monde, ce qui a \u00e9t\u00e9 d\u00e9couvert par les chercheurs\u00bb, explique Pierre Margot. (R\u00c9D.)<\/p>\n","protected":false},"excerpt":{"rendered":"<p>Portes ouvertes Les Myst\u00e8res de l\u2019UNIL attirent le public Neuf mille personnes, dont 1500 \u00e9coliers, ont foul\u00e9 le campus de Dorigny entre le 22 et le 25 mai dernier, \u00e0 &hellip; <\/p>\n","protected":false},"author":825,"featured_media":5857,"comment_status":"open","ping_status":"open","sticky":false,"template":"","format":"standard","meta":{"_seopress_robots_primary_cat":"","_seopress_titles_title":"","_seopress_titles_desc":"","_seopress_robots_index":"","footnotes":""},"categories":[14714,42161,42142],"tags":[42134,39521,42131],"class_list":{"0":"post-5902","1":"post","2":"type-post","3":"status-publish","4":"format-standard","5":"has-post-thumbnail","7":"category-breves","8":"category-campus","9":"category-no-58","10":"tag-cynthia-khattar","11":"tag-david-spring","12":"tag-sandrine-wenger"},"_links":{"self":[{"href":"https:\/\/wp.unil.ch\/allezsavoir\/wp-json\/wp\/v2\/posts\/5902","targetHints":{"allow":["GET"]}}],"collection":[{"href":"https:\/\/wp.unil.ch\/allezsavoir\/wp-json\/wp\/v2\/posts"}],"about":[{"href":"https:\/\/wp.unil.ch\/allezsavoir\/wp-json\/wp\/v2\/types\/post"}],"author":[{"embeddable":true,"href":"https:\/\/wp.unil.ch\/allezsavoir\/wp-json\/wp\/v2\/users\/825"}],"replies":[{"embeddable":true,"href":"https:\/\/wp.unil.ch\/allezsavoir\/wp-json\/wp\/v2\/comments?post=5902"}],"version-history":[{"count":0,"href":"https:\/\/wp.unil.ch\/allezsavoir\/wp-json\/wp\/v2\/posts\/5902\/revisions"}],"wp:featuredmedia":[{"embeddable":true,"href":"https:\/\/wp.unil.ch\/allezsavoir\/wp-json\/wp\/v2\/media\/5857"}],"wp:attachment":[{"href":"https:\/\/wp.unil.ch\/allezsavoir\/wp-json\/wp\/v2\/media?parent=5902"}],"wp:term":[{"taxonomy":"category","embeddable":true,"href":"https:\/\/wp.unil.ch\/allezsavoir\/wp-json\/wp\/v2\/categories?post=5902"},{"taxonomy":"post_tag","embeddable":true,"href":"https:\/\/wp.unil.ch\/allezsavoir\/wp-json\/wp\/v2\/tags?post=5902"}],"curies":[{"name":"wp","href":"https:\/\/api.w.org\/{rel}","templated":true}]}}