{"id":15428,"date":"2026-02-16T08:09:00","date_gmt":"2026-02-16T06:09:00","guid":{"rendered":"https:\/\/wp.unil.ch\/allezsavoir\/?p=15428"},"modified":"2026-02-04T16:05:36","modified_gmt":"2026-02-04T14:05:36","slug":"pour-la-ssr-ca-chauffe-encore-et-toujours","status":"publish","type":"post","link":"https:\/\/wp.unil.ch\/allezsavoir\/pour-la-ssr-ca-chauffe-encore-et-toujours\/","title":{"rendered":"Pour la SSR, \u00e7a chauffe encore et toujours\u00a0 \u00a0"},"content":{"rendered":"\n<p>La campagne au sujet de l\u2019initiative \u00ab200 francs, \u00e7a suffit!\u00bb rythme l\u2019hiver 2025-2026. Le nouveau centre de production de la RTS s\u2019est install\u00e9 entre l\u2019Unil et l\u2019EPFL. Cette double actualit\u00e9 co\u00efncide avec la sortie d\u2019un ouvrage qui propose une histoire crois\u00e9e de la radio et de la t\u00e9l\u00e9vision publiques dans notre pays.<\/p>\n\n\n\n<p>Le d\u00e9bat prend des allures de rediffusion. D\u00e8s sa cr\u00e9ation en 1931, la SSR affronte les \u00e9diteurs de journaux, qui souhaitent garder la main sur la diffusion de l\u2019actualit\u00e9 imm\u00e9diate. En 1932, le conseiller national socialiste L\u00e9on Nicole se plaint du manque de neutralit\u00e9 de la radio. Quatre ans plus tard, le radical genevois Adrien Lachenal fustige l\u2019organigramme \u00abco\u00fbteux et inefficace\u00bb de la SSR.<\/p>\n\n\n\n<p>Et cela continue apr\u00e8s-guerre, avec l\u2019essor de la t\u00e9l\u00e9vision. Dans son ouvrage, le professeur en Lettres Fran\u00e7ois Vallotton d\u00e9crit le d\u00e9licieux derby Lausanne-Gen\u00e8ve de 1953-1954. Les Autorit\u00e9s des deux villes entrent en concurrence pour d\u00e9crocher le si\u00e8ge de la T\u00e9l\u00e9vision suisse romande. Un match gagn\u00e9 par la Cit\u00e9 de Calvin, fin 1959. Cet \u00e9pisode rappelle l\u2019\u00e9moi des milieux politiques genevois \u00e0 l\u2019annonce du d\u00e9m\u00e9nagement d\u2019une partie de la RTS de la Tour du quai Ansermet vers le campus de Dorigny.<\/p>\n\n\n\n<p>La \u00abneutralit\u00e9\u00bb des programmes de la SSR squatte l\u2019antenne. En 1972, deux parlementaires UDC d\u00e9noncent la partialit\u00e9 de certaines \u00e9missions diffus\u00e9es par la t\u00e9l\u00e9vision publique. En face, les socialistes s\u2019en prennent \u00e0 un m\u00e9dia soumis aux forces \u00abr\u00e9actionnaires\u00bb.<\/p>\n\n\n\n<p>L\u2019auteur a privil\u00e9gi\u00e9 une organisation par th\u00e8mes, plut\u00f4t qu\u2019une approche chronologique. Il traite ainsi de la compl\u00e9mentarit\u00e9, ou de la co\u00e9volution, entre les m\u00e9dias radio et t\u00e9l\u00e9vision. Des migrations s\u2019op\u00e8rent. Un trio de Couleur 3 (Mermet-Monney-Lolita) cr\u00e9e Carabine FM \u00e0 l\u2019\u00e9cran, l\u2019une des \u00e9missions les plus zinzins qui ait exist\u00e9. Les deux Vincent \u2013 Kucholl et Veillon \u2013 ont suivi le m\u00eame chemin.<\/p>\n\n\n\n<p>L\u2019ouvrage s\u2019int\u00e9resse au r\u00f4le culturel du m\u00e9dia de service public \u2013 une notion en recomposition \u2013, tout comme aux habitudes de consommation de l\u2019audience. Enfin, chaque chapitre est accompagn\u00e9 de contenus suppl\u00e9mentaires pertinents (photos et extraits vid\u00e9o) via le site web de Memoriav, le Centre de comp\u00e9tence pour le patrimoine audiovisuel suisse (memobase.ch). \/ DS<\/p>\n\n\n\n<p><a href=\"https:\/\/wp.unil.ch\/labelettres\/un-siecle-de-radio-television-le-service-public-audiovisuel-en-suisse-romande\/\" data-type=\"link\" data-id=\"https:\/\/wp.unil.ch\/labelettres\/un-siecle-de-radio-television-le-service-public-audiovisuel-en-suisse-romande\/\" target=\"_blank\" rel=\"noreferrer noopener\">Voir \u00e9galement la notice sur le site de Labelettres<\/a><\/p>\n\n\n<div class=\"wp-block-image\">\n<figure class=\"aligncenter size-full\"><img loading=\"lazy\" decoding=\"async\" width=\"150\" height=\"225\" src=\"https:\/\/wp.unil.ch\/allezsavoir\/files\/2026\/01\/livre_ssr_91-1.webp\" alt=\"livre ssr 91\" class=\"wp-image-15329\" \/><figcaption class=\"wp-element-caption\">Un si\u00e8cle de radio-t\u00e9l\u00e9vision. Le service public audiovisuel en Suisse romande. Par Fran\u00e7ois Vallotton. Savoir suisse (2026), 189 p.<\/figcaption><\/figure>\n<\/div>\n\n\n<hr class=\"wp-block-separator has-alpha-channel-opacity\" \/>\n\n\n\n<div class=\"wp-block-group has-background\" style=\"background-color:#abb7c224\"><div class=\"wp-block-group__inner-container is-layout-constrained wp-block-group-is-layout-constrained\">\n<p>Bouger est b\u00e9n\u00e9fique avant, pendant et apr\u00e8s la grossesse. Ce petit livre riche en conseils pratiques fait le tour de la question et propose quelques exercices. Le texte d\u00e9monte quelques mythes au passage, comme l\u2019id\u00e9e que l\u2019activit\u00e9 physique peut provoquer des fausses couches ou des accouchements pr\u00e9matur\u00e9s. Nourri par les recherches les plus r\u00e9centes, cet ouvrage fait partie d\u2019une collection dirig\u00e9e par Gr\u00e9goire Millet, professeur \u00e0 l\u2019Institut des sciences du sport. \/ DS<\/p>\n\n\n<div class=\"wp-block-image\">\n<figure class=\"aligncenter size-full\"><img loading=\"lazy\" decoding=\"async\" width=\"150\" height=\"211\" src=\"https:\/\/wp.unil.ch\/allezsavoir\/files\/2026\/01\/livre_grossesse_91.webp\" alt=\"livre grossesse 91\" class=\"wp-image-15284\" \/><figcaption class=\"wp-element-caption\">Je bouge avant, pendant et apr\u00e8s ma grossesse. Par Mathilde Hyv\u00e4rinen, Pauline Thomas, H\u00e9l\u00e8ne Legardeur, Bengt Kayser. \u00c9ditions Plan\u00e8te Sant\u00e9 (2025), 143 p.<\/figcaption><\/figure>\n<\/div><\/div><\/div>\n\n\n\n<hr class=\"wp-block-separator has-alpha-channel-opacity\" \/>\n\n\n\n<p>Viviane, Arthur, Merlin et Perceval. Ces personnages issus de textes m\u00e9di\u00e9vaux poursuivent leurs aventures \u00e0 notre \u00e9poque. Dans le cadre de sa th\u00e8se en Lettres, distingu\u00e9e par un prix de Facult\u00e9, H\u00e9l\u00e8ne Cordier a \u00e9tudi\u00e9 la transformation de ce patrimoine au sein des \u0153uvres destin\u00e9es \u00e0 la jeunesse. Cet ouvrage pr\u00e9sente ses recherches. L\u2019auteure s\u2019est \u00e9galement int\u00e9ress\u00e9e au Chat de Lausanne, un monstre combattu par le roi Arthur (<em>lire<\/em> Allez savoir! <em>n<sup>o<\/sup>78 de septembre 2021<\/em>). \/ DS<\/p>\n\n\n<div class=\"wp-block-image\">\n<figure class=\"aligncenter size-full\"><img loading=\"lazy\" decoding=\"async\" width=\"150\" height=\"217\" src=\"https:\/\/wp.unil.ch\/allezsavoir\/files\/2026\/01\/livre_table_ronde_91.webp\" alt=\"livre table ronde 91\" class=\"wp-image-15296\" \/><figcaption class=\"wp-element-caption\">La Table Ronde des enfants. Trajectoires transformatives du patrimoine litt\u00e9raire arthurien m\u00e9di\u00e9val dans les livres contemporains pour la jeunesse. Par H\u00e9l\u00e8ne Cordier. \u00c9ditions Alphil (2025), 585 p.<\/figcaption><\/figure>\n<\/div>\n\n\n<hr class=\"wp-block-separator has-alpha-channel-opacity\" \/>\n\n\n\n<div class=\"wp-block-group has-background\" style=\"background-color:#abb7c224\"><div class=\"wp-block-group__inner-container is-layout-constrained wp-block-group-is-layout-constrained\">\n<p>L\u2019utilisation de l\u2019intelligence artificielle bouscule le monde de la formation. Cet ouvrage collectif, \u00e0 destination des personnes int\u00e9ress\u00e9es par les questions p\u00e9dagogiques, fait le point. Un chapitre pr\u00e9sente par exemple les r\u00e9sultats d\u2019une \u00e9tude men\u00e9e pendant un semestre, au sujet de l\u2019utilisation de ChatGPT dans le cadre du cursus en droit \u00e0 l\u2019Unil. Les \u00e9tudiantes, les \u00e9tudiants et les enseignantes ont \u00e9valu\u00e9 les r\u00e9ponses fournies par la machine, en lien avec la mati\u00e8re trait\u00e9e lors des cours. \/ DS<\/p>\n\n\n<div class=\"wp-block-image\">\n<figure class=\"aligncenter size-full\"><img loading=\"lazy\" decoding=\"async\" width=\"150\" height=\"219\" src=\"https:\/\/wp.unil.ch\/allezsavoir\/files\/2026\/01\/livre_education_ia_91.webp\" alt=\"livre education ia 91\" class=\"wp-image-15283\" \/><figcaption class=\"wp-element-caption\">L\u2019\u00e9ducation \u00e0 l\u2019\u00e9preuve de l\u2019intelligence artificielle. Sous la direction d\u2019Ambroise Baillifard et Henrietta Carbonel. \u00c9pist\u00e9m\u00e9 (2025), 297 p.<\/figcaption><\/figure>\n<\/div><\/div><\/div>\n\n\n\n<hr class=\"wp-block-separator has-alpha-channel-opacity\" \/>\n\n\n\n<p>Ce tr\u00e8s beau livre rassemble les articles publi\u00e9s par <em>24 heures<\/em> dans sa s\u00e9rie d\u2019\u00e9t\u00e9 <em>Grandeur Nature<\/em> en 2024. Des journalistes, des photographes et des scientifiques du Natur\u00e9um (soit le Mus\u00e9e cantonal des sciences naturelles) sont partis ensemble sur le terrain, \u00e0 la d\u00e9couverte de la faune, de la flore et de la richesse g\u00e9ologique vaudoise et romande. Le travail r\u00e9alis\u00e9 en coulisse, dans les mus\u00e9es, est \u00e9galement mis en valeur, \u00e0 l\u2019exemple de l\u2019histoire du squelette de dodo conserv\u00e9 au Palais de Rumine. \/ DS<\/p>\n\n\n<div class=\"wp-block-image\">\n<figure class=\"aligncenter size-full\"><img loading=\"lazy\" decoding=\"async\" width=\"150\" height=\"118\" src=\"https:\/\/wp.unil.ch\/allezsavoir\/files\/2026\/01\/livre_carnet_nature_91.webp\" alt=\"livre carnet nature 91\" class=\"wp-image-15277\" \/><figcaption class=\"wp-element-caption\">Carnets de nature. \u00c0 la d\u00e9couverte de la biodiversit\u00e9 et des richesses min\u00e9rales de Suisse romande. <br>Sous la dir. de Gregory Wicky. Savoir suisse Hors collection (2025), 342 p.<\/figcaption><\/figure>\n<\/div>\n\n\n<hr class=\"wp-block-separator has-alpha-channel-opacity\" \/>\n\n\n\n<div class=\"wp-block-group has-background\" style=\"background-color:#abb7c224\"><div class=\"wp-block-group__inner-container is-layout-constrained wp-block-group-is-layout-constrained\">\n<p>30526 Suisses prirent part aux guerres napol\u00e9oniennes dans le camp de l\u2019Empire, entre 1805 et 1814. Avec l\u2019appui de l\u2019histoire et de l\u2019arch\u00e9ologie, Johan Vaucher traite de ce fait m\u00e9connu, notamment au travers des \u00e9crits personnels laiss\u00e9s par huit engag\u00e9s volontaires qui surv\u00e9curent au plomb, au froid et aux maladies. Laur\u00e9at d\u2019un prix de Facult\u00e9 pour son m\u00e9moire en Lettres (2024), l\u2019auteur nous fait d\u00e9couvrir la vie de ces militaires qui ont tout risqu\u00e9, par admiration pour Napol\u00e9on, par n\u00e9cessit\u00e9 ou par go\u00fbt de l\u2019aventure. \/ DS<\/p>\n\n\n\n<p><a href=\"https:\/\/wp.unil.ch\/labelettres\/\" data-type=\"link\" data-id=\"https:\/\/wp.unil.ch\/labelettres\/\" target=\"_blank\" rel=\"noreferrer noopener\">Lire \u00e9galement la notice sur le site de Labelettres<\/a><\/p>\n\n\n<div class=\"wp-block-image\">\n<figure class=\"aligncenter size-full\"><img loading=\"lazy\" decoding=\"async\" width=\"150\" height=\"227\" src=\"https:\/\/wp.unil.ch\/allezsavoir\/files\/2026\/01\/livre_bonaparte_91.webp\" alt=\"livre bonaparte 91\" class=\"wp-image-15276\" \/><figcaption class=\"wp-element-caption\">Les Suisses de Bonaparte. Dans la tourmente des guerres imp\u00e9riales. Par Johan Vaucher. Cab\u00e9dita (2025), 172 p.<\/figcaption><\/figure>\n<\/div><\/div><\/div>\n","protected":false},"excerpt":{"rendered":"<p>La campagne au sujet de l\u2019initiative \u00ab200 francs, \u00e7a suffit!\u00bb rythme l\u2019hiver 2025-2026. Le nouveau centre de production de la RTS s\u2019est install\u00e9 entre l\u2019Unil et l\u2019EPFL. Cette double actualit\u00e9 &hellip; <\/p>\n","protected":false},"author":825,"featured_media":15293,"comment_status":"open","ping_status":"closed","sticky":false,"template":"","format":"standard","meta":{"_seopress_robots_primary_cat":"","_seopress_titles_title":"","_seopress_titles_desc":"","_seopress_robots_index":"","footnotes":""},"categories":[31,4176,718,42226,35],"tags":[39521],"class_list":{"0":"post-15428","1":"post","2":"type-post","3":"status-publish","4":"format-standard","5":"has-post-thumbnail","7":"category-histoire","8":"category-livres","9":"category-nature","10":"category-no-91","11":"category-societe","12":"tag-david-spring"},"_links":{"self":[{"href":"https:\/\/wp.unil.ch\/allezsavoir\/wp-json\/wp\/v2\/posts\/15428","targetHints":{"allow":["GET"]}}],"collection":[{"href":"https:\/\/wp.unil.ch\/allezsavoir\/wp-json\/wp\/v2\/posts"}],"about":[{"href":"https:\/\/wp.unil.ch\/allezsavoir\/wp-json\/wp\/v2\/types\/post"}],"author":[{"embeddable":true,"href":"https:\/\/wp.unil.ch\/allezsavoir\/wp-json\/wp\/v2\/users\/825"}],"replies":[{"embeddable":true,"href":"https:\/\/wp.unil.ch\/allezsavoir\/wp-json\/wp\/v2\/comments?post=15428"}],"version-history":[{"count":4,"href":"https:\/\/wp.unil.ch\/allezsavoir\/wp-json\/wp\/v2\/posts\/15428\/revisions"}],"predecessor-version":[{"id":15447,"href":"https:\/\/wp.unil.ch\/allezsavoir\/wp-json\/wp\/v2\/posts\/15428\/revisions\/15447"}],"wp:featuredmedia":[{"embeddable":true,"href":"https:\/\/wp.unil.ch\/allezsavoir\/wp-json\/wp\/v2\/media\/15293"}],"wp:attachment":[{"href":"https:\/\/wp.unil.ch\/allezsavoir\/wp-json\/wp\/v2\/media?parent=15428"}],"wp:term":[{"taxonomy":"category","embeddable":true,"href":"https:\/\/wp.unil.ch\/allezsavoir\/wp-json\/wp\/v2\/categories?post=15428"},{"taxonomy":"post_tag","embeddable":true,"href":"https:\/\/wp.unil.ch\/allezsavoir\/wp-json\/wp\/v2\/tags?post=15428"}],"curies":[{"name":"wp","href":"https:\/\/api.w.org\/{rel}","templated":true}]}}