{"id":14955,"date":"2025-05-19T08:11:00","date_gmt":"2025-05-19T06:11:00","guid":{"rendered":"https:\/\/wp.unil.ch\/allezsavoir\/?p=14955"},"modified":"2025-05-07T15:55:23","modified_gmt":"2025-05-07T13:55:23","slug":"davel-son-temps-sa-posterite","status":"publish","type":"post","link":"https:\/\/wp.unil.ch\/allezsavoir\/davel-son-temps-sa-posterite\/","title":{"rendered":"Davel, son temps, sa post\u00e9rit\u00e9"},"content":{"rendered":"\n<p>Tout a \u00e9t\u00e9 dit et redit sur le Major Davel, pourrait-on penser. \u00c0 tort! \u00c0 condition d\u2019emprunter des chemins de travers, le grand h\u00e9ros des Vaudois reste un passionnant sujet d\u2019\u00e9tude pour les historiens. Issu du colloque organis\u00e9 \u00e0 l\u2019occasion du tricentenaire de sa mort en 2023, cet ouvrage collectif en t\u00e9moigne. Il s\u2019articule autour de deux grands th\u00e8mes: l\u2019\u00e9poque de Davel, d\u2019une part, et \u00abDavel\u2026 apr\u00e8s Davel\u00bb, d\u2019autre part, soit ses nombreux emplois et r\u00e9emplois post-mortem.<\/p>\n\n\n\n<p>Pour en savoir plus sur la premi\u00e8re moiti\u00e9 du XVIII<sup>e<\/sup> si\u00e8cle vaudois, une p\u00e9riode jusqu\u2019ici mal connue, Ariane Devanth\u00e9ry s\u2019est pench\u00e9e sur les \u00abD\u00e9lices de la Suisse\u00bb publi\u00e9 en 1714 par Abraham Ruchat. Un ouvrage qui resta longtemps \u00able principal guide de voyage en fran\u00e7ais consacr\u00e9 \u00e0 l\u2019espace helv\u00e9tique\u00bb. Son auteur y donnait notamment des informations sur l\u2019\u00e9conomie et les ressources de la r\u00e9gion (le sel, les vignobles et quelques villes riches en infrastructures commerciales). Il se montrait en outre particuli\u00e8rement \u00e9logieux au sujet de l\u2019importante activit\u00e9 d\u00e9ploy\u00e9e par les habitants de la Vall\u00e9e de Joux.<\/p>\n\n\n\n<p>Dans la deuxi\u00e8me partie de l\u2019ouvrage, le lecteur d\u00e9couvre ensuite \u2013 avec Olivier Meuwly notamment \u2013 comment Davel est pass\u00e9 du statut de personnage historique \u00e0 celui de figure politique, s\u2019immis\u00e7ant dans les discours des lib\u00e9raux (un peu), des radicaux (abondamment), et parfois m\u00eame des socialistes. D\u2019autres contributions s\u2019int\u00e9ressent \u00e0 la post\u00e9rit\u00e9 du Major au th\u00e9\u00e2tre, \u00e0 l\u2019op\u00e9ra et dans les arts plastiques, de Charles Gleyre \u00e0 Sophie Calle en passant par Ren\u00e9 Auberjonois et Charles Cl\u00e9ment. Alain Rochat, enfin, nous rappelle que Ramuz lui aussi se fit le \u00abnarrateur de l\u2019aventure dav\u00e9lienne\u00bb.  \/ Mireille Descombes<\/p>\n\n\n<div class=\"wp-block-image\">\n<figure class=\"aligncenter size-full\"><img loading=\"lazy\" decoding=\"async\" width=\"150\" height=\"219\" src=\"https:\/\/wp.unil.ch\/allezsavoir\/files\/2025\/05\/livre_davel_89.webp\" alt=\"livre davel 89\" class=\"wp-image-14843\" \/><figcaption class=\"wp-element-caption\">Le Major Davel \u00e0 travers le temps. Trois cents ans d\u2019histoire. Sous la dir. d\u2019Olivier Meuwly. Biblioth\u00e8que historique vaudoise (2024), 336 p.<\/figcaption><\/figure>\n<\/div>\n\n\n<h5 class=\"wp-block-heading\">L\u2019exil n\u2019est pas un crime \u00a0<\/h5>\n\n\n\n<p>\u00abEncore et toujours la politique du refoulement et du rejet\u2026\u00bb Dans ce coup de gueule, le professeur honoraire Claude Calame critique violemment la mani\u00e8re dont les \u00c9tats europ\u00e9ens traitent les personnes migrantes qui tentent de rejoindre le continent, notamment via la dangereuse travers\u00e9e de la M\u00e9diterran\u00e9e. L\u2019auteur n\u2019a pas de mots assez durs pour qualifier Frontex, l\u2019agence de l\u2019UE en charge des fronti\u00e8res de l\u2019Espace Schengen. Il s\u2019en prend \u00e9galement \u00e0 la notion d\u2019immigration choisie, qui pour lui subordonne l\u2019accueil aux \u00abexigences \u00e9conomiques\u00bb et \u00e0 \u00abl\u2019id\u00e9ologie dominante\u00bb des pays europ\u00e9ens.<\/p>\n\n\n\n<p>Claude Calame liste les causes de ces migrations. Elles sont, selon lui, la cons\u00e9quence des conflits men\u00e9s par les \u00c9tats-Unis et leurs alli\u00e9s europ\u00e9ens en Afghanistan, \u00e0 la Russie, \u00e0 la non-intervention des Europ\u00e9ens en Syrie ou aux op\u00e9rations men\u00e9es par la France en Afrique subsaharienne, entre autres. Mais par-dessus tout, ce sont le n\u00e9olib\u00e9ralisme ainsi que le n\u00e9ocolonialisme occidentaux qui sont \u00e0 bl\u00e2mer.  \/ DS <\/p>\n\n\n<div class=\"wp-block-image\">\n<figure class=\"aligncenter size-full\"><img loading=\"lazy\" decoding=\"async\" width=\"150\" height=\"203\" src=\"https:\/\/wp.unil.ch\/allezsavoir\/files\/2025\/05\/livre_calame_89.webp\" alt=\"livre calame 89\" class=\"wp-image-14840\" \/><figcaption class=\"wp-element-caption\">D\u00e9ni d\u2019humanit\u00e9. Par Claude Calame. \u00c9ditions du Croquant (2024), 63 p.<\/figcaption><\/figure>\n<\/div>\n\n\n<h5 class=\"wp-block-heading\">Manuel de droit pour les novices<\/h5>\n\n\n\n<p>Faire tenir le droit dans moins de 300 pages tient du d\u00e9fi. Un pari relev\u00e9 avec panache par Hansj\u00f6rg Peter, professeur \u00e0 l\u2019UNIL, et Yves Nicole, docteur en droit et avocat. Leur livre s\u2019adresse \u00e0 tous ceux qui souhaitent d\u00e9couvrir cette discipline, qu\u2019ils soient gymnasiens, \u00e9tudiants d\u00e9butants ou simples curieux. Il permet aussi au juriste exp\u00e9riment\u00e9 de rafra\u00eechir ses connaissances.<\/p>\n\n\n\n<p>Pour commencer, les auteurs nous emm\u00e8nent en p\u00e8lerinage aux sources du droit: la constitution, les lois et les ordonnances. On apprend ensuite que les communes suisses poss\u00e8dent plus ou moins de comp\u00e9tences juridiques selon les cantons, et que c\u2019est aux Grisons que leurs pouvoirs sont les plus \u00e9tendus. Enfin, surprise, parmi les annexes se trouve un petit questionnaire qui nous permet de tester nos acquis. Son sujet: \u00abFaire les commissions\u00bb. Et voici la question 9:\u00a0 \u00abRentrant \u00e0 la maison, nous constatons que le magasin nous a rendu un billet de 200 francs, au lieu d\u2019un billet de 50 francs. Qu\u2019en est-il?\u00bb La r\u00e9ponse, vous la trouverez page 257. \/ MD<\/p>\n\n\n<div class=\"wp-block-image\">\n<figure class=\"aligncenter size-full\"><img loading=\"lazy\" decoding=\"async\" width=\"150\" height=\"218\" src=\"https:\/\/wp.unil.ch\/allezsavoir\/files\/2025\/05\/livre_droit_300_89.webp\" alt=\"livre droit 300 89\" class=\"wp-image-14845\" \/><figcaption class=\"wp-element-caption\">Le droit en moins de 300 pages. Par Hansj\u00f6rg Peter et Yves Nicole. \nSchulthess \u00c9ditions romandes (2024), 272 p.<\/figcaption><\/figure>\n<\/div>","protected":false},"excerpt":{"rendered":"<p>Tout a \u00e9t\u00e9 dit et redit sur le Major Davel, pourrait-on penser. \u00c0 tort! \u00c0 condition d\u2019emprunter des chemins de travers, le grand h\u00e9ros des Vaudois reste un passionnant sujet &hellip; <\/p>\n","protected":false},"author":825,"featured_media":14842,"comment_status":"open","ping_status":"closed","sticky":false,"template":"","format":"standard","meta":{"_seopress_robots_primary_cat":"","_seopress_titles_title":"","_seopress_titles_desc":"","_seopress_robots_index":"","footnotes":""},"categories":[42136,31,4176,42219],"tags":[39521,42149],"class_list":{"0":"post-14955","1":"post","2":"type-post","3":"status-publish","4":"format-standard","5":"has-post-thumbnail","7":"category-droit","8":"category-histoire","9":"category-livres","10":"category-no-89","11":"tag-david-spring","12":"tag-mireille-descombes"},"_links":{"self":[{"href":"https:\/\/wp.unil.ch\/allezsavoir\/wp-json\/wp\/v2\/posts\/14955","targetHints":{"allow":["GET"]}}],"collection":[{"href":"https:\/\/wp.unil.ch\/allezsavoir\/wp-json\/wp\/v2\/posts"}],"about":[{"href":"https:\/\/wp.unil.ch\/allezsavoir\/wp-json\/wp\/v2\/types\/post"}],"author":[{"embeddable":true,"href":"https:\/\/wp.unil.ch\/allezsavoir\/wp-json\/wp\/v2\/users\/825"}],"replies":[{"embeddable":true,"href":"https:\/\/wp.unil.ch\/allezsavoir\/wp-json\/wp\/v2\/comments?post=14955"}],"version-history":[{"count":2,"href":"https:\/\/wp.unil.ch\/allezsavoir\/wp-json\/wp\/v2\/posts\/14955\/revisions"}],"predecessor-version":[{"id":14958,"href":"https:\/\/wp.unil.ch\/allezsavoir\/wp-json\/wp\/v2\/posts\/14955\/revisions\/14958"}],"wp:featuredmedia":[{"embeddable":true,"href":"https:\/\/wp.unil.ch\/allezsavoir\/wp-json\/wp\/v2\/media\/14842"}],"wp:attachment":[{"href":"https:\/\/wp.unil.ch\/allezsavoir\/wp-json\/wp\/v2\/media?parent=14955"}],"wp:term":[{"taxonomy":"category","embeddable":true,"href":"https:\/\/wp.unil.ch\/allezsavoir\/wp-json\/wp\/v2\/categories?post=14955"},{"taxonomy":"post_tag","embeddable":true,"href":"https:\/\/wp.unil.ch\/allezsavoir\/wp-json\/wp\/v2\/tags?post=14955"}],"curies":[{"name":"wp","href":"https:\/\/api.w.org\/{rel}","templated":true}]}}