{"id":14378,"date":"2024-10-17T08:25:00","date_gmt":"2024-10-17T06:25:00","guid":{"rendered":"https:\/\/wp.unil.ch\/allezsavoir\/?p=14378"},"modified":"2024-10-15T11:56:53","modified_gmt":"2024-10-15T09:56:53","slug":"norvegeetats-unis-ou-allemagne-memes-soucis","status":"publish","type":"post","link":"https:\/\/wp.unil.ch\/allezsavoir\/norvegeetats-unis-ou-allemagne-memes-soucis\/","title":{"rendered":"Norv\u00e8ge, \u00c9tats-Unis ou Allemagne, m\u00eames soucis"},"content":{"rendered":"\n<p><strong>Men\u00e9e dans des pays aux syst\u00e8mes \u00e9ducatifs tr\u00e8s diff\u00e9rents \u2013 de l\u2019\u00c9tat-providence au mod\u00e8le lib\u00e9ral \u2013, l\u2019\u00e9tude conduite par Michael Gr\u00e4tz montre que la politique peine \u00e0 gommer les in\u00e9galit\u00e9s.<\/strong><\/p>\n\n\n\n<figure class=\"wp-block-image size-full\"><img alt=\"\" loading=\"lazy\" decoding=\"async\" width=\"800\" height=\"533\" src=\"https:\/\/wp.unil.ch\/allezsavoir\/files\/2024\/10\/enfants_suite_87_1.webp\" alt=\"\" class=\"wp-image-14300\" srcset=\"https:\/\/wp.unil.ch\/allezsavoir\/files\/2024\/10\/enfants_suite_87_1.webp 800w, https:\/\/wp.unil.ch\/allezsavoir\/files\/2024\/10\/enfants_suite_87_1-390x260.webp 390w, https:\/\/wp.unil.ch\/allezsavoir\/files\/2024\/10\/enfants_suite_87_1-768x512.webp 768w\" sizes=\"auto, (max-width: 800px) 100vw, 800px\" \/><figcaption class=\"wp-element-caption\">M\u00eame dans une soci\u00e9t\u00e9 aussi \u00e9galitaire que celle de la Norv\u00e8ge (ici, \u00e0 \u00c5lesund), les politiques publiques ne neutralisent pas l\u2019effet du facteur de l\u2019\u00e2ge des parents. \u00a9\u2009Tatyana Tomsickova\u2009\/ Dreamstime.com<\/figcaption><\/figure>\n\n\n\n<p>Les donn\u00e9es d\u00e9mographiques et scolaires utilis\u00e9es pour l\u2019\u00e9tude de Michael Gr\u00e4tz sont issues de trois pays: la Norv\u00e8ge, l\u2019Allemagne et les \u00c9tats-Unis. Trois \u00c9tats caract\u00e9ris\u00e9s par des politiques sociales et des niveaux d\u2019in\u00e9galit\u00e9s en mati\u00e8re d\u2019\u00e9ducation tr\u00e8s diff\u00e9rents. La Norv\u00e8ge \u00e9tant le pays le plus \u00e9galitaire et les \u00c9tats-Unis, le moins entreprenant en la mati\u00e8re.<\/p>\n\n\n\n<p>Le \u00abmod\u00e8le scandinave\u00bb social-d\u00e9mocrate, que l\u2019on conna\u00eet aussi sous le terme d\u2019\u00c9tat-providence, pr\u00e9voit de nombreuses mesures de protection sociale et d\u2019\u00e9galit\u00e9 des chances. R\u00e9sultat: un faible niveau d\u2019in\u00e9galit\u00e9s \u00e9conomiques, la gratuit\u00e9 de la prise en charge scolaire et une redistribution importante des ressources en faveur des familles avec enfant. Quant au mod\u00e8le lib\u00e9ral am\u00e9ricain, il se caract\u00e9rise en revanche par un haut niveau d\u2019in\u00e9galit\u00e9s \u00e9conomiques et tr\u00e8s peu de soutien aux citoyens dans le besoin, notamment les jeunes parents. Entre les deux, le syst\u00e8me de protection sociale allemand est plut\u00f4t g\u00e9n\u00e9reux \u00e0 l\u2019\u00e9gard des familles, mais moins que celui de la Norv\u00e8ge.<\/p>\n\n\n\n<p>On pourrait penser que l\u2019\u00e9tat social \u00e0 la scandinave, \u00e9galitaire et redistributif, neutralise l\u2019effet d\u2019un facteur comme l\u2019\u00e2ge des parents et que, m\u00eame si ceux-ci sont jeunes, le parcours scolaire de leurs enfants n\u2019en p\u00e2tira pas gr\u00e2ce au soutien de l\u2019\u00c9tat. De la m\u00eame mani\u00e8re, on pourrait penser que l\u2019\u00e2ge des parents p\u00e8se plus lourd dans la trajectoire scolaire des enfants dans un pays comme les \u00c9tats-Unis, o\u00f9 le filet social est tr\u00e8s mince et les jeunes parents peu soutenus. Mais il n\u2019en est rien. Les r\u00e9sultats de Michael Gr\u00e4tz montrent que le fait de retarder la naissance du premier enfant est li\u00e9 \u00e0 une am\u00e9lioration des r\u00e9sultats scolaires autant aux \u00c9tats-Unis qu\u2019en Norv\u00e8ge ou en Allemagne.<\/p>\n\n\n\n<p>Quelle que soit la politique en place, le niveau d\u2019\u00e9ducation des enfants augmente toujours avec l\u2019\u00e2ge de leurs parents. \u00abOn sait que les in\u00e9galit\u00e9s sociales sont tr\u00e8s difficiles \u00e0 gommer par le biais de la politique, m\u00eame dans les pays qui investissent beaucoup en faveur de l\u2019\u00e9galit\u00e9 des chances, comme la Norv\u00e8ge\u00bb, conc\u00e8de Michael Gr\u00e4tz.<\/p>\n\n\n\n<p>Les donn\u00e9es utilis\u00e9es dans l\u2019\u00e9tude ne concernent pas la Suisse, mais les r\u00e9sultats obtenus pourraient tr\u00e8s bien \u00eatre extrapol\u00e9s \u00e0 notre pays, admet le chercheur. \u00abLe comportement d\u00e9mographique est similaire ici, rappelle-t-il. Et on peut dire que la Suisse entre dans la m\u00eame cat\u00e9gorie que l\u2019Allemagne en mati\u00e8re de politique sociale, comme d\u2019autres pays d\u2019Europe de l\u2019Ouest, d\u2019ailleurs.\u00bb<\/p>\n\n\n\n<p>Article principal: <a href=\"https:\/\/wp.unil.ch\/allezsavoir\/?p=14376\" data-type=\"link\" data-id=\"https:\/\/wp.unil.ch\/allezsavoir\/?p=14376\">Parents plus \u00e2g\u00e9s, enfants mieux form\u00e9s<\/a><\/p>\n","protected":false},"excerpt":{"rendered":"<p>Men\u00e9e dans des pays aux syst\u00e8mes \u00e9ducatifs tr\u00e8s diff\u00e9rents \u2013 de l\u2019\u00c9tat-providence au mod\u00e8le lib\u00e9ral \u2013, l\u2019\u00e9tude conduite par Michael Gr\u00e4tz montre que la politique peine \u00e0 gommer les in\u00e9galit\u00e9s. &hellip; <\/p>\n","protected":false},"author":825,"featured_media":14301,"comment_status":"open","ping_status":"closed","sticky":false,"template":"","format":"standard","meta":{"_seopress_robots_primary_cat":"","_seopress_titles_title":"","_seopress_titles_desc":"","_seopress_robots_index":"","footnotes":""},"categories":[42217,35],"tags":[387],"class_list":{"0":"post-14378","1":"post","2":"type-post","3":"status-publish","4":"format-standard","5":"has-post-thumbnail","7":"category-no-87","8":"category-societe","9":"tag-genevieve-comby"},"_links":{"self":[{"href":"https:\/\/wp.unil.ch\/allezsavoir\/wp-json\/wp\/v2\/posts\/14378","targetHints":{"allow":["GET"]}}],"collection":[{"href":"https:\/\/wp.unil.ch\/allezsavoir\/wp-json\/wp\/v2\/posts"}],"about":[{"href":"https:\/\/wp.unil.ch\/allezsavoir\/wp-json\/wp\/v2\/types\/post"}],"author":[{"embeddable":true,"href":"https:\/\/wp.unil.ch\/allezsavoir\/wp-json\/wp\/v2\/users\/825"}],"replies":[{"embeddable":true,"href":"https:\/\/wp.unil.ch\/allezsavoir\/wp-json\/wp\/v2\/comments?post=14378"}],"version-history":[{"count":4,"href":"https:\/\/wp.unil.ch\/allezsavoir\/wp-json\/wp\/v2\/posts\/14378\/revisions"}],"predecessor-version":[{"id":14383,"href":"https:\/\/wp.unil.ch\/allezsavoir\/wp-json\/wp\/v2\/posts\/14378\/revisions\/14383"}],"wp:featuredmedia":[{"embeddable":true,"href":"https:\/\/wp.unil.ch\/allezsavoir\/wp-json\/wp\/v2\/media\/14301"}],"wp:attachment":[{"href":"https:\/\/wp.unil.ch\/allezsavoir\/wp-json\/wp\/v2\/media?parent=14378"}],"wp:term":[{"taxonomy":"category","embeddable":true,"href":"https:\/\/wp.unil.ch\/allezsavoir\/wp-json\/wp\/v2\/categories?post=14378"},{"taxonomy":"post_tag","embeddable":true,"href":"https:\/\/wp.unil.ch\/allezsavoir\/wp-json\/wp\/v2\/tags?post=14378"}],"curies":[{"name":"wp","href":"https:\/\/api.w.org\/{rel}","templated":true}]}}