{"id":13611,"date":"2023-10-10T08:14:00","date_gmt":"2023-10-10T06:14:00","guid":{"rendered":"https:\/\/wp.unil.ch\/allezsavoir\/?p=13611"},"modified":"2023-09-21T14:27:55","modified_gmt":"2023-09-21T12:27:55","slug":"une-architecture-suisse-tres-allemande","status":"publish","type":"post","link":"https:\/\/wp.unil.ch\/allezsavoir\/une-architecture-suisse-tres-allemande\/","title":{"rendered":"Une architecture\u00a0suisse tr\u00e8s \u00aballemande\u00bb"},"content":{"rendered":"\n<figure class=\"wp-block-image size-full\"><img alt=\"\" loading=\"lazy\" decoding=\"async\" width=\"598\" height=\"800\" src=\"https:\/\/wp.unil.ch\/allezsavoir\/files\/2023\/09\/livre_architectes_84_1.jpg\" alt=\"\" class=\"wp-image-13483\" srcset=\"https:\/\/wp.unil.ch\/allezsavoir\/files\/2023\/09\/livre_architectes_84_1.jpg 598w, https:\/\/wp.unil.ch\/allezsavoir\/files\/2023\/09\/livre_architectes_84_1-194x260.jpg 194w\" sizes=\"auto, (max-width: 598px) 100vw, 598px\" \/><figcaption class=\"wp-element-caption\">L\u2019esth\u00e9tique rigoureuse du magasin Grosch &amp; Greiff, con\u00e7u par\nOtto Engler. \u00a9\u2009Biblioth\u00e8que de Gen\u00e8ve<\/figcaption><\/figure>\n\n\n\n<p><strong>Dans \u00abCousins germains\u00bb, l\u2019historien de l\u2019art Dave L\u00fcthi r\u00e9v\u00e8le le r\u00f4le cl\u00e9 jou\u00e9 par l\u2019Allemagne dans la constitution de l\u2019architecture helv\u00e9tique.&nbsp;<\/strong><\/p>\n\n\n\n<p>Le point commun entre Glaris et La Chaux-de-Fonds? Toutes deux, apr\u00e8s avoir \u00e9t\u00e9 d\u00e9truites par un incendie, ont \u00e9t\u00e9 reconstruites selon un plan et des principes import\u00e9s d\u2019Allemagne. Et ce n\u2019est de loin pas l\u2019unique t\u00e9moignage de l\u2019influence de notre grand voisin sur les constructions helv\u00e9tiques. Sous le titre <em>Cousins germains<\/em>, l\u2019historien de l\u2019art Dave L\u00fcthi, professeur associ\u00e9 en Architecture et patrimoine \u00e0 l\u2019UNIL, s\u2019est longuement pench\u00e9 sur ce th\u00e8me. Il estime ainsi que plus de deux mille architectes suisses ont quitt\u00e9 leur pays pour se former dans les grandes \u00e9coles allemandes entre 1800 et 1914. Et il a retrouv\u00e9 la trace d\u2019un millier d\u2019entre eux. De quoi battre en br\u00e8che certaines id\u00e9es re\u00e7ues, notamment celle qui concerne le lien de d\u00e9pendance de la Suisse, et en particulier de la Suisse romande, \u00e0 l\u2019\u00c9cole des beaux-arts de Paris.<\/p>\n\n\n\n<p><strong>Parties hautes valoris\u00e9es<\/strong><\/p>\n\n\n\n<p>Parmi les b\u00e2timents \u00aballemands\u00bb construits en Suisse au XIX<sup>e<\/sup> et au d\u00e9but du XX<sup>e<\/sup> si\u00e8cle figurent la premi\u00e8re gare de Bade \u00e0 B\u00e2le, le ch\u00e2teau historiciste de H\u00fcnegg, au bord du lac de Thoune, plusieurs \u00e9glises et de nombreux grands magasins. Ce qui caract\u00e9rise ces derniers? Une architecture \u00abverticaliste\u00bb, des fa\u00e7ades rythm\u00e9es de trav\u00e9es r\u00e9guli\u00e8res, des meneaux de pierre cachant une structure de b\u00e9ton arm\u00e9 et la mise en \u00e9vidence des parties hautes par un \u00e9tage en attique. Un exemple? Le magasin<br>Grosch &amp; Greiff construit \u00e0 Gen\u00e8ve par Otto Engler de D\u00fcsseldorf, un sp\u00e9cialiste en la mati\u00e8re. \u00abL\u2019Allemagne poss\u00e8de des solutions typologiques qui visiblement satisfont aux attentes des Suisses, qu\u2019ils soient al\u00e9maniques mais aussi romands\u00bb, note \u00e0 ce propos l\u2019auteur.&nbsp;<\/p>\n\n\n\n<p>La pr\u00e9sence du Hambourgeois Gottfried Semper \u00e0 la t\u00eate de la Bauschule de l\u2019\u00c9cole polytechnique f\u00e9d\u00e9rale de Zurich \u2013 dont il a construit le b\u00e2timent principal \u2013 aura elle aussi une influence notable. Notamment sur le d\u00e9veloppement de la villa \u00abcomme exercice de style et nouveau type dominant\u00bb. L\u2019Allemagne joue aussi un r\u00f4le non n\u00e9gligeable dans l\u2019introduction du r\u00e9gionalisme et la diffusion du fameux \u00abstyle chalet\u00bb, bien \u00e9loign\u00e9 de l\u2019architecture rurale alpine. Et ce sont encore des mod\u00e8les \u00e9trangers qui sont convoqu\u00e9s quand il s\u2019agit d\u2019inventer une architecture nationale. Con\u00e7u par Hans Wilhelm Auer, \u00e9voquant notamment le Reichstag de Berlin, le projet retenu pour le nouveau Palais f\u00e9d\u00e9ral \u00e0 Berne se caract\u00e9rise ainsi par son \u00e9clectisme europ\u00e9en. Ses principales caract\u00e9ristiques helv\u00e9tiques tiennent, elles, aux mat\u00e9riaux utilis\u00e9s qui proviennent des diff\u00e9rents cantons et aux armoiries sur la fa\u00e7ade.\/<\/p>\n\n\n\n<p><a href=\"https:\/\/wp.unil.ch\/labelettres\/cousins-germains-les-architectes-suisses-formes-en-allemagne-1800-1920\/\" data-type=\"link\" data-id=\"https:\/\/wp.unil.ch\/labelettres\/cousins-germains-les-architectes-suisses-formes-en-allemagne-1800-1920\/\" target=\"_blank\" rel=\"noreferrer noopener\">Notice sur le site LabeLettres<\/a><\/p>\n\n\n\n<figure class=\"wp-block-image size-full\"><img alt=\"\" loading=\"lazy\" decoding=\"async\" width=\"150\" height=\"213\" src=\"https:\/\/wp.unil.ch\/allezsavoir\/files\/2023\/09\/livre_cousins_germans_84.jpg\" alt=\"\" class=\"wp-image-13472\" \/><figcaption class=\"wp-element-caption\">Cousins germains. Les architectes suisses form\u00e9s en Allemagne 1800-1920.\nPar Dave L\u00fcthi. EPFL Press (2023), 438 p.<\/figcaption><\/figure>\n","protected":false},"excerpt":{"rendered":"<p>Dans \u00abCousins germains\u00bb, l\u2019historien de l\u2019art Dave L\u00fcthi r\u00e9v\u00e8le le r\u00f4le cl\u00e9 jou\u00e9 par l\u2019Allemagne dans la constitution de l\u2019architecture helv\u00e9tique.&nbsp; Le point commun entre Glaris et La Chaux-de-Fonds? Toutes &hellip; <\/p>\n","protected":false},"author":825,"featured_media":13482,"comment_status":"open","ping_status":"closed","sticky":false,"template":"","format":"standard","meta":{"_seopress_robots_primary_cat":"","_seopress_titles_title":"","_seopress_titles_desc":"","_seopress_robots_index":"","footnotes":""},"categories":[13144,4176,42206],"tags":[42149],"class_list":{"0":"post-13611","1":"post","2":"type-post","3":"status-publish","4":"format-standard","5":"has-post-thumbnail","7":"category-art-et-litterature","8":"category-livres","9":"category-no-84","10":"tag-mireille-descombes"},"_links":{"self":[{"href":"https:\/\/wp.unil.ch\/allezsavoir\/wp-json\/wp\/v2\/posts\/13611","targetHints":{"allow":["GET"]}}],"collection":[{"href":"https:\/\/wp.unil.ch\/allezsavoir\/wp-json\/wp\/v2\/posts"}],"about":[{"href":"https:\/\/wp.unil.ch\/allezsavoir\/wp-json\/wp\/v2\/types\/post"}],"author":[{"embeddable":true,"href":"https:\/\/wp.unil.ch\/allezsavoir\/wp-json\/wp\/v2\/users\/825"}],"replies":[{"embeddable":true,"href":"https:\/\/wp.unil.ch\/allezsavoir\/wp-json\/wp\/v2\/comments?post=13611"}],"version-history":[{"count":0,"href":"https:\/\/wp.unil.ch\/allezsavoir\/wp-json\/wp\/v2\/posts\/13611\/revisions"}],"wp:featuredmedia":[{"embeddable":true,"href":"https:\/\/wp.unil.ch\/allezsavoir\/wp-json\/wp\/v2\/media\/13482"}],"wp:attachment":[{"href":"https:\/\/wp.unil.ch\/allezsavoir\/wp-json\/wp\/v2\/media?parent=13611"}],"wp:term":[{"taxonomy":"category","embeddable":true,"href":"https:\/\/wp.unil.ch\/allezsavoir\/wp-json\/wp\/v2\/categories?post=13611"},{"taxonomy":"post_tag","embeddable":true,"href":"https:\/\/wp.unil.ch\/allezsavoir\/wp-json\/wp\/v2\/tags?post=13611"}],"curies":[{"name":"wp","href":"https:\/\/api.w.org\/{rel}","templated":true}]}}