{"id":12941,"date":"2023-02-23T08:26:00","date_gmt":"2023-02-23T06:26:00","guid":{"rendered":"https:\/\/wp.unil.ch\/allezsavoir\/?p=12941"},"modified":"2023-02-24T10:04:24","modified_gmt":"2023-02-24T08:04:24","slug":"en-directu-du-campus","status":"publish","type":"post","link":"https:\/\/wp.unil.ch\/allezsavoir\/en-directu-du-campus\/","title":{"rendered":"En direct du campus"},"content":{"rendered":"\n<h5 class=\"wp-block-heading\"><strong>Pl\u00e2tre et ciment<\/strong><\/h5>\n\n\n\n<h5 class=\"wp-block-heading\">Le Campus sant\u00e9 prend forme<\/h5>\n\n\n\n<p>Situ\u00e9 \u00e0 c\u00f4t\u00e9 du quartier de la Bourdonnette, non loin de l\u2019UNIL, le futur Campus Sant\u00e9 vaudois devrait \u00eatre fonctionnel en septembre 2026. En juin dernier, le Grand Conseil vaudois a en effet donn\u00e9 son feu vert \u00e0 la construction de quatre b\u00e2timents, ce qui repr\u00e9sente un budget de 165,6 millions de francs. Quatre institutions sont partenaires dans ce projet: la Haute \u00e9cole de sant\u00e9 Vaud (HESAV), la Haute \u00e9cole de sant\u00e9 La Source, le CHUV et l\u2019UNIL, avec sa Facult\u00e9 de biologie et de m\u00e9decine.<\/p>\n\n\n\n<p>Parmi les \u00e9difices pr\u00e9vus figure le \u00abCentre coordonn\u00e9 de comp\u00e9tences cliniques\u00bb, ou \u00abC4\u00bb. Ce dernier va \u00eatre un centre de formation, pr\u00e9-grade, post-grade ou continue, pour les \u00e9tudiants et les professionnels de la Sant\u00e9 issus de six fili\u00e8res: m\u00e9decine, soins infirmiers, physioth\u00e9rapie, ergoth\u00e9rapie, ainsi que les sages-femmes et les techniciennes et techniciens en radiologie. Un accent va \u00eatre plac\u00e9 sur la simulation dans des infrastructures qui permettront des conditions de soins quasi r\u00e9elles (R\u00e9d.)<\/p>\n\n\n\n<figure class=\"wp-block-image size-full\"><img alt=\"\" loading=\"lazy\" decoding=\"async\" width=\"800\" height=\"566\" src=\"https:\/\/wp.unil.ch\/allezsavoir\/files\/2023\/02\/breve_82_2.jpg\" alt=\"\" class=\"wp-image-13026\" srcset=\"https:\/\/wp.unil.ch\/allezsavoir\/files\/2023\/02\/breve_82_2.jpg 800w, https:\/\/wp.unil.ch\/allezsavoir\/files\/2023\/02\/breve_82_2-367x260.jpg 367w, https:\/\/wp.unil.ch\/allezsavoir\/files\/2023\/02\/breve_82_2-768x543.jpg 768w\" sizes=\"auto, (max-width: 800px) 100vw, 800px\" \/><\/figure>\n\n\n\n<hr class=\"wp-block-separator has-alpha-channel-opacity\" \/>\n\n\n\n<p><strong>Le site<\/strong><\/p>\n\n\n\n<h5 class=\"wp-block-heading\">Gibbon en ligne<\/h5>\n\n\n\n<p><a href=\"https:\/\/wp.unil.ch\/allezsavoir\/comment-lausanne-fit-gibbon-et-reciproquement\/\" data-type=\"post\" data-id=\"12874\">Dans son \u00e9dition n\u00b081<\/a>, <em>Allez savoir!<\/em> avait pr\u00e9sent\u00e9 le magnifique ouvrage<em> Edward Gibbon et Lausanne. Le Pays de Vaud \u00e0 la rencontre des Lumi\u00e8res europ\u00e9ennes<\/em> (paru chez Infolio en 2022). Les personnes int\u00e9ress\u00e9es par l\u2019historien du XVIIIe si\u00e8cle (et par la riche vie culturelle romande de l\u2019\u00e9poque, de mani\u00e8re plus g\u00e9n\u00e9rale) peuvent se plonger dans les documents mis \u00e0 disposition sur la plateforme Lumi\u00e8res.Lausanne, un site aliment\u00e9 par les recherches men\u00e9es en Facult\u00e9 des lettres et en Facult\u00e9 de th\u00e9ologie et sciences des religions. Ainsi, des lettres, un essai et un journal, transcrits et \u00e9dit\u00e9s, sont \u00e0 disposition, tout comme une riche bibliographie. (R\u00e9d)<br><a rel=\"noreferrer noopener\" href=\"https:\/\/lumieres.unil.ch\/projets\/gibbon\" data-type=\"URL\" data-id=\"lumieres.unil.ch\/projets\/gibbon\" target=\"_blank\">lumieres.unil.ch\/projets\/gibbon<\/a><\/p>\n\n\n\n<hr class=\"wp-block-separator has-alpha-channel-opacity\" \/>\n\n\n\n<p><strong>A \u00e9couter<\/strong><\/p>\n\n\n\n<h5 class=\"wp-block-heading\">L\u2019UNIL dans les oreilles<\/h5>\n\n\n\n<p>Magazine en ligne du campus de l\u2019UNIL, r\u00e9alis\u00e9 par des journalistes professionnelles, l\u2019uniscope met en lumi\u00e8re l\u2019institution, sa recherche, la vie de son campus et de ses services, collant ainsi au plus pr\u00e8s du quotidien d\u2019une communaut\u00e9 de 22\u2009000 personnes. L\u2019\u00e9quipe de l\u2019uniscope propose \u00e9galement, dans chaque \u00e9dition, un podcast. Les \u00e9pisodes, d\u2019une dur\u00e9e de 20 minutes environ, portent sur des sujets tr\u00e8s vari\u00e9s. Il peut s\u2019agir d\u2019une \u00e9tude men\u00e9e au sujet de la m\u00e9ritocratie, tout comme d\u2019un reportage avec les agriculteurs de la Ferme de Bassenges. Ces sons sont disponibles sur plusieurs plateformes, comme Spotify, Apple Podcasts ou Google Podcasts. (R\u00e9d)<br><a rel=\"noreferrer noopener\" href=\"https:\/\/unil.ch\/uniscope\/category\/focus\/podcast\" data-type=\"URL\" data-id=\"unil.ch\/uniscope\/category\/focus\/podcast\" target=\"_blank\">unil.ch\/uniscope\/category\/focus\/podcast<\/a><\/p>\n\n\n\n<div class=\"wp-block-group has-background\" style=\"background-color:#cca03966\"><div class=\"wp-block-group__inner-container is-layout-constrained wp-block-group-is-layout-constrained\">\n<div class=\"wp-block-group\"><div class=\"wp-block-group__inner-container is-layout-constrained wp-block-group-is-layout-constrained\">\n<p><strong>De la suite dans les id\u00e9es<\/strong><\/p>\n\n\n\n<h5 class=\"wp-block-heading\">Allez savoir! vous en a parl\u00e9<\/h5>\n\n\n\n<p>Mentionn\u00e9 dans <em>Allez savoir!<\/em> n\u00b066 (mai 2017), le futur b\u00e2timent des sciences de la vie franchit une nouvelle \u00e9tape. Le Grand Conseil vaudois a en effet accept\u00e9 ce projet \u00e0 87 millions. L\u2019\u00e9difice, qui sera construit non loin de l\u2019Amphimax, abritera des locaux d\u00e9di\u00e9s \u00e0 la formation, \u00e0 la recherche, des salles de travaux pratiques, des laboratoires et bureaux, un auditoire de 300 places ainsi que le Centre Dubochet.<\/p>\n<\/div><\/div>\n\n\n\n<p>Benjamin Constant est ind\u00e9modable. La biographie passionnante que lui a consacr\u00e9e L\u00e9onard Burnand, doyen de la Facult\u00e9 des lettres, a \u00e9t\u00e9 pr\u00e9sent\u00e9e dans l\u2019\u00e9dition no 81 de ce magazine. Outre un \u00e9cho m\u00e9diatique consid\u00e9rable, notamment en France, cet ouvrage paru chez Perrin en 2022 a valu deux distinctions \u00e0 son auteur. Ainsi, le professeur de l\u2019UNIL est laur\u00e9at du Grand Prix de la Fondation Napol\u00e9on, une premi\u00e8re pour un Suisse. Il a \u00e9galement \u00e9t\u00e9 r\u00e9compens\u00e9 du Prix de la Soci\u00e9t\u00e9 litt\u00e9raire de Gen\u00e8ve. DS<\/p>\n<\/div><\/div>\n\n\n\n<p><strong>Pixels<\/strong><\/p>\n\n\n\n<h5 class=\"wp-block-heading\">L&rsquo;UNIL gagne un niveau<\/h5>\n\n\n\n<p>Trois jeux vid\u00e9o con\u00e7us en partie \u00e0 l\u2019UNIL ont \u00e9t\u00e9 distingu\u00e9s lors des Swiss Game Awards 2022. <em>Vote Now!<\/em>, au graphisme minimaliste, propose de rejouer des votations. Il a \u00e9t\u00e9 concoct\u00e9 par Jo\u00ebl Rimaz dans le cadre du cours de d\u00e9veloppement de jeu vid\u00e9o 2D d\u2019Isaac Pante, en Facult\u00e9 des Lettres. <em>Lausanne 1830: Histoires de registres<\/em> (voir <em>Allez savoir! <\/em>81) a \u00e9t\u00e9 r\u00e9compens\u00e9 dans la cat\u00e9gorie Best Serious Game. Enfin, le prix <em>Excellence in Execution<\/em> a couronn\u00e9 le jeu d\u2019aventure <em>Captain Velvet Meteor: The Jump+ Dimensions<\/em>. Parmi l\u2019\u00e9quipe de r\u00e9alisation figurent M\u00e9lissa Corboz (\u00e9tudiante du Master en humanit\u00e9s num\u00e9riques) et David Javet (GameLab UNIL-EPFL). (R\u00e9d.)<br><a href=\"https:\/\/jrante.itch.io\/vote-now\" data-type=\"URL\" data-id=\"jrante.itch.io\/vote-now\" target=\"_blank\" rel=\"noreferrer noopener\">jrante.itch.io\/vote-now<\/a> ; <a href=\"https:\/\/lausanne1830.ch\" data-type=\"URL\" data-id=\"lausanne1830.ch\" target=\"_blank\" rel=\"noreferrer noopener\">lausanne1830.ch<\/a> ; <a href=\"https:\/\/momo-pi.com\" data-type=\"URL\" data-id=\"momo-pi.com\" target=\"_blank\" rel=\"noreferrer noopener\">momo-pi.com<\/a><\/p>\n\n\n\n<figure class=\"wp-block-image size-full\"><img alt=\"\" loading=\"lazy\" decoding=\"async\" width=\"800\" height=\"631\" src=\"https:\/\/wp.unil.ch\/allezsavoir\/files\/2023\/02\/breve_82_1.jpg\" alt=\"\" class=\"wp-image-13025\" srcset=\"https:\/\/wp.unil.ch\/allezsavoir\/files\/2023\/02\/breve_82_1.jpg 800w, https:\/\/wp.unil.ch\/allezsavoir\/files\/2023\/02\/breve_82_1-330x260.jpg 330w, https:\/\/wp.unil.ch\/allezsavoir\/files\/2023\/02\/breve_82_1-768x606.jpg 768w\" sizes=\"auto, (max-width: 800px) 100vw, 800px\" \/><figcaption class=\"wp-element-caption\">Vote now!<\/figcaption><\/figure>\n\n\n\n<hr class=\"wp-block-separator has-alpha-channel-opacity\" \/>\n\n\n\n<p><strong>Fiscalit\u00e9<\/strong><\/p>\n\n\n\n<h5 class=\"wp-block-heading\">Pascal Saint-Amans \u00e0 Dorigny<\/h5>\n\n\n\n<p>Ancien directeur du Centre de politique et d\u2019administration fiscales de l\u2019OCDE, Pascal Saint-Amans a \u00e9t\u00e9 nomm\u00e9 professeur titulaire \u00e0 la Facult\u00e9 de droit, des sciences criminelles et d\u2019administration publique (FDCA). Il rejoindra les professeurs Robert Danon et Marius Br\u00fclhart \u00e0 la direction du Centre de politique fiscale de l\u2019UNIL, une plateforme conjointe \u00e0 la FDCA et \u00e0 la Facult\u00e9 des hautes \u00e9tudes commerciales. En plus de nouveaux enseignements propos\u00e9s aux \u00e9tudiants de <em>master<\/em>, deux nouvelles formations continues portant respectivement sur la politique fiscale et la pr\u00e9vention et la r\u00e9solution des diff\u00e9rends fiscaux internationaux seront ouvertes d\u00e8s 2024. (R\u00e9d.)<\/p>\n\n\n\n<p>Twitter: <a href=\"https:\/\/twitter.com\/PSaintAmans\" data-type=\"URL\" data-id=\"https:\/\/twitter.com\/PSaintAmans\" target=\"_blank\" rel=\"noreferrer noopener\">@PSaintAmans<\/a><\/p>\n\n\n\n<figure class=\"wp-block-image size-full\"><img alt=\"\" loading=\"lazy\" decoding=\"async\" width=\"800\" height=\"533\" src=\"https:\/\/wp.unil.ch\/allezsavoir\/files\/2023\/02\/breve_saint_amans_82_3.jpg\" alt=\"\" class=\"wp-image-13028\" srcset=\"https:\/\/wp.unil.ch\/allezsavoir\/files\/2023\/02\/breve_saint_amans_82_3.jpg 800w, https:\/\/wp.unil.ch\/allezsavoir\/files\/2023\/02\/breve_saint_amans_82_3-390x260.jpg 390w, https:\/\/wp.unil.ch\/allezsavoir\/files\/2023\/02\/breve_saint_amans_82_3-768x512.jpg 768w\" sizes=\"auto, (max-width: 800px) 100vw, 800px\" \/><figcaption class=\"wp-element-caption\">Fabrice Ducrest\u2009\u00a9\u2009UNIL <\/figcaption><\/figure>\n\n\n\n<hr class=\"wp-block-separator has-alpha-channel-opacity\" \/>\n\n\n\n<p><strong>A l&rsquo;honneur<\/strong><\/p>\n\n\n\n<h5 class=\"wp-block-heading\">Jeu, g\u00e9nomique, mobilisations et transition<\/h5>\n\n\n\n<p>Dipl\u00f4m\u00e9 de la Facult\u00e9 des lettres et membre fondateur du GameLab UNIL-EPFL, <strong>Selim Krichane<\/strong>, 36 ans, devient d\u00e8s le 1er avril le nouveau directeur du Mus\u00e9e suisse du jeu. Cet enseignant-chercheur au Coll\u00e8ge des Humanit\u00e9s de l\u2019EPFL, passionn\u00e9 du jeu sous toutes ses formes, succ\u00e8de \u00e0 Ulrich Sch\u00e4dler, qui conduit depuis vingt ans cette institution situ\u00e9e au Ch\u00e2teau de La Tour-de-Peilz (VD). Parmi ses premi\u00e8res t\u00e2ches, le nouveau chef devra proposer un plan strat\u00e9gique pour les ann\u00e9es futures, reprendre le projet de sc\u00e9nographie du mus\u00e9e, s\u2019engager dans la recherche de fonds et accompagner la r\u00e9novation du Ch\u00e2teau.  \/ LC<br>Twitter: <a rel=\"noreferrer noopener\" href=\"https:\/\/twitter.com\/SelimKrichane\" data-type=\"URL\" data-id=\"https:\/\/twitter.com\/SelimKrichane\" target=\"_blank\">@SelimKrichane<\/a><\/p>\n\n\n\n<p>Docteure \u00e8s sciences de la vie de l\u2019UNIL en 2018, aujourd\u2019hui chercheuse \u00e0 l\u2019Universit\u00e9 Columbia (New York), <strong>Marianna Zazhytska<\/strong> a \u00e9t\u00e9 distingu\u00e9e d\u2019un prix prestigieux en neurosciences, le \u00abPeter and Patricia Gruber International Research Award\u00bb (Universit\u00e9 de Yale). Ses recherches ont port\u00e9 sur l\u2019anosmie, signe avant-coureur potentiel de la maladie d\u2019Alzheimer, tout comme d\u2019une infection par le SRAS-CoV-2. La scientifique a trouv\u00e9 des points communs entre les deux, notamment la perturbation de l\u2019architecture g\u00e9nomique des r\u00e9cepteurs olfactifs. Ainsi, le syst\u00e8me olfactif pourrait avertir de l\u2019imminence d\u2019une maladie en interrompant son activit\u00e9. \/ DS<\/p>\n\n\n\n<p>L\u2019European Consortium for Political Research a d\u00e9cern\u00e9 le prix Mattei Dogan 2022 \u00e0 <strong>Olivier Fillieule<\/strong>, pour ses contributions majeures \u00e0 l\u2019avancement de la sociologie politique. Les recherches de ce professeur \u00e0 l\u2019Institut d\u2019\u00e9tudes politiques (Facult\u00e9 des sciences sociales et politiques) portent sur la dynamique des mobilisations, la gestion \u00e9tatique des conflits sociaux dans des contextes d\u00e9mocratiques et autoritaires et l\u2019internationalisation des modes de contr\u00f4le, la sociologie de l\u2019engagement et des carri\u00e8res militantes, y compris le d\u00e9sengagement, ainsi que sur la m\u00e9thodologie des \u00e9tudes sur les mouvements sociaux. (R\u00e9d)<br><a href=\"https:\/\/ecpr.eu\" data-type=\"URL\" data-id=\"ecpr.eu\" target=\"_blank\" rel=\"noreferrer noopener\">ecpr.eu<\/a><\/p>\n\n\n\n<p>D\u2019une dur\u00e9e de six ans, le projet de recherche-action \u00abPost-Growth Deal (REAL)\u00bb a re\u00e7u un soutien du Conseil europ\u00e9en de la recherche d\u2019un montant d\u2019environ 10 millions de francs. Dirig\u00e9 par trois scientifiques, dont la professeure <strong>Julia Steinberger<\/strong> (Facult\u00e9 des g\u00e9osciences et de l\u2019environnement), \u00abPost-Growth Deal (REAL)\u00bb porte sur la gestion, par les soci\u00e9t\u00e9s du Nord et du Sud, des transitions \u00e9conomique, politique et sociale, vers une \u00e8re de post-croissance. Il vise \u00e0 apporter \u00e0 la fois des paradigmes radicalement nouveaux en \u00e9conomie \u00e9cologique, et des nouveaux d\u00e9veloppements concrets sur le terrain. (R\u00e9d)<br>Twitter: <a rel=\"noreferrer noopener\" href=\"https:\/\/twitter.com\/JKSteinberger\" data-type=\"URL\" data-id=\"https:\/\/twitter.com\/JKSteinberger\" target=\"_blank\">@JKSteinberger<\/a><\/p>\n","protected":false},"excerpt":{"rendered":"<p>Pl\u00e2tre et ciment Le Campus sant\u00e9 prend forme Situ\u00e9 \u00e0 c\u00f4t\u00e9 du quartier de la Bourdonnette, non loin de l\u2019UNIL, le futur Campus Sant\u00e9 vaudois devrait \u00eatre fonctionnel en septembre &hellip; <\/p>\n","protected":false},"author":825,"featured_media":13027,"comment_status":"open","ping_status":"closed","sticky":false,"template":"","format":"standard","meta":{"_seopress_robots_primary_cat":"","_seopress_titles_title":"","_seopress_titles_desc":"","_seopress_robots_index":"","footnotes":""},"categories":[42161,42203],"tags":[39521,42185],"class_list":{"0":"post-12941","1":"post","2":"type-post","3":"status-publish","4":"format-standard","5":"has-post-thumbnail","7":"category-campus","8":"category-no-82","9":"tag-david-spring","10":"tag-lysiane-christen"},"_links":{"self":[{"href":"https:\/\/wp.unil.ch\/allezsavoir\/wp-json\/wp\/v2\/posts\/12941","targetHints":{"allow":["GET"]}}],"collection":[{"href":"https:\/\/wp.unil.ch\/allezsavoir\/wp-json\/wp\/v2\/posts"}],"about":[{"href":"https:\/\/wp.unil.ch\/allezsavoir\/wp-json\/wp\/v2\/types\/post"}],"author":[{"embeddable":true,"href":"https:\/\/wp.unil.ch\/allezsavoir\/wp-json\/wp\/v2\/users\/825"}],"replies":[{"embeddable":true,"href":"https:\/\/wp.unil.ch\/allezsavoir\/wp-json\/wp\/v2\/comments?post=12941"}],"version-history":[{"count":0,"href":"https:\/\/wp.unil.ch\/allezsavoir\/wp-json\/wp\/v2\/posts\/12941\/revisions"}],"wp:featuredmedia":[{"embeddable":true,"href":"https:\/\/wp.unil.ch\/allezsavoir\/wp-json\/wp\/v2\/media\/13027"}],"wp:attachment":[{"href":"https:\/\/wp.unil.ch\/allezsavoir\/wp-json\/wp\/v2\/media?parent=12941"}],"wp:term":[{"taxonomy":"category","embeddable":true,"href":"https:\/\/wp.unil.ch\/allezsavoir\/wp-json\/wp\/v2\/categories?post=12941"},{"taxonomy":"post_tag","embeddable":true,"href":"https:\/\/wp.unil.ch\/allezsavoir\/wp-json\/wp\/v2\/tags?post=12941"}],"curies":[{"name":"wp","href":"https:\/\/api.w.org\/{rel}","templated":true}]}}