{"id":12776,"date":"2022-10-17T08:27:00","date_gmt":"2022-10-17T06:27:00","guid":{"rendered":"https:\/\/wp.unil.ch\/allezsavoir\/?p=12776"},"modified":"2022-10-26T10:13:36","modified_gmt":"2022-10-26T08:13:36","slug":"en-direct-du-campus-29","status":"publish","type":"post","link":"https:\/\/wp.unil.ch\/allezsavoir\/en-direct-du-campus-29\/","title":{"rendered":"En direct du campus"},"content":{"rendered":"\n<figure class=\"wp-block-image size-full\"><img alt=\"\" loading=\"lazy\" decoding=\"async\" width=\"800\" height=\"450\" src=\"https:\/\/wp.unil.ch\/allezsavoir\/files\/2022\/10\/breve_1_81.jpg\" alt=\"\" class=\"wp-image-12689\" srcset=\"https:\/\/wp.unil.ch\/allezsavoir\/files\/2022\/10\/breve_1_81.jpg 800w, https:\/\/wp.unil.ch\/allezsavoir\/files\/2022\/10\/breve_1_81-462x260.jpg 462w, https:\/\/wp.unil.ch\/allezsavoir\/files\/2022\/10\/breve_1_81-768x432.jpg 768w\" sizes=\"auto, (max-width: 800px) 100vw, 800px\" \/><figcaption>Lausanne 1830: Histoires de registres<\/figcaption><\/figure>\n\n\n\n<p><strong>Jeu vid\u00e9o<\/strong><\/p>\n\n\n\n<h5 class=\"wp-block-heading\">Lausanne, une histoire en pixels<\/h5>\n\n\n\n<p>R\u00e9alis\u00e9 \u00e0 l\u2019aide de sources historiques, <em>Lausanne 1830: Histoires de registres<\/em> est un jeu vid\u00e9o destin\u00e9 aux 11-15 ans, mais int\u00e9ressant pour tout le monde. Il s\u2019agit de r\u00e9unir des informations sur des habitants de l\u2019\u00e9poque afin de compl\u00e9ter le registre de la population. Pour ce faire, vous irez visiter la place de la Palud, les moulins de la vall\u00e9e du Flon, ou une brasserie de la rue Chaucrau. Les lieux et personnes sont adapt\u00e9s de faits historiques. Ces rep\u00e8res sont l\u2019occasion de s\u2019immerger dans l\u2019histoire locale lausannoise. Les principaux auteurs sont Saara Jones (game design, Facult\u00e9 des lettres de l\u2019UNIL), Sarah Jallon (graphisme, HEIG-VD) et Andrew Dobis (programmation, EPFL-ETHZ). Le studio veveysan de d\u00e9veloppement de jeux vid\u00e9o Digital Kingdom a compl\u00e9t\u00e9 l\u2019encadrement en mettant \u00e0 disposition son savoir-faire. Ce projet est port\u00e9 par le GameLab UNIL-EPFL, l\u2019initiative Lausanne Time Machine et le Coll\u00e8ge des Humanit\u00e9s de l\u2019EPFL. (Communication Lettres\/R\u00e9d.)<\/p>\n\n\n\n<p><a href=\"https:\/\/lausanne1830.ch\" data-type=\"URL\" data-id=\"lausanne1830.ch\" target=\"_blank\" rel=\"noreferrer noopener\">lausanne1830.ch<\/a><\/p>\n\n\n\n<hr class=\"wp-block-separator has-alpha-channel-opacity\" \/>\n\n\n\n<p><strong>Strat\u00e9gie<\/strong><\/p>\n\n\n\n<h5 class=\"wp-block-heading\">Un cap pour l\u2019UNIL<\/h5>\n\n\n\n<p>Sous le titre \u00abPr\u00e9parer demain\u00bb, la direction de l\u2019UNIL a pr\u00e9sent\u00e9 son plan d\u2019intentions au mois de juin. Ce document fixe les orientations strat\u00e9giques de la direction actuelle pour la dur\u00e9e de son mandat (jusqu\u2019au 31 juillet 2026). Il s\u2019articule autour de six enjeux majeurs: Transition \u00e9cologique; Diversit\u00e9, \u00e9galit\u00e9 et inclusion; Renforcement continu de la place, de l\u2019image et de l\u2019impact des sciences; Sant\u00e9; Technologies num\u00e9riques; Repenser l\u2019enseignement, la recherche, les carri\u00e8res \u00e0 l\u2019UNIL et les relations interinstitutionnelles dans un monde (post) COVID. Ces enjeux ont guid\u00e9 la d\u00e9finition des objectifs en mati\u00e8re d\u2019enseignement, de recherche, d\u2019interactions avec la soci\u00e9t\u00e9 et de d\u00e9veloppement institutionnel pour les ann\u00e9es \u00e0 venir. (R\u00e9d.)<\/p>\n\n\n\n<p><a href=\"https:\/\/unil2026.ch\" data-type=\"URL\" data-id=\"unil2026.ch\" target=\"_blank\" rel=\"noreferrer noopener\">unil2026.ch<\/a><\/p>\n\n\n\n<hr class=\"wp-block-separator has-alpha-channel-opacity\" \/>\n\n\n\n<p><strong>Le site<\/strong><\/p>\n\n\n\n<h5 class=\"wp-block-heading\">En direct avec le recteur<\/h5>\n\n\n\n<p>Le recteur Fr\u00e9d\u00e9ric Herman tient un blog depuis f\u00e9vrier dernier. Son contenu, au ton personnel, compl\u00e8te la communication institutionnelle et scientifique de l\u2019UNIL. Les articles refl\u00e8tent les enthousiasmes et les pr\u00e9occupations de leur auteur. Par exemple, ce dernier livre ses r\u00e9flexions au sujet du rapport du GIEC publi\u00e9 d\u00e9but avril, en relevant que l\u2019empreinte carbone de l\u2019institution, dont la communaut\u00e9 compte 22000 personnes, demeure encore \u00abbeaucoup trop \u00e9lev\u00e9e\u00bb, mais que des solutions \u00e0 mettre en place collectivement existent. (R\u00e9d)<\/p>\n\n\n\n<p><a href=\"https:\/\/unil.ch\/blogdurecteur\" data-type=\"URL\" data-id=\"unil.ch\/blogdurecteur\" target=\"_blank\" rel=\"noreferrer noopener\">unil.ch\/blogdurecteur<\/a><\/p>\n\n\n\n<hr class=\"wp-block-separator has-alpha-channel-opacity\" \/>\n\n\n\n<p><strong>De la suite dans les id\u00e9es<\/strong><\/p>\n\n\n\n<h5 class=\"wp-block-heading\">Allez savoir! vous en a parl\u00e9<\/h5>\n\n\n\n<p>Dans le cadre de sa th\u00e8se en sciences criminelles, Florentin Coppey a mis au point une solution portable d\u2019analyse rapide de stup\u00e9fiants <a href=\"https:\/\/wp.unil.ch\/allezsavoir\/sa-lampe-revele-les-drogues-en-cinq-secondes\/\" data-type=\"post\" data-id=\"11856\">(lire Allez savoir! no 77)<\/a>. La soci\u00e9t\u00e9 NIRLab Forensics, qu\u2019il a cofond\u00e9e avec le professeur Pierre Esseiva, a sign\u00e9 un accord de licence avec l\u2019UNIL. Cela permet \u00e0 la jeune entreprise d\u2019utiliser le logiciel d\u00e9tenu par l\u2019institution pour d\u00e9velopper et commercialiser son dispositif.<\/p>\n\n\n\n<p>Fond\u00e9e par Quentin Kany et Cl\u00e9ment Perez, dipl\u00f4m\u00e9s de l\u2019UNIL, la soci\u00e9t\u00e9 Wepot est laur\u00e9ate du Prix suisse de l\u2019\u00e9thique 2022. Celle-ci commercialise des \u00abollas\u00bb, soit des r\u00e9cipients \u00e0 base d\u2019argile qui permettent une irrigation des plantes \u00e9conomique en eau <a href=\"https:\/\/wp.unil.ch\/allezsavoir\/ils-optimisent-larrosage-des-jardins-et-balcons\/\" data-type=\"post\" data-id=\"12104\">(lire Allez savoir! no 78)<\/a>.<\/p>\n\n\n\n<p>Doctorant \u00e0 la Facult\u00e9 de biologie et de m\u00e9decine, Guillaume Lavanchy a remport\u00e9 le troisi\u00e8me prix de la finale suisse du concours \u00abMa th\u00e8se en 180 secondes\u00bb <a href=\"https:\/\/wp.unil.ch\/allezsavoir\/en-direct-du-campus-28\/\" data-type=\"post\" data-id=\"12523\">(lire Allez savoir! no 80)<\/a>. DS<\/p>\n\n\n\n<hr class=\"wp-block-separator has-alpha-channel-opacity\" \/>\n\n\n\n<figure class=\"wp-block-image size-full\"><img alt=\"\" loading=\"lazy\" decoding=\"async\" width=\"800\" height=\"600\" src=\"https:\/\/wp.unil.ch\/allezsavoir\/files\/2022\/10\/breve_2_81.jpg\" alt=\"\" class=\"wp-image-12690\" srcset=\"https:\/\/wp.unil.ch\/allezsavoir\/files\/2022\/10\/breve_2_81.jpg 800w, https:\/\/wp.unil.ch\/allezsavoir\/files\/2022\/10\/breve_2_81-347x260.jpg 347w, https:\/\/wp.unil.ch\/allezsavoir\/files\/2022\/10\/breve_2_81-768x576.jpg 768w\" sizes=\"auto, (max-width: 800px) 100vw, 800px\" \/><figcaption>\u00a9Jelena Protic<\/figcaption><\/figure>\n\n\n\n<p><strong>Droit<\/strong><\/p>\n\n\n\n<h5 class=\"wp-block-heading\">L\u2019UNIL brille \u00e0 Strasbourg<\/h5>\n\n\n\n<p>Une \u00e9quipe de trois \u00e9tudiantes de master de l\u2019\u00c9cole de droit (Facult\u00e9 de droit, des sciences criminelles et d\u2019administration publique) a remport\u00e9 la deuxi\u00e8me place lors du Concours europ\u00e9en des droits de l\u2019homme Ren\u00e9 Cassin, le 17 juin dernier. Compos\u00e9 d\u2019In\u00e8s Sottas, In\u00e8s Monteiro et Soleille Leila Sardy, le trio a \u00e9t\u00e9 \u00abcoach\u00e9\u00bb par Jelena Protic, assistante dipl\u00f4m\u00e9e, sous la direction de la professeure Evelyne Schmid. Dans le cadre de ce concours de plaidoiries sur la Convention europ\u00e9enne des droits de l\u2019homme, chaque \u00e9quipe doit r\u00e9diger un m\u00e9moire en requ\u00eate ou en d\u00e9fense. Le trio de l\u2019UNIL a repr\u00e9sent\u00e9 Kayleen Niccury, requ\u00e9rante fictive du cas soumis lors de cette \u00e9dition. Le jury \u00e9tait compos\u00e9 de 22 personnes, dont un ancien pr\u00e9sident et plusieurs juges de la Cour europ\u00e9enne des droits de l\u2019homme. (R\u00c9d)<\/p>\n\n\n\n<p><a href=\"https:\/\/iidh.org\" data-type=\"URL\" data-id=\"iidh.org\" target=\"_blank\" rel=\"noreferrer noopener\">iidh.org<\/a><\/p>\n\n\n\n<hr class=\"wp-block-separator has-alpha-channel-opacity\" \/>\n\n\n\n<p><strong>Jeu<\/strong><\/p>\n\n\n\n<h5 class=\"wp-block-heading\">Le barracuda a de l\u2019app\u00e9tit<\/h5>\n\n\n\n<p>La r\u00e9cup\u00e9ration des pi\u00e8ces d\u2019or cach\u00e9es dans des \u00e9paves de galions peut s\u2019av\u00e9rer lucrative, mais cette activit\u00e9 sous-marine n\u2019est pas de tout repos. En effet, d\u2019autres plongeurs cherchent \u00e9galement des tr\u00e9sors dans le m\u00eame coin que vous, tandis qu\u2019un gros poisson carnivore r\u00f4de. Voici le cadre du jeu de soci\u00e9t\u00e9 cr\u00e9\u00e9 par Isaac Pante, ma\u00eetre d\u2019enseignement et de recherche en Section des sciences du langage et de l\u2019information (Facult\u00e9 des lettres). Malin mais sans prise de t\u00eate, facile \u00e0 apprendre, dot\u00e9 d\u2019un mat\u00e9riel simple (cartes, jetons, d\u00e9s), Barrakuda se joue de deux \u00e0 quatre personnes, chacun pour soi ou en \u00e9quipe, d\u00e8s 8 ans. DS<\/p>\n\n\n\n<p>Barrakuda. Par Isaac Pante. <a href=\"https:\/\/helvetiq.com\/be\/barrakuda\" data-type=\"URL\" data-id=\"helvetiq.com\/be\/barrakuda\" target=\"_blank\" rel=\"noreferrer noopener\">helvetiq.com\/be\/barrakuda<\/a><\/p>\n\n\n\n<hr class=\"wp-block-separator has-alpha-channel-opacity\" \/>\n\n\n\n<p><strong>Coop\u00e9ration<\/strong><\/p>\n\n\n\n<h5 class=\"wp-block-heading\">Villes et hautes \u00e9coles, main dans la main<\/h5>\n\n\n\n<p>Comment les villes et leurs universit\u00e9s collaborent-elles? Le r\u00e9seau europ\u00e9en EUniverCities, qui compte une dizaine de membres (dont le duo form\u00e9 par la Commune de Lausanne et l\u2019UNIL), a publi\u00e9 un manuel en anglais \u00e0 ce sujet. De mani\u00e8re claire, l\u2019ouvrage expose la mani\u00e8re dont les villes et les acad\u00e9mies qui leur sont li\u00e9es peuvent lancer et consolider des partenariats. Des \u00e9tudes de cas, de la Norv\u00e8ge au Portugal, forment l\u2019essentiel du contenu. Par exemple, l\u2019Universit\u00e9 de Gand (Belgique) a cr\u00e9\u00e9 une Stadsacademie, qui poss\u00e8de un espace physique, o\u00f9 des acteurs de la soci\u00e9t\u00e9 et le monde universitaire se rencontrent afin d\u2019identifier des pr\u00e9occupations communes, notamment autour de la durabilit\u00e9.<\/p>\n\n\n\n<p>Pour Lausanne, la recherche-action \u00abVolteface\u00bb<a href=\"https:\/\/wp.unil.ch\/allezsavoir\/a-quelle-energie-carbureront-les-suisses-en-2049\/\" data-type=\"post\" data-id=\"7040\"> (lire Allez savoir! 62)<\/a>, consacr\u00e9e \u00e0 la transition \u00e9nerg\u00e9tique, est pr\u00e9sent\u00e9e, tout comme deux autres projets, \u00abVivre ensemble dans l\u2019incertain\u00bb et \u00abInteract\u00bb. DS<\/p>\n\n\n\n<p><em>Handbook for Strategic City-University co-operation<\/em>. \u00c0 t\u00e9l\u00e9charger sur <a href=\"https:\/\/eunivercitiesnetwork.com\" data-type=\"URL\" data-id=\"eunivercitiesnetwork.com\" target=\"_blank\" rel=\"noreferrer noopener\">eunivercitiesnetwork.com <\/a>&gt; Publications<\/p>\n\n\n\n<blockquote class=\"wp-block-quote is-layout-flow wp-block-quote-is-layout-flow\"><p>Il faut savoir gr\u00e9 \u00e0 l\u2019Universit\u00e9 de Lausanne et \u00e0 ses professeurs des efforts qu\u2019ils accomplissent pour faire b\u00e9n\u00e9ficier le public [\u2026] des r\u00e9sultats de leurs travaux et de leurs recherches.<\/p><cite>Feuille d\u2019avis de Lausanne, 17 avril 1937<\/cite><\/blockquote>\n\n\n\n<hr class=\"wp-block-separator has-alpha-channel-opacity\" \/>\n\n\n\n<p><strong>L\u2019UNIL dans les m\u00e9dias<\/strong><\/p>\n\n\n\n<h5 class=\"wp-block-heading\">Benjamin Constant, climat, savants et arch\u00e9ologie<\/h5>\n\n\n\n<p>9985 Le nombre d\u2019articles et d\u2019\u00e9missions qui ont mentionn\u00e9 l\u2019UNIL ou le CHUV dans les m\u00e9dias romands en 2022 (d\u2019apr\u00e8s la revue de presse Argus au 12 septembre). Benjamin Constant fascine toujours. La biographie que vient de lui consacrer L\u00e9onard Burnand, doyen de la Facult\u00e9 des lettres, a vivement int\u00e9ress\u00e9 les m\u00e9dias. Ce printemps, l\u2019auteur a notamment \u00e9t\u00e9 invit\u00e9 \u00e0 l\u2019\u00e9mission Concordance des temps (France Culture) avec Jean-No\u00ebl Jeanneney, ainsi que dans le cadre de <em>Historiquement v\u00f4tre,<\/em> pilot\u00e9e par St\u00e9phane Bern sur Europe 1 (<a href=\"https:\/\/wp.unil.ch\/allezsavoir\/?p=12856\" data-type=\"URL\" data-id=\"https:\/\/wp.unil.ch\/allezsavoir\/?p=12856\">lire \u00e9galement ici<\/a>).<\/p>\n\n\n\n<p>Le 13 mai, l\u2019historien des sciences sociales Jean-Fran\u00e7ois Bert a particip\u00e9 \u00e0 l\u2019\u00e9mission Sans oser le demander sur France Culture. Ma\u00eetre d\u2019enseignement et de recherche \u00e0 l\u2019Institut d\u2019histoire et anthropologie des religions, il a parl\u00e9 des m\u00e9thodes de travail des savants et de la mani\u00e8re dont ces derniers \u00e9laborent leur pens\u00e9e (<a href=\"https:\/\/wp.unil.ch\/allezsavoir\/?p=12867\" data-type=\"URL\" data-id=\"https:\/\/wp.unil.ch\/allezsavoir\/?p=12867\">lire \u00e9galement en p. 62<\/a>).<\/p>\n\n\n\n<p>Les Alpes deviennent de plus en plus vertes et ce n\u2019est pas rassurant. Une recherche publi\u00e9e dans Science le 2 juin par des \u00e9quipes de scientifiques de l\u2019UNIL et de l\u2019Universit\u00e9 de B\u00e2le d\u00e9montre que la productivit\u00e9 de la v\u00e9g\u00e9tation au-dessus de la limite des arbres avait augment\u00e9 de pr\u00e8s de 77%, entre 1984 et 2021 (lire ci-dessous). Le retentissement m\u00e9diatique, en Suisse et \u00e0 l\u2019\u00e9tranger, a \u00e9t\u00e9 tr\u00e8s important, avec par exemple des articles dans le <em>Guardian<\/em> ou sur NBC News.<\/p>\n\n\n\n<p>Directeur de l\u2019\u00c9cole suisse d\u2019arch\u00e9ologie en Gr\u00e8ce, Sylvian Fachard a \u00e9t\u00e9 l\u2019invit\u00e9 de la Matinale de la RTS le 10 juin. Il a parl\u00e9 de la destruction des villes durant des guerres, dans l\u2019Antiquit\u00e9, mais \u00e9galement de nos jours. Car la plupart des cit\u00e9s se rel\u00e8vent<a href=\"https:\/\/wp.unil.ch\/allezsavoir\/comment-les-villes-se-relevent\/\" data-type=\"post\" data-id=\"12513\"> (lire \u00e9galement Allez savoir! n\u00b0 80)<\/a>. DS<\/p>\n\n\n\n<hr class=\"wp-block-separator has-alpha-channel-opacity\" \/>\n\n\n\n<p><strong>Livre<\/strong><\/p>\n\n\n\n<h5 class=\"wp-block-heading\">A l\u2019assaut du cancer<\/h5>\n\n\n\n<p>Modalit\u00e9 th\u00e9rapeutique r\u00e9cente, l\u2019immunoth\u00e9rapie vise \u00e0 \u00abrestaurer la capacit\u00e9 du syst\u00e8me immunitaire \u00e0 reconna\u00eetre et d\u00e9truire les tumeurs\u00bb. R\u00e9dig\u00e9 par les professeurs Olivier Michielin et George Coukos, sp\u00e9cialistes bien connus de ce domaine de pointe, cet ouvrage con\u00e7u pour tous les publics fournit de nombreuses explications au sujet du cancer, jusque dans l\u2019intimit\u00e9 des cellules. Le texte, enrichi de sch\u00e9mas et d\u2019un glossaire, d\u00e9taille la mani\u00e8re dont l\u2019immunoth\u00e9rapie fonctionne, les b\u00e9n\u00e9fices (et les succ\u00e8s parfois impressionnants) qu\u2019elle procure aux patients, tout comme ses effets secondaires et ses limites. L\u2019immunoth\u00e9rapie est en plein d\u00e9veloppement. Les auteurs nous pr\u00e9sentent certaines des pistes qui s\u2019ouvrent aujourd\u2019hui. L\u2019un des d\u00e9veloppements en cours r\u00e9side dans l\u2019oncologie \u00abde pr\u00e9cision\u00bb, qui, au moyen d\u2019une analyse d\u00e9taill\u00e9e des tumeurs, ouvre la possibilit\u00e9 de traitements personnalis\u00e9s. DS<\/p>\n\n\n\n<figure class=\"wp-block-image size-full\"><img alt=\"\" loading=\"lazy\" decoding=\"async\" width=\"150\" height=\"235\" src=\"https:\/\/wp.unil.ch\/allezsavoir\/files\/2022\/10\/livre_immunotherapie_81.jpg\" alt=\"\" class=\"wp-image-12731\" \/><figcaption>La r\u00e9volution de l\u2019immunoth\u00e9rapie. Par Olivier Michielin et George Coukos. Favre (2022), 155 p.<\/figcaption><\/figure>\n\n\n\n<hr class=\"wp-block-separator has-alpha-channel-opacity\" \/>\n\n\n\n<p><strong>Passage en revues<\/strong><\/p>\n\n\n\n<h5 class=\"wp-block-heading\">Pourtant, que la montagne est&#8230; verte<\/h5>\n\n\n\n<p>2914 Le nombre d\u2019articles que les chercheurs de l\u2019UNIL et du CHUV ont fait para\u00eetre dans des revues scientifiques \u00e9valu\u00e9es par les pairs, en 2022 (d\u2019apr\u00e8s Serval, au 12 septembre).<\/p>\n\n\n\n<p>Les Alpes connaissent un accroissement prononc\u00e9 et g\u00e9n\u00e9ralis\u00e9 de la v\u00e9g\u00e9tation aux hautes altitudes. C\u2019est la conclusion \u00e0 laquelle est arriv\u00e9e une \u00e9quipe men\u00e9e par Sabine Rumpf (Universit\u00e9 de B\u00e2le), Antoine Guisan et Gr\u00e9goire Mari\u00e9thoz (tous deux de l\u2019UNIL).<\/p>\n\n\n\n<p>En collaboration avec des groupes de recherche bas\u00e9s au Pays-Bas et en Finlande, les scientifiques ont examin\u00e9 les modifications de la couverture neigeuse et de la v\u00e9g\u00e9tation en recourant \u00e0 des donn\u00e9es satellite r\u00e9colt\u00e9es de 1984 \u00e0 2021. Sur cette p\u00e9riode, la biomasse v\u00e9g\u00e9tale a augment\u00e9 au-dessus de la limite des arbres dans plus de 77% des Alpes. Ce ph\u00e9nom\u00e8ne de \u00abverdissement\u00bb d\u00fb au changement climatique est d\u00e9j\u00e0 bien document\u00e9 dans l\u2019Arctique.<\/p>\n\n\n\n<p>\u00abL\u2019\u00e9chelle du changement s\u2019av\u00e8re absolument massive dans les Alpes\u00bb, avance Sabine Rumpf. La cha\u00eene verdit car la v\u00e9g\u00e9tation colonise de nouveaux territoires et devient dans l\u2019ensemble plus dense et plus haute. L\u2019augmentation de la biomasse v\u00e9g\u00e9tale est d\u2019abord imputable aux changements dans le r\u00e9gime des pr\u00e9cipitations et \u00e0 l\u2019allongement de la saison de croissance des plantes, r\u00e9sultant de la hausse des temp\u00e9ratures. \u00abLes plantes alpines sont adapt\u00e9es \u00e0 des conditions difficiles, mais elles ne sont pas tr\u00e8s comp\u00e9titives\u00bb, explique Sabine Rumpf. Comme les conditions environnementales changent, ces esp\u00e8ces tr\u00e8s sp\u00e9cialis\u00e9es perdent leur avantage et sont d\u00e9pass\u00e9es par la concurrence: \u00abla biodiversit\u00e9 unique des Alpes subit d\u00e8s lors une pression consid\u00e9rable.\u00bb<\/p>\n\n\n\n<p>Les Alpes vont devenir de moins en moins blanches et de plus en plus vertes, entrant dans un cercle vicieux: \u00abDes montagnes plus vertes, cela signifie une moindre r\u00e9flexion de la lumi\u00e8re du soleil, ce qui va amplifier encore le r\u00e9chauffement et, m\u00e9caniquement, diminuer le manteau neigeux et son pouvoir r\u00e9fl\u00e9chissant\u00bb, explique Sabine Rumpf. Le r\u00e9chauffement accentue \u00e9galement la fonte des glaciers et le d\u00e9gel du permafrost, ce qui augmente le risque de glissements de terrain, d\u2019\u00e9boulements et de coul\u00e9es de boue. De plus, Sabine Rumpf souligne le r\u00f4le important que jouent la neige et la glace des Alpes dans l\u2019approvisionnement en eau potable, sans oublier les loisirs et le tourisme. UNIBAS\/ Communication FBM\/Allez savoir!)<\/p>\n\n\n\n<p>L\u2019article dans Science: <a href=\"https:\/\/science.org\/doi\/10.1126\/science.abn6697\" data-type=\"URL\" data-id=\"science.org\/doi\/10.1126\/science.abn6697\" target=\"_blank\" rel=\"noreferrer noopener\">science.org\/doi\/10.1126\/science.abn6697<\/a><\/p>\n\n\n\n<hr class=\"wp-block-separator has-alpha-channel-opacity\" \/>\n\n\n\n<figure class=\"wp-block-image size-full\"><img alt=\"\" loading=\"lazy\" decoding=\"async\" width=\"800\" height=\"563\" src=\"https:\/\/wp.unil.ch\/allezsavoir\/files\/2022\/10\/breve_3_81.jpg\" alt=\"\" class=\"wp-image-12691\" srcset=\"https:\/\/wp.unil.ch\/allezsavoir\/files\/2022\/10\/breve_3_81.jpg 800w, https:\/\/wp.unil.ch\/allezsavoir\/files\/2022\/10\/breve_3_81-369x260.jpg 369w, https:\/\/wp.unil.ch\/allezsavoir\/files\/2022\/10\/breve_3_81-768x540.jpg 768w\" sizes=\"auto, (max-width: 800px) 100vw, 800px\" \/><figcaption>\u00a9INDEX architectes <\/figcaption><\/figure>\n\n\n\n<p><strong>Pl\u00e2tre et ciment<\/strong><\/p>\n\n\n\n<h5 class=\"wp-block-heading\">Une maison pour l\u2019innovation<\/h5>\n\n\n\n<p>Le HUB Entrepreneuriat et Innovation de l\u2019UNIL, qui se consacre \u00e0 l\u2019esprit d\u2019entreprendre au sein de l\u2019institution, a pris ses quartiers dans un b\u00e2timent flambant neuf, la Villanova. Situ\u00e9 non loin du Biophore sur le site de Dorigny, ces locaux de 350 m2 accueillent en plus trois associations d\u2019\u00e9tudiants, des salles destin\u00e9es \u00e0 l\u2019organisation d\u2019ateliers, de conf\u00e9rences ou de formations, les programmes de conseil et de soutien UCreate, ainsi qu\u2019un espace de coworking. L\u2019ouvrage de trois \u00e9tages, compos\u00e9 en partie de bois, a \u00e9t\u00e9 con\u00e7u par Index architectes \u00e0 Lutry. (R\u00e9d.)<\/p>\n\n\n\n<p>Journ\u00e9es portes ouvertes le 1er novembre: <a href=\"https:\/\/ucreate.ch\/portes-ouvertes\" data-type=\"URL\" data-id=\"ucreate.ch\/portes-ouvertes\" target=\"_blank\" rel=\"noreferrer noopener\">ucreate.ch\/portes-ouvertes<\/a><\/p>\n\n\n\n<hr class=\"wp-block-separator has-alpha-channel-opacity\" \/>\n\n\n\n<p><strong>Mus\u00e9e<\/strong><\/p>\n\n\n\n<h5 class=\"wp-block-heading\">Une alumna pour Photo \u00c9lys\u00e9e<\/h5>\n\n\n\n<p>Dipl\u00f4m\u00e9e de l\u2019UNIL en histoire de l\u2019art, <strong>Nathalie Herschdorfer<\/strong> a pris les r\u00eanes de Photo \u00c9lys\u00e9e, sur le site de Plateforme 10 \u00e0 Lausanne, le 1er juin dernier. Auparavant, elle a dirig\u00e9 le Mus\u00e9e des beaux-arts Le Locle. Tr\u00e8s active dans la photographie contemporaine, elle intervient au niveau international comme curatrice et conf\u00e9renci\u00e8re et a organis\u00e9 des expositions dans diff\u00e9rents pays d\u2019Europe, en Asie, en Australie et en Am\u00e9rique du Nord. Enseignant \u00e9galement \u00e0 l\u2019ECAL, elle est l\u2019autrice de plusieurs ouvrages consacr\u00e9s \u00e0 la photographie et a publi\u00e9 en 2015 un important dictionnaire de la photographie r\u00e9unissant plus de 1200 notices. (R\u00e9d)<\/p>\n\n\n\n<p><a href=\"https:\/\/elysee.ch\" data-type=\"URL\" data-id=\"elysee.ch\" target=\"_blank\" rel=\"noreferrer noopener\">elysee.ch<\/a><\/p>\n\n\n\n<hr class=\"wp-block-separator has-alpha-channel-opacity\" \/>\n\n\n\n<p><strong>A l\u2019honneur<\/strong><\/p>\n\n\n\n<h5 class=\"is-style-default wp-block-heading\">Biodiversit\u00e9, oncologie, Europe et police<\/h5>\n\n\n\n<p>Professeur au D\u00e9partement d\u2019\u00e9cologie et \u00e9volution et \u00e0 l\u2019Institut des dynamiques de la surface terrestre, <strong>Antoine Guisan<\/strong> a \u00e9t\u00e9 d\u00e9sign\u00e9 Distinguished Fellow de la Soci\u00e9t\u00e9 Internationale de Biog\u00e9ographie (IBS), pour l\u2019excellence de sa recherche fondamentale. Ce prix salue sa contribution \u00e0 la compr\u00e9hension et \u00e0 la pr\u00e9diction des distributions d\u2019esp\u00e8ces et des communaut\u00e9s. Son travail a des retomb\u00e9es concr\u00e8tes et appliqu\u00e9es, telles que la gestion des esp\u00e8ces rares, l\u2019\u00e9valuation de l\u2019impact potentiel du changement climatique sur la biodiversit\u00e9, et l\u2019anticipation des invasions biologiques. (R\u00e9d)<\/p>\n\n\n\n<p>Twitter: <a href=\"https:\/\/twitter.com\/ecospat_ch\" data-type=\"URL\" data-id=\"https:\/\/twitter.com\/ecospat_ch\" target=\"_blank\" rel=\"noreferrer noopener\">@ecospat_ch<\/a><\/p>\n\n\n\n<p>Gr\u00e2ce \u00e0 un Advanced Grant, le Fonds national suisse soutient les recherches men\u00e9es par l\u2019\u00e9quipe de <strong>Johanna Joyce<\/strong>, professeure au D\u00e9partement d\u2019oncologie UNIL-CHUV et membre du Ludwig Institute for Cancer Research Lausanne. Son projet \u00abInvestigating and Overcoming Immune Suppression in the Brain Metastasis Tumour Microenvironment\u00bb vise \u00e0 comprendre pourquoi, chez des patients atteints de m\u00e9tastases c\u00e9r\u00e9brales, aucune r\u00e9ponse immunitaire durable n\u2019est mise en place. Il existe des m\u00e9canismes de suppression immunitaire bloquant les fonctions anticanc\u00e9reuses des lymphocytes T. (R\u00e9d)<\/p>\n\n\n\n<p>Twitter: <a href=\"https:\/\/twitter.com\/Joycelab\" data-type=\"URL\" data-id=\"https:\/\/twitter.com\/Joycelab\" target=\"_blank\" rel=\"noreferrer noopener\">@Joycelab<\/a> et <a href=\"https:\/\/twitter.com\/Johanna_A_Joyce\" data-type=\"URL\" data-id=\"https:\/\/twitter.com\/Johanna_A_Joyce\" target=\"_blank\" rel=\"noreferrer noopener\">@Johanna_A_Joyce<\/a><\/p>\n\n\n\n<p>L\u2019UE tr\u00e8s bien racont\u00e9e par <strong>Gilles Grin<\/strong> dans un livre dot\u00e9 du Prix 2022 Mieux comprendre l\u2019Europe. On voit combien les \u00c9tats membres tiennent \u00e0 l\u2019Union comme facteur de stabilit\u00e9, de paix et de prosp\u00e9rit\u00e9 dans un monde incertain. Succ\u00e8s r\u00e9cents: trait\u00e9 de Maastricht, cr\u00e9ation de l\u2019euro, mais grande faiblesse dans la trag\u00e9die des Balkans. Depuis 2005, \u00e9chec du trait\u00e9 constitutionnel mais signature dutrait\u00e9 de Lisbonne. L\u2019UE semble aussi plus unie face \u00e0 la guerre en Ukraine. (R\u00e9d)<\/p>\n\n\n\n<p>L\u2019Emerging Forensic Scientist Award 2022 a \u00e9t\u00e9 d\u00e9cern\u00e9 \u00e0 <strong>Ma\u00eblig Jacquet <\/strong>pour l\u2019excellence de sa th\u00e8se soutenue \u00e0 l\u2019\u00c9cole des sciences criminelles de l\u2019UNIL. Ce prix, remis par l\u2019European Academy of Forensic Science \u00e0 Stockholm en mai 2022, r\u00e9compense son test de performance de diff\u00e9rents syst\u00e8mes de reconnaissance faciale. Elle y a compar\u00e9 des images de volontaires \u00e0 des dizaines de milliers de photos mises \u00e0 disposition par la police neuch\u00e2teloise. Aujourd\u2019hui, elle souhaite travailler avec la police afin de mettre en place un syst\u00e8me en Suisse qui soit en ligne avec les enjeux mis en lumi\u00e8re lors de son doctorat. MdV<\/p>\n\n\n\n<p>Twitter: <a href=\"https:\/\/twitter.com\/Maelig_J\" data-type=\"URL\" data-id=\"https:\/\/twitter.com\/Maelig_J\" target=\"_blank\" rel=\"noreferrer noopener\">@Maelig_J<\/a><\/p>\n","protected":false},"excerpt":{"rendered":"<p>Jeu vid\u00e9o Lausanne, une histoire en pixels R\u00e9alis\u00e9 \u00e0 l\u2019aide de sources historiques, Lausanne 1830: Histoires de registres est un jeu vid\u00e9o destin\u00e9 aux 11-15 ans, mais int\u00e9ressant pour tout &hellip; <\/p>\n","protected":false},"author":825,"featured_media":12688,"comment_status":"open","ping_status":"closed","sticky":false,"template":"","format":"standard","meta":{"_seopress_robots_primary_cat":"","_seopress_titles_title":"","_seopress_titles_desc":"","_seopress_robots_index":"","footnotes":""},"categories":[14714,42201],"tags":[39521,42202],"class_list":{"0":"post-12776","1":"post","2":"type-post","3":"status-publish","4":"format-standard","5":"has-post-thumbnail","7":"category-breves","8":"category-no-81","9":"tag-david-spring","10":"tag-marion-de-vevey"},"_links":{"self":[{"href":"https:\/\/wp.unil.ch\/allezsavoir\/wp-json\/wp\/v2\/posts\/12776","targetHints":{"allow":["GET"]}}],"collection":[{"href":"https:\/\/wp.unil.ch\/allezsavoir\/wp-json\/wp\/v2\/posts"}],"about":[{"href":"https:\/\/wp.unil.ch\/allezsavoir\/wp-json\/wp\/v2\/types\/post"}],"author":[{"embeddable":true,"href":"https:\/\/wp.unil.ch\/allezsavoir\/wp-json\/wp\/v2\/users\/825"}],"replies":[{"embeddable":true,"href":"https:\/\/wp.unil.ch\/allezsavoir\/wp-json\/wp\/v2\/comments?post=12776"}],"version-history":[{"count":0,"href":"https:\/\/wp.unil.ch\/allezsavoir\/wp-json\/wp\/v2\/posts\/12776\/revisions"}],"wp:featuredmedia":[{"embeddable":true,"href":"https:\/\/wp.unil.ch\/allezsavoir\/wp-json\/wp\/v2\/media\/12688"}],"wp:attachment":[{"href":"https:\/\/wp.unil.ch\/allezsavoir\/wp-json\/wp\/v2\/media?parent=12776"}],"wp:term":[{"taxonomy":"category","embeddable":true,"href":"https:\/\/wp.unil.ch\/allezsavoir\/wp-json\/wp\/v2\/categories?post=12776"},{"taxonomy":"post_tag","embeddable":true,"href":"https:\/\/wp.unil.ch\/allezsavoir\/wp-json\/wp\/v2\/tags?post=12776"}],"curies":[{"name":"wp","href":"https:\/\/api.w.org\/{rel}","templated":true}]}}