{"id":12567,"date":"2022-05-12T08:21:00","date_gmt":"2022-05-12T06:21:00","guid":{"rendered":"https:\/\/wp.unil.ch\/allezsavoir\/?p=12567"},"modified":"2022-05-09T09:44:38","modified_gmt":"2022-05-09T07:44:38","slug":"ssp-naissance-dune-faculte","status":"publish","type":"post","link":"https:\/\/wp.unil.ch\/allezsavoir\/ssp-naissance-dune-faculte\/","title":{"rendered":"SSP, naissance d\u2019une facult\u00e9"},"content":{"rendered":"\n<p>Que reste-t-il du pass\u00e9 dans cette Facult\u00e9 des sciences sociales et politiques (SSP) dont l\u2019histoire turbulente jette un \u00e9clairage politique et scientifique unique sur ces 120 derni\u00e8res ann\u00e9es? Longtemps \u00c9cole int\u00e9gr\u00e9e avec celle des HEC \u00e0 la Facult\u00e9 de droit et parfois m\u00eame menac\u00e9e de dissolution, l\u2019anc\u00eatre de cette Facult\u00e9 des SSP si florissante aujourd\u2019hui, et dont la naissance facultaire officielle remonte \u00e0 1977, fut d\u2019abord en quasi parfaite osmose avec le pouvoir radical-lib\u00e9ral. On peut m\u00eame dire que la psychologie \u00e0 l\u2019UNIL est n\u00e9e dans le contexte alors tr\u00e8s prenant du protestantisme. De grands professeurs, il y en eut beaucoup, et soucieux de d\u00e9ployer leur discipline sur le plan scientifique, international et critique sans s\u2019inf\u00e9oder \u00e0 un pouvoir. Ceux qui incarn\u00e8rent le plus une forme de contre-pouvoir en appelaient d\u2019abord \u00e0 l\u2019imagination scientifique et \u00e0 l\u2019\u00e9mancipation de chaque \u00e9tudiant envers les normes et y compris les contre-normes du moment. Certains, il ne faut pas le cacher, se sont aussi perdus dans de vaines querelles interpersonnelles. Mais parlons enfin au f\u00e9minin puisque l\u2019histoire des SSP d\u00e8s la seconde moiti\u00e9 du XX<sup>e <\/sup>si\u00e8cle est aussi, logiquement, celle des \u00e9tudiantes qui peuplent la facult\u00e9 jusqu\u2019\u00e0 devenir majoritaires aujourd\u2019hui, tandis que la premi\u00e8re professeure ne sera nomm\u00e9e qu\u2019en 1976.<\/p>\n\n\n\n<p>L\u2019ouvrage pr\u00e9sente douze chapitres \u00e9clairant avec minutie la gen\u00e8se et les principaux d\u00e9veloppements de SSP. Une seconde partie offre des t\u00e9moignages originaux d\u2019anciens \u00e9tudiants dont ceux de Bertil Galland, d\u2019Yvette Jaggi et d\u2019Antoine Jaccoud. \/NR<\/p>\n\n\n\n<figure class=\"wp-block-image size-full\"><img alt=\"\" loading=\"lazy\" decoding=\"async\" width=\"150\" height=\"214\" src=\"https:\/\/wp.unil.ch\/allezsavoir\/files\/2022\/05\/livre_ssp_80.jpg\" alt=\"\" class=\"wp-image-12474\" \/><figcaption>R\u00e9cits facultaires. De l\u2019\u00c9cole \u00e0 la Facult\u00e9 des sciences\nsociales et politiques (1902-2022). Sous la direction de Jean-Philippe Leresche. EPFL Press (2022), 357 p.<\/figcaption><\/figure>\n\n\n\n<hr class=\"wp-block-separator\" \/>\n\n\n\n<h4 class=\"wp-block-heading\">Le Vortex, ou l\u2019\u00e9loge de la rondeur<\/h4>\n\n\n\n<p>Avec sa silhouette aux allures de Colis\u00e9e contemporain, le Vortex est devenu un rep\u00e8re embl\u00e9matique du campus de Dorigny. Inaugur\u00e9 en \u00e9t\u00e9 2020, con\u00e7u par l\u2019architecte zurichois Jean-Pierre D\u00fcrig, il offre 828 logements pour \u00e9tudiants, employ\u00e9s ou h\u00f4tes acad\u00e9miques de l\u2019UNIL et de l\u2019EPFL. Un tel \u00e9difice m\u00e9ritait d\u2019\u00eatre document\u00e9 par un ouvrage largement illustr\u00e9, le voici. Sign\u00e9 Philip Jodidio, il s\u2019int\u00e9resse dans un premier temps \u00e0 l\u2019importance de la forme circulaire et de la spirale \u2013 en l\u2019occurrence la rampe centrale du b\u00e2timent \u2013 dans l\u2019art et l\u2019architecture. S\u2019ensuivent une petite histoire de l\u2019universit\u00e9 ainsi qu\u2019une pr\u00e9sentation de la Fondation Maisons pour \u00e9tudiants Lausanne. Au travers d\u2019interviews, Philip Jodidio se concentre ensuite sur l\u2019architecte et son b\u00e2timent de 29 m\u00e8tres de haut et 137 m\u00e8tres de diam\u00e8tre. Jean-Pierre D\u00fcrig y pr\u00e9cise qu\u2019il a pens\u00e9 l\u2019\u00e9difice comme un village-rue \u2013 une rue de plus de deux kilom\u00e8tres \u2013 et que \u00abla forme globale est ronde, parce c\u2019\u00e9tait la forme g\u00e9om\u00e9trique la plus facile \u00e0 placer sur le site\u00bb. Avis aux r\u00eaveurs, tout le reste n\u2019est que fantasme! \/MD<\/p>\n\n\n\n<figure class=\"wp-block-image size-full\"><img alt=\"\" loading=\"lazy\" decoding=\"async\" width=\"150\" height=\"202\" src=\"https:\/\/wp.unil.ch\/allezsavoir\/files\/2022\/05\/livre_vortex_80.jpg\" alt=\"\" class=\"wp-image-12475\" \/><figcaption>Le Vortex, architecture du cercle. Par Philip Jodidio.\nRizzoli Electa (2021), 168 p.   <\/figcaption><\/figure>\n\n\n\n<hr class=\"wp-block-separator\" \/>\n\n\n\n<h4 class=\"wp-block-heading\">Que nous reste-t-il de l\u2019enfance ?<\/h4>\n\n\n\n<p>Les r\u00e9cits d\u2019enfance constituent le c\u0153ur de cet ouvrage collectif. Les contributions des auteurs, issus de diff\u00e9rentes disciplines, nous emm\u00e8nent aussi bien dans une abbaye-\u00e9cole du Tarn aux XVIII<sup>e<\/sup> et XIX<sup>e<\/sup> si\u00e8cles que du c\u00f4t\u00e9 du cin\u00e9ma de Fellini. Bien souvent h\u00e9las, les souvenirs d\u2019enfance sont teint\u00e9s de trag\u00e9die, comme en t\u00e9moigne par exemple un chapitre consacr\u00e9 aux orphelins de la Premi\u00e8re Guerre mondiale, dont la m\u00e9moire est hant\u00e9e par les p\u00e8res disparus.&nbsp;<\/p>\n\n\n\n<p>Fruit d\u2019un colloque, ce livre bien illustr\u00e9 est codirig\u00e9 par Dani\u00e8le Tosato-Rigo, professeure en Section d\u2019histoire. La chercheuse consacre un article aux pr\u00e9cepteurs et gouvernantes suisses des petits-enfants de l\u2019imp\u00e9ratrice de Russie Catherine II. Parmi ces enseignants figure Fr\u00e9d\u00e9ric-C\u00e9sar de La Harpe, qui a eu la lourde t\u00e2che d\u2019\u00e9duquer Alexandre I<sup>er<\/sup> (tsar de 1800 \u00e0 1825) et son fr\u00e8re Constantin. Les archives des p\u00e9dagogues suisses \u00e9clairent la mani\u00e8re dont on formait les futurs souverains.<\/p>\n\n\n\n<p>Enfin, l\u2019ouvrage propose une int\u00e9ressante contribution de Sylvie Moret Petrini, premi\u00e8re assistante en Section d\u2019histoire, au sujet des journaux de jeunesse. \/DS<\/p>\n\n\n\n<p><a href=\"https:\/\/wp.unil.ch\/labelettres\/memoires-denfance\/\" data-type=\"URL\" data-id=\"https:\/\/wp.unil.ch\/labelettres\/memoires-denfance\/\" target=\"_blank\" rel=\"noreferrer noopener\">M\u00e9moires d&rsquo;enfance sur le site LabeLettres<\/a><\/p>\n\n\n\n<figure class=\"wp-block-image size-full\"><img alt=\"\" loading=\"lazy\" decoding=\"async\" width=\"150\" height=\"205\" src=\"https:\/\/wp.unil.ch\/allezsavoir\/files\/2022\/05\/livre_memoire_80.jpg\" alt=\"\" class=\"wp-image-12469\" \/><figcaption>M\u00e9moires d\u2019enfance. Dir. par Sylvie Mouysset et Dani\u00e8le Tosato-Rigo. \u00c9ditions midi-pyr\u00e9n\u00e9ennes (2021), 143 p.<\/figcaption><\/figure>\n","protected":false},"excerpt":{"rendered":"<p>Que reste-t-il du pass\u00e9 dans cette Facult\u00e9 des sciences sociales et politiques (SSP) dont l\u2019histoire turbulente jette un \u00e9clairage politique et scientifique unique sur ces 120 derni\u00e8res ann\u00e9es? Longtemps \u00c9cole &hellip; <\/p>\n","protected":false},"author":825,"featured_media":12468,"comment_status":"open","ping_status":"closed","sticky":false,"template":"","format":"standard","meta":{"_seopress_robots_primary_cat":"","_seopress_titles_title":"","_seopress_titles_desc":"","_seopress_robots_index":"","footnotes":""},"categories":[42161,4176,42199],"tags":[39521,42149,39532],"class_list":{"0":"post-12567","1":"post","2":"type-post","3":"status-publish","4":"format-standard","5":"has-post-thumbnail","7":"category-campus","8":"category-livres","9":"category-no-80","10":"tag-david-spring","11":"tag-mireille-descombes","12":"tag-nadine-richon"},"_links":{"self":[{"href":"https:\/\/wp.unil.ch\/allezsavoir\/wp-json\/wp\/v2\/posts\/12567","targetHints":{"allow":["GET"]}}],"collection":[{"href":"https:\/\/wp.unil.ch\/allezsavoir\/wp-json\/wp\/v2\/posts"}],"about":[{"href":"https:\/\/wp.unil.ch\/allezsavoir\/wp-json\/wp\/v2\/types\/post"}],"author":[{"embeddable":true,"href":"https:\/\/wp.unil.ch\/allezsavoir\/wp-json\/wp\/v2\/users\/825"}],"replies":[{"embeddable":true,"href":"https:\/\/wp.unil.ch\/allezsavoir\/wp-json\/wp\/v2\/comments?post=12567"}],"version-history":[{"count":0,"href":"https:\/\/wp.unil.ch\/allezsavoir\/wp-json\/wp\/v2\/posts\/12567\/revisions"}],"wp:featuredmedia":[{"embeddable":true,"href":"https:\/\/wp.unil.ch\/allezsavoir\/wp-json\/wp\/v2\/media\/12468"}],"wp:attachment":[{"href":"https:\/\/wp.unil.ch\/allezsavoir\/wp-json\/wp\/v2\/media?parent=12567"}],"wp:term":[{"taxonomy":"category","embeddable":true,"href":"https:\/\/wp.unil.ch\/allezsavoir\/wp-json\/wp\/v2\/categories?post=12567"},{"taxonomy":"post_tag","embeddable":true,"href":"https:\/\/wp.unil.ch\/allezsavoir\/wp-json\/wp\/v2\/tags?post=12567"}],"curies":[{"name":"wp","href":"https:\/\/api.w.org\/{rel}","templated":true}]}}