{"id":12052,"date":"2021-09-22T08:28:00","date_gmt":"2021-09-22T06:28:00","guid":{"rendered":"https:\/\/wp.unil.ch\/allezsavoir\/?p=12052"},"modified":"2021-09-22T07:55:39","modified_gmt":"2021-09-22T05:55:39","slug":"patrimoine-en-ligne","status":"publish","type":"post","link":"https:\/\/wp.unil.ch\/allezsavoir\/patrimoine-en-ligne\/","title":{"rendered":"Patrimoine en ligne"},"content":{"rendered":"\n<figure class=\"wp-block-gallery columns-3 is-cropped wp-block-gallery-1 is-layout-flex wp-block-gallery-is-layout-flex\"><ul class=\"blocks-gallery-grid\"><li class=\"blocks-gallery-item\"><figure><img alt=\"\" loading=\"lazy\" decoding=\"async\" width=\"588\" height=\"800\" src=\"https:\/\/wp.unil.ch\/allezsavoir\/files\/2021\/09\/crime_78_1.jpg\" alt=\"\" data-id=\"11965\" data-full-url=\"https:\/\/wp.unil.ch\/allezsavoir\/files\/2021\/09\/crime_78_1.jpg\" data-link=\"https:\/\/wp.unil.ch\/allezsavoir\/crime_78_1\/\" class=\"wp-image-11965\" srcset=\"https:\/\/wp.unil.ch\/allezsavoir\/files\/2021\/09\/crime_78_1.jpg 588w, https:\/\/wp.unil.ch\/allezsavoir\/files\/2021\/09\/crime_78_1-191x260.jpg 191w\" sizes=\"auto, (max-width: 588px) 100vw, 588px\" \/><figcaption class=\"blocks-gallery-item__caption\">Engin explosif \u00e0 Villeneuve (attentat contre les Chemins de fer), novembre 1906. Universit\u00e9 de Lausanne, Collection photographique Reiss \u2013 Police scientifique, 2103-493.<\/figcaption><\/figure><\/li><li class=\"blocks-gallery-item\"><figure><img alt=\"\" loading=\"lazy\" decoding=\"async\" width=\"585\" height=\"800\" src=\"https:\/\/wp.unil.ch\/allezsavoir\/files\/2021\/09\/crime_78_3.jpg\" alt=\"\" data-id=\"11967\" data-full-url=\"https:\/\/wp.unil.ch\/allezsavoir\/files\/2021\/09\/crime_78_3.jpg\" data-link=\"https:\/\/wp.unil.ch\/allezsavoir\/crime_78_3\/\" class=\"wp-image-11967\" srcset=\"https:\/\/wp.unil.ch\/allezsavoir\/files\/2021\/09\/crime_78_3.jpg 585w, https:\/\/wp.unil.ch\/allezsavoir\/files\/2021\/09\/crime_78_3-190x260.jpg 190w\" sizes=\"auto, (max-width: 585px) 100vw, 585px\" \/><figcaption class=\"blocks-gallery-item__caption\">Affaire Fran\u00e7ois Sonnard (reconstitution d\u2019un crime \u00e0 Signy, le 31 octobre 1923). Archives cantonales vaudoises, Collection photographique Reiss \u2013 Police scientifique, CH-ACV-RN-S-111-156_D_039<\/figcaption><\/figure><\/li><li class=\"blocks-gallery-item\"><figure><img alt=\"\" loading=\"lazy\" decoding=\"async\" width=\"800\" height=\"799\" src=\"https:\/\/wp.unil.ch\/allezsavoir\/files\/2021\/09\/crime_78_2.jpg\" alt=\"\" data-id=\"11966\" data-full-url=\"https:\/\/wp.unil.ch\/allezsavoir\/files\/2021\/09\/crime_78_2.jpg\" data-link=\"https:\/\/wp.unil.ch\/allezsavoir\/crime_78_2\/\" class=\"wp-image-11966\" srcset=\"https:\/\/wp.unil.ch\/allezsavoir\/files\/2021\/09\/crime_78_2.jpg 800w, https:\/\/wp.unil.ch\/allezsavoir\/files\/2021\/09\/crime_78_2-260x260.jpg 260w, https:\/\/wp.unil.ch\/allezsavoir\/files\/2021\/09\/crime_78_2-250x250.jpg 250w, https:\/\/wp.unil.ch\/allezsavoir\/files\/2021\/09\/crime_78_2-768x767.jpg 768w\" sizes=\"auto, (max-width: 800px) 100vw, 800px\" \/><figcaption class=\"blocks-gallery-item__caption\">Laboratoire de l\u2019Institut de police scientifique, 20 juin 1907. Auteur\u2009: Rodolphe Archibald Reiss. Universit\u00e9 de Lausanne, Collection photographique Reiss \u2013 Police scientifique, 2103-6163<\/figcaption><\/figure><\/li><li class=\"blocks-gallery-item\"><figure><img alt=\"\" loading=\"lazy\" decoding=\"async\" width=\"526\" height=\"800\" src=\"https:\/\/wp.unil.ch\/allezsavoir\/files\/2021\/09\/crime_78_5.jpg\" alt=\"\" data-id=\"11969\" data-full-url=\"https:\/\/wp.unil.ch\/allezsavoir\/files\/2021\/09\/crime_78_5.jpg\" data-link=\"https:\/\/wp.unil.ch\/allezsavoir\/crime_78_5\/\" class=\"wp-image-11969\" srcset=\"https:\/\/wp.unil.ch\/allezsavoir\/files\/2021\/09\/crime_78_5.jpg 526w, https:\/\/wp.unil.ch\/allezsavoir\/files\/2021\/09\/crime_78_5-171x260.jpg 171w\" sizes=\"auto, (max-width: 526px) 100vw, 526px\" \/><figcaption class=\"blocks-gallery-item__caption\">Portrait de Rodolphe Archibald Reiss. Universit\u00e9 de Lausanne, Collection photographique Reiss \u2013 Police scientifique, IS_5475_1_2_09<\/figcaption><\/figure><\/li><li class=\"blocks-gallery-item\"><figure><img alt=\"\" loading=\"lazy\" decoding=\"async\" width=\"796\" height=\"800\" src=\"https:\/\/wp.unil.ch\/allezsavoir\/files\/2021\/09\/crime_78_4.jpg\" alt=\"\" data-id=\"11968\" data-full-url=\"https:\/\/wp.unil.ch\/allezsavoir\/files\/2021\/09\/crime_78_4.jpg\" data-link=\"https:\/\/wp.unil.ch\/allezsavoir\/crime_78_4\/\" class=\"wp-image-11968\" srcset=\"https:\/\/wp.unil.ch\/allezsavoir\/files\/2021\/09\/crime_78_4.jpg 796w, https:\/\/wp.unil.ch\/allezsavoir\/files\/2021\/09\/crime_78_4-259x260.jpg 259w, https:\/\/wp.unil.ch\/allezsavoir\/files\/2021\/09\/crime_78_4-250x250.jpg 250w, https:\/\/wp.unil.ch\/allezsavoir\/files\/2021\/09\/crime_78_4-768x772.jpg 768w\" sizes=\"auto, (max-width: 796px) 100vw, 796px\" \/><figcaption class=\"blocks-gallery-item__caption\">Reportage en Serbie, pendant la Premi\u00e8re Guerre mondiale. Auteur\u2009: Rodolphe Archibald Reiss. Mus\u00e9e de l\u2019\u00c9lys\u00e9e, Collection photographique Reiss \u2013 Police scientifique, MEL_053291_REISS<\/figcaption><\/figure><\/li><\/ul><\/figure>\n\n\n\n<p>Des milliers de photographies et de documents conserv\u00e9s par l\u2019UNIL sont d\u00e9sormais accessibles sur le portail des collections num\u00e9riques de l\u2019UNIL. Ce dernier propose par exemple les images l\u00e9gu\u00e9es par Rodolphe Archibald Reiss (1875-1929), pionnier de la police scientifique et artiste, gr\u00e2ce \u00e0 un projet de num\u00e9risation et de sauvegarde men\u00e9 par le Service des ressources informationnelles et archives de l\u2019UNIL (UNIRIS), avec le soutien de l\u2019association Memoriav. Afin de remettre ces documents en contexte, la Section d\u2019histoire de l\u2019art (Facult\u00e9 des lettres) et l\u2019\u00c9cole des sciences criminelles (Facult\u00e9 de droit, des sciences criminelles et d\u2019administration publique) ont r\u00e9alis\u00e9 une exposition virtuelle qui retrace la vie et l\u2019\u0153uvre de Reiss. <\/p>\n\n\n\n<p><a href=\"https:\/\/collections.unil.ch\" data-type=\"URL\" data-id=\"collections.unil.ch\" target=\"_blank\" rel=\"noreferrer noopener\">collections.unil.ch<\/a><\/p>\n\n\n\n<p><\/p>\n","protected":false},"excerpt":{"rendered":"<p>Des milliers de photographies et de documents conserv\u00e9s par l\u2019UNIL sont d\u00e9sormais accessibles sur le portail des collections num\u00e9riques de l\u2019UNIL. Ce dernier propose par exemple les images l\u00e9gu\u00e9es par &hellip; <\/p>\n","protected":false},"author":825,"featured_media":11970,"comment_status":"open","ping_status":"closed","sticky":false,"template":"","format":"standard","meta":{"_seopress_robots_primary_cat":"","_seopress_titles_title":"","_seopress_titles_desc":"","_seopress_robots_index":"","footnotes":""},"categories":[42196,11,42172],"tags":[39521],"class_list":{"0":"post-12052","1":"post","2":"type-post","3":"status-publish","4":"format-standard","5":"has-post-thumbnail","7":"category-no-78","8":"category-portfolio","9":"category-sciences-criminelles","10":"tag-david-spring"},"_links":{"self":[{"href":"https:\/\/wp.unil.ch\/allezsavoir\/wp-json\/wp\/v2\/posts\/12052","targetHints":{"allow":["GET"]}}],"collection":[{"href":"https:\/\/wp.unil.ch\/allezsavoir\/wp-json\/wp\/v2\/posts"}],"about":[{"href":"https:\/\/wp.unil.ch\/allezsavoir\/wp-json\/wp\/v2\/types\/post"}],"author":[{"embeddable":true,"href":"https:\/\/wp.unil.ch\/allezsavoir\/wp-json\/wp\/v2\/users\/825"}],"replies":[{"embeddable":true,"href":"https:\/\/wp.unil.ch\/allezsavoir\/wp-json\/wp\/v2\/comments?post=12052"}],"version-history":[{"count":0,"href":"https:\/\/wp.unil.ch\/allezsavoir\/wp-json\/wp\/v2\/posts\/12052\/revisions"}],"wp:featuredmedia":[{"embeddable":true,"href":"https:\/\/wp.unil.ch\/allezsavoir\/wp-json\/wp\/v2\/media\/11970"}],"wp:attachment":[{"href":"https:\/\/wp.unil.ch\/allezsavoir\/wp-json\/wp\/v2\/media?parent=12052"}],"wp:term":[{"taxonomy":"category","embeddable":true,"href":"https:\/\/wp.unil.ch\/allezsavoir\/wp-json\/wp\/v2\/categories?post=12052"},{"taxonomy":"post_tag","embeddable":true,"href":"https:\/\/wp.unil.ch\/allezsavoir\/wp-json\/wp\/v2\/tags?post=12052"}],"curies":[{"name":"wp","href":"https:\/\/api.w.org\/{rel}","templated":true}]}}