{"id":1148,"date":"2007-12-18T16:20:11","date_gmt":"2007-12-18T14:20:11","guid":{"rendered":"http:\/\/wp.unil.ch\/allezsavoir\/?p=1148"},"modified":"2010-10-26T16:54:20","modified_gmt":"2010-10-26T14:54:20","slug":"le-vrai-visage-de-brutus-assassin-de-jules-cesar","status":"publish","type":"post","link":"https:\/\/wp.unil.ch\/allezsavoir\/le-vrai-visage-de-brutus-assassin-de-jules-cesar\/","title":{"rendered":"Le vrai visage de Brutus, assassin de Jules C\u00e9sar"},"content":{"rendered":"<p><em>Marcus Junius Brutus \u00e9tait l\u2019une des figures tragiques de la s\u00e9rie TV Rome. L\u2019assassin de Jules C\u00e9sar sera aussi l\u2019une des vedettes comiques de l\u2019adaptation au cin\u00e9ma de la c\u00e9l\u00e8bre BD \u00ab Ast\u00e9rix aux Jeux olympiques \u00bb. Dans ce film tr\u00e8s attendu, qui sortira au d\u00e9but 2008, le \u00ab lib\u00e9rateur \u00bb h\u00e9ritera du visage de Beno\u00eet Poelvoorde. Ridicule ou tragique, jaloux ou \u00e9pris de d\u00e9mocratie, quel \u00e9tait le vrai visage de ce Romain l\u00e9gendaire, par Jupiter?<\/em><\/p>\n<p>Une pauvre chose un peu veule et stupide: c\u2019est ainsi que Goscinny et Uderzo repr\u00e9sentent le personnage de Brutus dans leur c\u00e9l\u00e8bre bande dessin\u00e9e Ast\u00e9rix. De quel bois sera-t-il fait dans le film \u00abAst\u00e9rix aux Jeux olympiques\u00bb, dont la sortie est annonc\u00e9e pour fin janvier? La bande-annonce du film, diffus\u00e9e depuis de longues semaines dans les salles de cin\u00e9ma comme sur Internet, laisse imaginer que l\u2019adaptation de la BD au grand \u00e9cran sera assez fid\u00e8le sur ce plan.<\/p>\n<p>On sait d\u00e9j\u00e0 que le personnage y sera incarn\u00e9 par Beno\u00eet Poelvoorde, et que le sc\u00e9nario du film diff\u00e9rera de la BD, puisque Brutus n\u2019appara\u00eet dans aucune case de cet \u00e9pisode des aventures du petit Gaulois et de son comp\u00e8re Ob\u00e9lix.<\/p>\n<p>En attendant de voir comment le comique belge endosse le r\u00f4le de l\u2019assassin de C\u00e9sar (interpr\u00e9t\u00e9 par Alain Delon), Pierre S\u00e1nchez, professeur d\u2019histoire ancienne de l\u2019Universit\u00e9 de Gen\u00e8ve qui enseignera \u00e0 l\u2019Universit\u00e9 de Lausanne au semestre d\u2019automne 2008, dans le cadre d\u2019un \u00e9change de sp\u00e9cialistes, distingue le vrai du faux dans les mythes qui entourent Brutus.<\/p>\n<h2>Brutus \u00e9tait-il le fils adoptif de C\u00e9sar?<\/h2>\n<p>\u00abC\u2019est un mythe pr\u00e9sent dans l\u2019inconscient collectif depuis longtemps, mais on est s\u00fbr que c\u2019est faux, explique Pierre S\u00e1nchez. Ce qui est vrai par contre, c\u2019est que C\u00e9sar avait une affection particuli\u00e8re pour lui.\u00bb<\/p>\n<p>Marcus Junius Brutus s\u2019est d\u2019abord ralli\u00e9 \u00e0 Pomp\u00e9e, le rival de Jules C\u00e9sar, dans la guerre civile qui les a oppos\u00e9s. Apr\u00e8s la d\u00e9faite de Pomp\u00e9e, le jeune homme s\u2019est excus\u00e9. C\u00e9sar lui a pardonn\u00e9, et, comme il l\u2019a fait pour d\u2019autres jeunes gens dans la m\u00eame situation, il a pouss\u00e9 la carri\u00e8re de Brutus.<\/p>\n<p>Laquelle, on s\u2019en doute, s\u2019en est trouv\u00e9e acc\u00e9l\u00e9r\u00e9e: il \u00e9tait pr\u00e9teur urbain lors qu\u2019il a assassin\u00e9 son protecteur. \u00abCe qui reste vrai par contre, pr\u00e9cise Pierre S\u00e1nchez, c\u2019est qu\u2019\u00e0 Rome l\u2019adoption \u00e9tait chose tr\u00e8s r\u00e9pandue \u2013 on adoptait d\u2019ailleurs aussi des adultes, puisque c\u2019\u00e9tait avant tout une question d\u2019alliances. C\u00e9sar avait ainsi un \u00abvrai\u00bb fils adoptif, qu\u2019il a d\u00e9sign\u00e9 comme son h\u00e9ritier: Octavien\u00bb, le futur empereur Auguste.<\/p>\n<h2>C\u00e9sar a-t-il dit \u00abTu quoque mi fili\u00bb \u00e0 Brutus juste avant de mourir?<\/h2>\n<p>\u00abCette formule latine est en r\u00e9alit\u00e9 une cr\u00e9ation de la Renaissance. Tous les auteurs antiques affirment que C\u00e9sar l\u2019aurait dite en grec. Quant \u00e0 savoir s\u2019il l\u2019a vraiment prononc\u00e9e, et, dans l\u2019affirmative, ce qu\u2019il a voulu dire par l\u00e0, le d\u00e9bat n\u2019est pas pr\u00e8s d\u2019\u00eatre clos. Notons simplement que c\u2019est une tradition de l\u2019historiographie d\u2019attribuer une phrase d\u00e9finitive et lourde de sens aux grands hommes \u00e0 l\u2019heure de l\u2019agonie.\u00bb<\/p>\n<p>Cela n\u2019emp\u00eache pas Uderzo d\u2019user et d\u2019abuser de ces pr\u00e9tendues derni\u00e8res paroles de Brutus dans la BD Ast\u00e9rix: dans tous les \u00e9pisodes o\u00f9 il appara\u00eet (\u00abAst\u00e9rix gladiateur\u00bb, \u00abLa Zizanie\u00bb, \u00abLe fils d\u2019Ast\u00e9rix\u00bb), Brutus se fait constamment, et pour les raisons les plus ridicules, resservir ce \u00abtu quoque\u00bb par C\u00e9sar.<\/p>\n<p>En tous les cas, ces quelques mots ne sauraient constituer une preuve en faveur de l\u2019adoption officielle de Brutus par C\u00e9sar. \u00abMon fils\u00bb peut signifier \u00abmon jeune ami\u00bb, c\u2019est une expression qu\u2019un homme d\u2019\u00e2ge m\u00fbr aurait pu utiliser \u00e0 l\u2019\u00e9poque pour s\u2019adresser \u00e0 un homme plus jeune, pour qui il avait de l\u2019affection, sans que cela implique une vraie filiation.\u00bb<\/p>\n<h2>La m\u00e8re de Brutus \u00e9tait-elle la ma\u00eetresse de C\u00e9sar?<\/h2>\n<p>Le p\u00e8re de Brutus est mort, ex\u00e9cut\u00e9 par Pomp\u00e9e, lorsqu\u2019il \u00e9tait enfant. \u00abVeuve, sa m\u00e8re Servilia devint effectivement la ma\u00eetresse de C\u00e9sar, vers 63 av. J.-C., raconte Pierre S\u00e1nchez. Brutus \u00e9tait alors \u00e2g\u00e9 d\u2019une vingtaine d\u2019ann\u00e9es, ce qui permet de d\u00e9mentir d\u00e9finitivement une autre rumeur, qui voudrait que Brutus ait \u00e9t\u00e9 le fils naturel et secret du dictateur.\u00bb<\/p>\n<p>On sait aussi que C\u00e9sar a eu de nombreuses ma\u00eetresses, mais Servilia, si l\u2019on juge d\u2019apr\u00e8s la quantit\u00e9 de co\u00fbteux cadeaux qui lui ont \u00e9t\u00e9 offerts, \u00e9tait sa pr\u00e9f\u00e9r\u00e9e.<\/p>\n<h2>Pourquoi Brutus a-t-il complot\u00e9 contre C\u00e9sar?<\/h2>\n<p>Des 600 s\u00e9nateurs que comptait le S\u00e9nat, 60 environ ont particip\u00e9 \u00e0 la conjuration visant \u00e0 \u00e9liminer C\u00e9sar. Ce dernier, rappelons-le, s\u2019\u00e9tait fait nommer dictateur \u00e0 vie, une fonction et un titre inacceptables pour une fraction importante des s\u00e9nateurs. Ces aristocrates \u00abradicaux\u00bb, dans le sens o\u00f9 ils n\u2019acceptaient aucune concession aux principes r\u00e9publicains, qui garantissaient leurs privil\u00e8ges et leur pouvoir, s\u2019inqui\u00e9taient de voir C\u00e9sar violer nombre d\u2019entre eux, notamment ceux de l\u2019alternance et du partage du pouvoir.<\/p>\n<p>\u00abBrutus faisait partie des Optimates, la frange conservatrice des politiciens, raconte Pierre S\u00e1nchez, et c\u2019est pourquoi il a pris parti pour Pomp\u00e9e (pourtant \u00e0 l\u2019origine de la mort de son p\u00e8re) contre C\u00e9sar en 49.<\/p>\n<p>Pomp\u00e9e, bien que d\u00e9sireux lui aussi de r\u00e9gner en tyran, pr\u00e9tendait d\u00e9fendre les institutions r\u00e9publicaines et les valeurs de l\u2019aristocratie s\u00e9natoriale en luttant contre C\u00e9sar qui lui faisait de l\u2019ombre. Il y a une vraie coh\u00e9rence de ce point de vue chez Brutus, qui n\u2019a pas chang\u00e9 d\u2019id\u00e9al, m\u00eame si apr\u00e8s la d\u00e9faite de Pomp\u00e9e, il a collabor\u00e9 avec C\u00e9sar durant pr\u00e8s de quatre ans.<\/p>\n<p>Aux Ides de Mars 44, Brutus fut donc l\u2019un des leaders des conjur\u00e9s, et il planta son poignard dans le corps de C\u00e9sar. \u00abSelon les sources dont nous disposons, il a bien port\u00e9 un coup personnellement, et il a sans doute \u00e9t\u00e9 parmi les derniers \u00e0 frapper. C\u00e9sar a re\u00e7u un peu plus de 20 coups de couteau, ce qui signifie que bon nombre des 60 conjur\u00e9s n\u2019ont pas particip\u00e9 activement \u00e0 l\u2019ex\u00e9cution du complot.<\/p>\n<p>Brutus a, en amont, tout aussi activement particip\u00e9 \u00e0 l\u2019organisation du crime, notamment en organisant des r\u00e9unions secr\u00e8tes chez sa m\u00e8re, au cours desquelles il a insist\u00e9 pour que l\u2019on ne tue personne d\u2019autre que C\u00e9sar, quand certains \u00e9taient d\u2019avis qu\u2019il fallait aussi \u00e9liminer Marc Antoine, le bras droit du dictateur.\u00bb<\/p>\n<h2>Brutus voulait-il la place de C\u00e9sar?<\/h2>\n<p>C\u2019est \u00e9videmment faux. Brutus, qui n\u2019\u00e9tait pas l\u2019h\u00e9ritier d\u00e9sign\u00e9 de C\u00e9sar, contrairement \u00e0 Octavien, n\u2019aurait eu aucune l\u00e9gitimit\u00e9. Mais surtout, il \u00e9tait anim\u00e9, comme on l\u2019a vu, par un respect total des principes fondateurs de la R\u00e9publique romaine, qui \u00e9taient compl\u00e8tement inconciliables avec la nomination d\u2019un roi ou d\u2019un tyran \u00e0 vie.<\/p>\n<p>\u00abLa preuve, c\u2019est qu\u2019une fois C\u00e9sar mort, les conjur\u00e9s se sont trouv\u00e9s compl\u00e8tement d\u00e9sempar\u00e9s. Manifestement, ils n\u2019avaient pas pr\u00e9vu de plan pour s\u2019approprier le premier r\u00f4le, et ils n\u2019\u00e9taient pas tr\u00e8s au clair sur la strat\u00e9gie \u00e0 mettre en place pour pallier la vacance du pouvoir\u00bb, souligne le futur enseignant \u00e0 l\u2019UNIL.<\/p>\n<p>De ce point de vue, comme pour de nombreux autres aspects, la s\u00e9rie TV Rome est fid\u00e8le \u00e0 la r\u00e9alit\u00e9: \u00abOn y voit bien l\u2019affection de C\u00e9sar pour Brutus, les tiraillements moraux de ce dernier, qui incarne la fid\u00e9lit\u00e9 \u00e0 l\u2019id\u00e9al romain, et qui, en m\u00eame temps, est attach\u00e9 au dictateur. On y voit aussi les liens qui unissent Brutus \u00e0 d\u2019autres s\u00e9nateurs de la m\u00eame ob\u00e9dience, Casca par exemple, ou son oncle Caton.\u00bb<\/p>\n<h2>Brutus \u00e9tait-il un certaines d\u2019entre imb\u00e9cile?<\/h2>\n<p>Si l\u2019on en croit Uderzo et la BD Ast\u00e9rix, Brutus n\u2019\u00e9tait pas tr\u00e8s malin, voire franchement grotesque. \u00abC\u2019est tr\u00e8s loin d\u2019\u00eatre vrai: on sait que c\u2019\u00e9tait, au contraire, un homme tr\u00e8s fin, tr\u00e8s cultiv\u00e9 et tr\u00e8s intelligent, qui ma\u00eetrisait aussi bien la philosophie que l\u2019art de la guerre, corrige Pierre S\u00e1nchez. C\u00e9sar ne se liait pas avec n\u2019importe qui: ce n\u2019est pas un hasard s\u2019il l\u2019a pris sous son aile et lui a pardonn\u00e9 sa \u00abtrahison\u00bb. Il avait de l\u2019admiration pour lui, comme en ont d\u2019ailleurs eu les Romains qui se sont ralli\u00e9s \u00e0 lui lors de la conjuration.\u00bb<\/p>\n<p>L\u2019historien cite un \u00e9pisode peu connu pour montrer que, loin d\u2019\u00eatre un idiot, Brutus \u00e9tait un malin, notamment dans le domaine financier. Il pla\u00e7ait par exemple des capitaux en Orient avec un rendement qui d\u00e9passait les plus optimistes attentes. \u00abLes cit\u00e9s conquises par Rome lui devaient en effet un imp\u00f4t colossal, raconte Pierre S\u00e1nchez, que, le plus souvent, elles n\u2019\u00e9taient pas en mesure de payer. Brutus pr\u00eatait donc \u00e0 n\u00e9cessaires. Il le faisait par l\u2019interm\u00e9diaire d\u2019agents, au taux de&#8230; 48%!\u00bb<\/p>\n<p>Comme tout citoyen romain, Brutus profitait ainsi indirectement de cet imp\u00f4t encaiss\u00e9 par l\u2019Etat romain, et il engrangeait en outre les int\u00e9r\u00eats proprement usuriers d\u00e9gag\u00e9s par son pr\u00eat effectu\u00e9 \u00e0 titre priv\u00e9. En plus, il n\u2019h\u00e9sitait pas \u00e0 faire donner la cavalerie contre les autorit\u00e9s de la ville quand, \u00e9trangl\u00e9es par les dettes, elles ne pouvaient plus payer. Des parlementaires r\u00e9fugi\u00e9s dans le S\u00e9nat de Salamine sont ainsi morts de faim, assi\u00e9g\u00e9s par les troupes du gouverneur romain local qu\u2019il avait fait intervenir en sa faveur&#8230;<\/p>\n<p>Brutus savait donc obtenir ce qu\u2019il voulait, qu\u2019il soit m\u00fb par de nobles id\u00e9aux comme dans la conjuration contre C\u00e9sar, ou par des int\u00e9r\u00eats plus bassement mat\u00e9rialistes comme ici.<\/p>\n<p style=\"text-align: right\">Sonia Arnal<\/p>\n","protected":false},"excerpt":{"rendered":"<p>Marcus Junius Brutus \u00e9tait l\u2019une des figures tragiques de la s\u00e9rie TV Rome. L\u2019assassin de Jules C\u00e9sar sera aussi l\u2019une des vedettes comiques de l\u2019adaptation au cin\u00e9ma de la c\u00e9l\u00e8bre &hellip; <\/p>\n","protected":false},"author":158,"featured_media":0,"comment_status":"open","ping_status":"open","sticky":false,"template":"","format":"standard","meta":{"_seopress_robots_primary_cat":"","_seopress_titles_title":"","_seopress_titles_desc":"","_seopress_robots_index":"","footnotes":""},"categories":[31,30],"tags":[41],"class_list":{"0":"post-1148","1":"post","2":"type-post","3":"status-publish","4":"format-standard","6":"category-histoire","7":"category-no-40","8":"tag-sonia-arnal"},"_links":{"self":[{"href":"https:\/\/wp.unil.ch\/allezsavoir\/wp-json\/wp\/v2\/posts\/1148","targetHints":{"allow":["GET"]}}],"collection":[{"href":"https:\/\/wp.unil.ch\/allezsavoir\/wp-json\/wp\/v2\/posts"}],"about":[{"href":"https:\/\/wp.unil.ch\/allezsavoir\/wp-json\/wp\/v2\/types\/post"}],"author":[{"embeddable":true,"href":"https:\/\/wp.unil.ch\/allezsavoir\/wp-json\/wp\/v2\/users\/158"}],"replies":[{"embeddable":true,"href":"https:\/\/wp.unil.ch\/allezsavoir\/wp-json\/wp\/v2\/comments?post=1148"}],"version-history":[{"count":0,"href":"https:\/\/wp.unil.ch\/allezsavoir\/wp-json\/wp\/v2\/posts\/1148\/revisions"}],"wp:attachment":[{"href":"https:\/\/wp.unil.ch\/allezsavoir\/wp-json\/wp\/v2\/media?parent=1148"}],"wp:term":[{"taxonomy":"category","embeddable":true,"href":"https:\/\/wp.unil.ch\/allezsavoir\/wp-json\/wp\/v2\/categories?post=1148"},{"taxonomy":"post_tag","embeddable":true,"href":"https:\/\/wp.unil.ch\/allezsavoir\/wp-json\/wp\/v2\/tags?post=1148"}],"curies":[{"name":"wp","href":"https:\/\/api.w.org\/{rel}","templated":true}]}}