{"id":11392,"date":"2020-08-21T08:26:11","date_gmt":"2020-08-21T06:26:11","guid":{"rendered":"http:\/\/wp.unil.ch\/allezsavoir\/?p=11392"},"modified":"2020-09-02T11:03:14","modified_gmt":"2020-09-02T09:03:14","slug":"en-direct-du-campus-23","status":"publish","type":"post","link":"https:\/\/wp.unil.ch\/allezsavoir\/en-direct-du-campus-23\/","title":{"rendered":"En direct du campus"},"content":{"rendered":"\n<div class=\"wp-block-image\"><figure class=\"aligncenter size-large is-resized\"><img alt=\"\" loading=\"lazy\" decoding=\"async\" src=\"https:\/\/wp.unil.ch\/allezsavoir\/files\/2020\/07\/breves_75_1.jpg\" alt=\"\" class=\"wp-image-11310\" width=\"800\" height=\"533\" srcset=\"https:\/\/wp.unil.ch\/allezsavoir\/files\/2020\/07\/breves_75_1.jpg 800w, https:\/\/wp.unil.ch\/allezsavoir\/files\/2020\/07\/breves_75_1-390x260.jpg 390w, https:\/\/wp.unil.ch\/allezsavoir\/files\/2020\/07\/breves_75_1-768x512.jpg 768w\" sizes=\"auto, (max-width: 800px) 100vw, 800px\" \/><figcaption>Jan Roelof van der Meer. Photo Fabrice Ducrest \u00a9 UNIL <\/figcaption><\/figure><\/div>\n\n\n\n<p><strong>Microbiomes, un nouveau p\u00f4le de recherche<\/strong><\/p>\n\n\n\n<p>Dans la nature et dans nos intestins, les bact\u00e9ries forment des \u00e9cosyst\u00e8mes dont nous commen\u00e7ons \u00e0 peine \u00e0 mesurer l\u2019importance pour notre sant\u00e9 et celle de l\u2019environnement. Afin de percer le myst\u00e8re de leur fonctionnement, le Fonds national suisse a confi\u00e9 \u00e0 l\u2019Universit\u00e9 de Lausanne la cr\u00e9ation cette ann\u00e9e d\u2019un P\u00f4le de recherche national. Intitul\u00e9 <em><a href=\"https:\/\/nccr-microbiomes.ch\/\" target=\"_blank\" rel=\"noreferrer noopener\">Microbiomes<\/a><\/em>, ce vaste r\u00e9seau est dirig\u00e9 par le prof. <strong>Jan Roelof van der Meer<\/strong>, directeur du D\u00e9partement de microbiologie fondamentale de l\u2019UNIL, en collaboration avec l\u2019\u00c9cole polytechnique f\u00e9d\u00e9rale de Zurich.<\/p>\n\n\n\n<p>Ce p\u00f4le est constitu\u00e9 d\u2019une vingtaine d\u2019experts issus des deux institutions ainsi que du Centre hospitalier universitaire vaudois, de l\u2019EPFL et des Universit\u00e9s de Berne et Zurich.  LC<\/p>\n\n\n\n<p><strong>On nous \u00e9crit parfois de loin<\/strong><\/p>\n\n\n\n<p>Aujourd\u2019hui, <em>Allez savoir!<\/em> compte environ 13000 abonn\u00e9s, dont pr\u00e8s de 9000 r\u00e9sident dans le canton de Vaud. Mais le magazine gratuit de l\u2019UNIL s\u00e9duit hors des fronti\u00e8res helv\u00e9tiques, avec pr\u00e8s de 900 lecteurs \u00e0 l\u2019\u00e9tranger. Ces derniers se trouvent dans 72 pays, du Japon \u00e0 l\u2019Uruguay. Nous comptons davantage de fid\u00e8les en France, au Canada ou en Belgique, pour des raisons \u00e9videntes de langue. En mars, la r\u00e9daction a re\u00e7u une lettre de demande d\u2019abonnement de la part de Jean-Marie Kajangu. Assistant en gestion h\u00f4teli\u00e8re, protocolaire et tourisme \u00e0 l\u2019Institut sup\u00e9rieur des arts et m\u00e9tiers, cet enseignant vit \u00e0 Cyangugu (Rwanda), non loin du lac Kivu. Comme il l\u2019\u00e9crit dans sa missive, \u00abla culture n\u2019a pas de fronti\u00e8re\u00bb. Nous ne pouvons qu\u2019\u00eatre d\u2019accord avec lui. DS<\/p>\n\n\n\n<p><strong>Marier antique et num\u00e9rique<\/strong><\/p>\n\n\n\n<p>#ASAnumerica est un groupe de r\u00e9flexion sur le recours aux nouvelles technologies dans les sciences de l\u2019Antiquit\u00e9, telles que la reconstitution virtuelle d\u2019un temple \u00e0 Palmyre, n\u00e9 d\u2019une rencontre entre trois chercheurs de l\u2019Institut d\u2019arch\u00e9ologie et des sciences de l\u2019Antiquit\u00e9 (ASA), Patrick M. Michel, Dylan Bovet et Ariane Jamb\u00e9. L\u2019un des objectifs est de proposer des s\u00e9ances de travail autour des probl\u00e9matiques qu\u2019implique l\u2019utilisation de l\u2019informatique, comme les syst\u00e8mes d\u2019information g\u00e9ographique ou la mod\u00e9lisation, dans les disciplines de l\u2019ASA. NM<\/p>\n\n\n\n<p><a href=\"https:\/\/unil.ch\/asanumerica\" target=\"_blank\" rel=\"noreferrer noopener\">unil.ch\/asanumerica<\/a> et <a href=\"https:\/\/twitter.com\/asanumerica\" target=\"_blank\" rel=\"noreferrer noopener\">twitter.com\/asanumerica<\/a><\/p>\n\n\n\n<p><strong>Au fil de l\u2019histoire du <\/strong><strong>Rh\u00f4ne<\/strong><\/p>\n\n\n\n<p>En d\u00e9cembre 2019, le canton du Valais, avec divers partenaires dont l\u2019Institut de g\u00e9ographie et durabilit\u00e9 et le Centre interdisciplinaire de recherche sur la montagne (CIRM), a inaugur\u00e9 la Plateforme Rh\u00f4ne. Elle propose un bon nombre de ressources documentaires sur les moments cl\u00e9s de l\u2019histoire du fleuve. L\u2019UNIL a contribu\u00e9 notamment \u00e0 la r\u00e9alisation d\u2019une carte interactive de plans historiques du cours d\u2019eau, au moyen du g\u00e9n\u00e9rateur de catalogues en ligne CATIMA. La nouvelle base de donn\u00e9es s\u2019ajoute aux bases documentaires sur les Alpes vaudoises et valaisannes, g\u00e9r\u00e9es par le CIRM. NM<\/p>\n\n\n\n<p><a rel=\"noreferrer noopener\" href=\"https:\/\/plateforme-rhone.ch\" target=\"_blank\">plateforme<\/a><a href=\"https:\/\/plateforme-rhone.ch\" target=\"_blank\" rel=\"noreferrer noopener\">-rhone.ch<\/a><\/p>\n\n\n\n<figure class=\"wp-block-image size-large\"><img alt=\"\" loading=\"lazy\" decoding=\"async\" width=\"800\" height=\"533\" src=\"https:\/\/wp.unil.ch\/allezsavoir\/files\/2020\/07\/breves_75_2.jpg\" alt=\"\" class=\"wp-image-11311\" srcset=\"https:\/\/wp.unil.ch\/allezsavoir\/files\/2020\/07\/breves_75_2.jpg 800w, https:\/\/wp.unil.ch\/allezsavoir\/files\/2020\/07\/breves_75_2-390x260.jpg 390w, https:\/\/wp.unil.ch\/allezsavoir\/files\/2020\/07\/breves_75_2-768x512.jpg 768w\" sizes=\"auto, (max-width: 800px) 100vw, 800px\" \/><figcaption>\u00a9 Alain Herzog\/EPFL <\/figcaption><\/figure>\n\n\n\n<p><strong>La cl\u00e9 des champs<\/strong><\/p>\n\n\n\n<p>Les 75&nbsp;000 m\u00e8tres carr\u00e9s de terres agricoles de l\u2019UNIL et de l\u2019EPFL ont \u00e9t\u00e9 confi\u00e9s \u00e0 un collectif, suite \u00e0 un appel d\u2019offres. La jeune \u00e9quipe choisie s\u2019est engag\u00e9e dans un projet durable qui associe mara\u00eechage, arboriculture et \u00e9levage en cycle ferm\u00e9, dans une perspective \u00abbio\u00bb de micro-ferme mod\u00e8le. Plusieurs animaux, comme des chevaux, un \u00e2ne, des brebis ou des cochons sont attendus sur le domaine. Devant l\u2019Unith\u00e8que, une surface de 27&nbsp;000 m\u00e8tres carr\u00e9s accueillera des cultures de c\u00e9r\u00e9ales anciennes, de sarrasin, de pois chiches ou de lentilles. Des dizaines d\u2019arbres fruitiers seront plant\u00e9s, ainsi que des haies. Les produits pourront \u00e0 terme \u00eatre achet\u00e9s \u00e0 la ferme de Bassenges (\u00e0 \u00c9cublens, en face du SwissTech Convention Center) ou seront distribu\u00e9s en circuit court sur le campus. (R\u00e9d.)<\/p>\n\n\n\n<p><a href=\"https:\/\/unil.ch\/durable\" target=\"_blank\" rel=\"noreferrer noopener\">unil.ch\/durable<\/a><\/p>\n\n\n\n<p><strong>Championnes de la plaidoirie<\/strong><\/p>\n\n\n\n<p>Quatre \u00e9tudiantes en droit de l\u2019UNIL, <strong>In\u00e8s Pinto Monteiro<\/strong>, <strong>Rina Iseni<\/strong>, <strong>Floriana Giacomello<\/strong> et <strong>Federica Rella<\/strong>, ont remport\u00e9 la finale du Swiss Moot Court. Il s\u2019agit d\u2019un concours de plaidoiries lors duquel douze \u00e9quipes d\u2019\u00e9tudiants des universit\u00e9s suisses rivalisent de rh\u00e9torique devant un jury form\u00e9 de juges, d\u2019avocats et de professeurs de droit. L\u2019\u00e9v\u00e9nement a eu lieu au Tribunal f\u00e9d\u00e9ral de Lucerne en f\u00e9vrier dernier. L\u2019\u00e9valuation s\u2019est faite sur la base de la pertinence des arguments pr\u00e9sent\u00e9s, ainsi que sur la force de persuasion. Le quatuor gagnant de l\u2019UNIL a \u00e9t\u00e9 encadr\u00e9 par la professeure Anne-Christine Fornage et par ses assistants dipl\u00f4m\u00e9s Catherine Kirchner, Arthur Grisoni et Damien Oppliger. (R\u00e9d.)<\/p>\n\n\n\n<p><a href=\"https:\/\/swissmootcourt.ch\" target=\"_blank\" rel=\"noreferrer noopener\">swissmootcourt.ch<\/a><\/p>\n\n\n\n<p><strong>Un portrait des \u00e9tudiants en chiffres<\/strong><\/p>\n\n\n\n<p>Chaque ann\u00e9e en novembre, le Service d\u2019orientation et carri\u00e8res pilote une enqu\u00eate t\u00e9l\u00e9phonique aupr\u00e8s des personnes inscrites pour la premi\u00e8re fois en bachelor \u00e0 l\u2019UNIL. Men\u00e9e en collaboration avec la F\u00e9d\u00e9ration des associations d\u2019\u00e9tudiant\u00b7e\u00b7s, cette d\u00e9marche fournit de nombreuses informations sur les d\u00e9butants. De plus, en tant que mesure d\u2019accueil, elle les sensibilise aux particularit\u00e9s des \u00e9tudes universitaires, tout en les informant sur les structures \u00e0 leur disposition.<\/p>\n\n\n\n<p>En moyenne, une personne de premi\u00e8re ann\u00e9e est occup\u00e9e \u00e0 ses \u00e9tudes environ 39h30 par semaine, dont 17h30 consacr\u00e9es aux r\u00e9visions et au travail personnel. 61,5% des d\u00e9butants n\u2019ont aucune difficult\u00e9 d\u2019adaptation et l\u2019immense majorit\u00e9 est satisfaite de son choix d\u2019\u00e9tudes. 49% travaillent en parall\u00e8le \u00e0 leur cursus, en moyenne 7h par semaine.<\/p>\n\n\n\n<p>Si cette enqu\u00eate aborde nombre de sujets s\u00e9rieux, on d\u00e9couvre aussi que 55% des \u00e9tudiants participent \u00e0 la vie sociale, culturelle et associative du campus et que les r\u00e9seaux sociaux ont la cote: 88,1% poss\u00e8dent un compte sur Instagram, 74,1% utilisent Snapchat&#8230; et seulement 60,5% sont encore sur Facebook, un pourcentage qui chute chaque ann\u00e9e. DS<\/p>\n\n\n\n<p>Tous les r\u00e9sultats: <a rel=\"noreferrer noopener\" href=\"https:\/\/unil.ch\/soc\/comment-allez-vous\" target=\"_blank\">unil.ch\/soc\/comment-allez-vous<\/a><\/p>\n\n\n\n<p><strong>Confinement, t\u00e9l\u00e9travail et singes<\/strong><\/p>\n\n\n\n<p><strong>5558<\/strong> Le nombre d\u2019articles et d\u2019\u00e9missions qui ont mentionn\u00e9 l\u2019UNIL ou le CHUV dans les m\u00e9dias romands en 2020 (d\u2019apr\u00e8s la revue de presse <em>Argus<\/em> au 31 juillet). Sans surprise, les questions pos\u00e9es par la pand\u00e9mie ont mobilis\u00e9 les chercheurs de l\u2019UNIL. Au-del\u00e0 des aspects m\u00e9dicaux, l\u2019impact de ces mois de semi-confinement sur la soci\u00e9t\u00e9 a \u00e9galement int\u00e9ress\u00e9 les m\u00e9dias.<\/p>\n\n\n\n<p>Ainsi, l\u2019anthropologue Fanny Parise, chercheuse associ\u00e9e \u00e0 l\u2019Institut l\u00e9manique de th\u00e9ologie pratique, a pu pr\u00e9senter ses recherches, qui portent notamment sur les profils des personnes confin\u00e9es. Professeure \u00e0 l\u2019Institut des sciences sociales, Laurence Kaufmann s\u2019est exprim\u00e9e plusieurs fois au sujet des <em>fake news<\/em> et des th\u00e9ories du complot, des th\u00e8mes qu\u2019elle avait d\u00e9j\u00e0 abord\u00e9s dans <a href=\"https:\/\/wp.unil.ch\/allezsavoir\/%e2%80%89cette-theorie-du-complot-temoigne-de-lebranlement-assez-general-des-institutions%e2%80%89\/\" data-type=\"URL\" data-id=\"https:\/\/wp.unil.ch\/allezsavoir\/%e2%80%89cette-theorie-du-complot-temoigne-de-lebranlement-assez-general-des-institutions%e2%80%89\/\" target=\"_blank\" rel=\"noreferrer noopener\"><em>Allez savoir!<\/em> 72 (mai 2019)<\/a>. Sujet \u00e9mergent, le t\u00e9l\u00e9travail a mobilis\u00e9 l\u2019expertise d\u2019Isabelle Chappuis, directrice du Future Skills LAB. Comme la pand\u00e9mie a engendr\u00e9 un certain ennui chez des personnes enferm\u00e9es chez elles, Alexandrine Schniewind, professeure en Section de philosophie, a pu longuement traiter de ce sentiment d\u00e9sormais bien partag\u00e9 dans <em>M Magazine<\/em>, le 14 avril.&nbsp;<\/p>\n\n\n\n<p>Gr\u00e2ce au site Avis d\u2019experts, fruit d\u2019un partenariat entre la RTS et les Hautes \u00c9coles romandes, de nombreuses interventions de scientifiques de l\u2019UNIL dans les m\u00e9dias publics peuvent \u00eatre retrouv\u00e9es en quelques clics (<a rel=\"noreferrer noopener\" href=\"https:\/\/avisdexperts.ch\" data-type=\"URL\" data-id=\"avisdexperts.ch\" target=\"_blank\">avisdexperts<\/a><a href=\"https:\/\/avisdexperts.ch\" data-type=\"URL\" data-id=\"avisdexperts.ch\">.ch<\/a>). D\u2019autres sujets ont pu se glisser entre deux virus. Comme par exemple l\u2019\u00e9tude men\u00e9e par Erica van de Waal (professeure assistante au D\u00e9partement d\u2019\u00e9cologie et \u00e9volution) au sujet des singes vervet. Chez ces animaux, la dominance entre les sexes peut pencher du c\u00f4t\u00e9 des femelles. Des travaux publi\u00e9s dans la revue scientifique <em>Frontiers in Psychology<\/em> (14 mai 2020). D\u2019autres recherches men\u00e9es par la primatologue ont \u00e9t\u00e9 pr\u00e9sent\u00e9es dans <a href=\"https:\/\/wp.unil.ch\/allezsavoir\/comment-les-singes-deviennent-savants\/\" data-type=\"URL\" data-id=\"https:\/\/wp.unil.ch\/allezsavoir\/comment-les-singes-deviennent-savants\/\" target=\"_blank\" rel=\"noreferrer noopener\"><em>Allez savoir!<\/em> 72 (mai 2019)<\/a>. DS<\/p>\n\n\n\n<p><strong>Au coeur de l&rsquo;actu<\/strong><\/p>\n\n\n\n<p>Charg\u00e9 de cours en Facult\u00e9 des lettres, Gilles Merminod examine en d\u00e9tail le parcours d\u2019une nouvelle dans la r\u00e9daction de la Radio T\u00e9l\u00e9vision Suisse. En l\u2019occurrence, le <em>crash<\/em> \u00e0 l\u2019atterrissage du vol Garuda Indonesia 200, le 7 mars 2007: cet accident a fait 21 morts. L\u2019auteur nous fait suivre presque minute par minute le traitement de cette information par les journalistes du m\u00e9dia public.<\/p>\n\n\n\n<p>M\u00eame si cet \u00e9v\u00e9nement nous para\u00eet lointain, il \u00abpermet d\u2019\u00e9tudier le traitement d\u2019un \u00e9v\u00e9nement inattendu \u2013 l\u2019une des mati\u00e8res premi\u00e8res du travail journalistique \u2013 dans une situation de production qui contraint les praticiens \u00e0 reconsid\u00e9rer leurs fa\u00e7ons de faire l\u2019information: ils ont \u00e0 leur disposition des images amateur tourn\u00e9es au c\u0153ur de l\u2019\u00e9v\u00e9nement et vont \u00eatre amen\u00e9s \u00e0 les utiliser\u00bb, comme l\u2019\u00e9crit Gilles Merminod. Sa d\u00e9marche, \u00e0 la fois ethnographique et linguistique, s\u2019av\u00e8re bien utile pour mieux comprendre comment et dans quelles conditions sont r\u00e9alis\u00e9es les <em>news<\/em> que nous consommons au quotidien. DS<\/p>\n\n\n\n<figure class=\"wp-block-image size-large is-resized\"><img alt=\"\" loading=\"lazy\" decoding=\"async\" src=\"https:\/\/wp.unil.ch\/allezsavoir\/files\/2020\/07\/livre_merminod_75_1.jpg\" alt=\"\" class=\"wp-image-11332\" width=\"150\" height=\"226\" \/><figcaption>Histoire d\u2019une nouvelle. Pratiques narratives en salle de r\u00e9daction. Par Gilles Merminod. De Boeck (2019), 300 p.<\/figcaption><\/figure>\n\n\n\n<p><strong>Coronavirus, pand\u00e9mie et&#8230; Covid-19<\/strong><\/p>\n\n\n\n<p><strong>1846<\/strong> Le nombre d\u2019articles que les chercheurs de l\u2019UNIL et du CHUV ont fait para\u00eetre dans des revues scientifiques \u00e9valu\u00e9es par les pairs, en 2020 (d\u2019apr\u00e8s Serval, au 31 juillet).<\/p>\n\n\n\n<p>Comme le rel\u00e8ve la rectrice de l\u2019UNIL Nouria Hernandez <a href=\"https:\/\/wp.unil.ch\/allezsavoir\/comment-lunil-a-traverse-lepreuve-de-la-covid-19\/\">dans sa chronique<\/a>, la pand\u00e9mie a suscit\u00e9 de nombreux travaux parmi les scientifiques confin\u00e9s. Ces recherches, men\u00e9es \u00e0 chaud, offrent l\u2019occasion de prendre un peu de recul face \u00e0 la d\u00e9ferlante d\u2019informations d\u00e9livr\u00e9es en continu par les sites d\u2019actualit\u00e9, depuis quelques mois.<\/p>\n\n\n\n<p>L\u2019anthropologue Fanny Parise, chercheuse associ\u00e9e \u00e0 l\u2019Institut l\u00e9manique de th\u00e9ologie pratique, a pilot\u00e9 une enqu\u00eate en ligne aupr\u00e8s de 6000 personnes, en Suisse et en France. Riche d\u2019enseignements au sujet de l\u2019\u00e9volution de nos modes de vie ou des nouveaux rites, CONSOVID-19 nous apprend entre autres qu\u2019il existe quatre profils de confin\u00e9s: les \u00abnaufrag\u00e9s\u00bb (qui sortent peu), les \u00abentre-deux\u00bb (pour qui le confinement est per\u00e7u comme un moment privil\u00e9gi\u00e9), les \u00abtravailleurs\u00bb essentiels (dont la charge mentale a augment\u00e9 et les conditions de vie se sont d\u00e9grad\u00e9es) et une minorit\u00e9 d\u2019 \u00abexil\u00e9s\u00bb (confin\u00e9s ailleurs que chez eux, ils privil\u00e9gient l\u2019entre-soi). \u00c0 d\u00e9couvrir sur <a href=\"https:\/\/anthropologieduconfinement.com\" target=\"_blank\" rel=\"noreferrer noopener\">anthropologieduconfinement.com<\/a>.<\/p>\n\n\n\n<p>N\u00e9 de l\u2019initiative de chercheurs et du Service Culture et M\u00e9diation scientifique de l\u2019UNIL, le blog \u00abViral\u00bb (<a href=\"https:\/\/unil.ch\/viral\" data-type=\"URL\" data-id=\"unil.ch\/viral\">unil.ch\/<\/a><a href=\"https:\/\/unil.ch\/viral\" data-type=\"URL\" data-id=\"unil.ch\/viral\" target=\"_blank\" rel=\"noreferrer noopener\">viral<\/a>) cherche \u00e0 donner du sens \u00e0 cette crise, en utilisant la carte de l\u2019interdisciplinarit\u00e9. Regroup\u00e9es dans les cat\u00e9gories \u00abapprendre du pass\u00e9\u00bb, \u00abdocumenter le pr\u00e9sent\u00bb et \u00abpenser le futur\u00bb, les contributions traitent aussi bien des \u00e9pid\u00e9mies dans l\u2019Antiquit\u00e9 que de la crise \u00e9cologique.<\/p>\n\n\n\n<p>Men\u00e9 par l\u2019IDIAP, l\u2019EPFL et l\u2019UNIL, le projet Corona Citizen Science (<a href=\"https:\/\/coronacitizenscience.ch\" data-type=\"URL\" data-id=\"coronacitizenscience.ch\" target=\"_blank\" rel=\"noreferrer noopener\">coronacitizenscience.ch<\/a>) a inclus des citoyens au sein de recherches men\u00e9es sur des sujets comme \u00abVivre plus localement apr\u00e8s le coronavirus? Sc\u00e9narios d\u2019avenir pour les \u00e9conomies locales\u00bb, la mobilit\u00e9 ou le tra\u00e7age num\u00e9rique, entre autres.&nbsp;<\/p>\n\n\n\n<p>Photographies, t\u00e9moignages, moments saisis sur le vif et analyses: le site <a href=\"https:\/\/covies20.com\" data-type=\"URL\" data-id=\"covies20.com\" target=\"_blank\" rel=\"noreferrer noopener\">covies20.com<\/a> m\u00eale les points de vue pour donner une image de la crise \u00e0 grande \u00e9chelle que l\u2019humanit\u00e9 traverse.&nbsp;<\/p>\n\n\n\n<p>Les nombreux projets lanc\u00e9s par l\u2019UNIL, ou men\u00e9s en collaboration avec l\u2019institution, sont regroup\u00e9s sur <a href=\"https:\/\/unil.ch\/viral\/recherche\" data-type=\"URL\" data-id=\"unil.ch\/viral\/recherche\" target=\"_blank\" rel=\"noreferrer noopener\">unil.ch\/viral\/recherche<\/a>. DS<\/p>\n\n\n\n<figure class=\"wp-block-image size-large\"><img alt=\"\" loading=\"lazy\" decoding=\"async\" width=\"800\" height=\"601\" src=\"https:\/\/wp.unil.ch\/allezsavoir\/files\/2020\/07\/breves_75_3.jpg\" alt=\"\" class=\"wp-image-11312\" srcset=\"https:\/\/wp.unil.ch\/allezsavoir\/files\/2020\/07\/breves_75_3.jpg 800w, https:\/\/wp.unil.ch\/allezsavoir\/files\/2020\/07\/breves_75_3-346x260.jpg 346w, https:\/\/wp.unil.ch\/allezsavoir\/files\/2020\/07\/breves_75_3-768x577.jpg 768w\" sizes=\"auto, (max-width: 800px) 100vw, 800px\" \/><figcaption>\u00a9 Pavlov\/Dreamstime<\/figcaption><\/figure>\n\n\n\n<p><strong>Qui es-tu, fourmi vaudoise?<\/strong><\/p>\n\n\n\n<p>Il y a un peu plus d\u2019un an, l\u2019UNIL, la Soci\u00e9t\u00e9 vaudoise des sciences naturelles et le Mus\u00e9e de zoologie de Lausanne ont lanc\u00e9 l\u2019Op\u00e9ration Fourmis, le premier recensement des fourmis vaudoises. Curieusement, les connaissances fiables sur la diversit\u00e9 et la distribution de ces animaux manquent sous nos latitudes. La population a jou\u00e9 le jeu, en d\u00e9nichant des petites b\u00eates \u00e0 travers tout le canton, kit de chercheur en poche. Ainsi, 601 myrm\u00e9cologues b\u00e9n\u00e9voles ont envoy\u00e9 6923 \u00e9chantillons aux organisateurs de l\u2019Op\u00e9ration fourmis. Plus de 70 esp\u00e8ces ont \u00e9t\u00e9 identifi\u00e9es et localis\u00e9es, apr\u00e8s un patient travail. DS<\/p>\n\n\n\n<p>Cartes, informations et r\u00e9sultats sur <a href=\"https:\/\/unil.ch\/fourmisvaud\" data-type=\"URL\" data-id=\"unil.ch\/fourmisvaud\" target=\"_blank\" rel=\"noreferrer noopener\">unil.ch\/fourmisvaud<\/a><\/p>\n\n\n\n<p><strong>L\u2019olympisme,<\/strong> <strong>un sport national<\/strong><\/p>\n\n\n\n<p>La Suisse n\u2019est pas devenue un haut lieu de l\u2019olympisme en un jour. Dans cet ouvrage, Jean-Loup Chappelet raconte comment Lausanne, l\u2019arc l\u00e9manique et le pays dans son entier sont devenus des places centrales du sport international depuis le d\u00e9but du XX<sup>e<\/sup> si\u00e8cle. Si cette importance induit des retomb\u00e9es \u00e9conomiques et sociales positives, elle comporte \u00e9galement des dangers, quand des scandales entachent la r\u00e9putation des grandes organisations, et par ricochet, risquent de nuire au pays qui les accueille. Professeur honoraire \u00e0 l\u2019UNIL, l\u2019auteur a \u00e9t\u00e9 r\u00e9compens\u00e9 pour son engagement d\u2019exception en faveur du sport suisse par l\u2019Association Swiss Sport Managers, en mars dernier (R\u00e9d.)<\/p>\n\n\n\n<figure class=\"wp-block-image size-large is-resized\"><img alt=\"\" loading=\"lazy\" decoding=\"async\" src=\"https:\/\/wp.unil.ch\/allezsavoir\/files\/2020\/07\/livre_chappelet_75_1.jpg\" alt=\"\" class=\"wp-image-11327\" width=\"150\" height=\"220\" \/><figcaption>La place olympique suisse. Par Jean-Loup Chappelet. Cab\u00e9dita.<\/figcaption><\/figure>\n\n\n\n<p><strong>M\u00e9decine, histoire, insectes et consommation<\/strong><\/p>\n\n\n\n<p>Comment l\u2019organisation d\u2019une soci\u00e9t\u00e9 peut-elle r\u00e9duire la transmission de maladies? C\u2019est la question que va explorer <strong>Yuko Ulrich<\/strong>, ma\u00eetre assistante au D\u00e9partement d\u2019\u00e9cologie et \u00e9volution de la Facult\u00e9 de biologie et de m\u00e9decine, titulaire d\u2019un \u00abERC Starting Grant 2019\u00bb. Octroy\u00e9e par le Conseil europ\u00e9en de la recherche, cette prestigieuse bourse est d\u00e9di\u00e9e aux jeunes chercheurs et chercheuses d\u2019excellence. D\u2019une hauteur de 1,5 million d\u2019euros, ce montant lui permettra de cr\u00e9er une \u00e9quipe et de financer des travaux sur cinq ans. Le projet se concentrera sur des colonies de l\u2019<em>Ooceraeabiroi<\/em>, une fourmi clonale sans reine. LC<\/p>\n\n\n\n<p>Ma\u00eetre d\u2019enseignement et de recherche suppl\u00e9ant \u00e0 la Section d\u2019histoire de l\u2019art (Facult\u00e9 des lettres), <strong>Cyril L\u00e9cosse<\/strong> est laur\u00e9at du Prix du Jury de la Fondation Napol\u00e9on 2019. Ce chercheur est distingu\u00e9 pour son ouvrage <em>Jean-Baptiste Isabey: Petits portraits et grands desseins<\/em> (CTHS \u00c9ditions, 2018). Cet artiste (1770-1837) s\u2019est fait un nom sous la R\u00e9volution et l\u2019Empire. Il a suivi une formation de peintre d\u2019histoire dans l\u2019atelier de Jacques-Louis David et fr\u00e9quent\u00e9 l\u2019\u00e9cole de l\u2019Acad\u00e9mie royale de peinture. Mais il s\u2019est diff\u00e9renci\u00e9 en faisant de la miniature et du dessin fini ses sp\u00e9cialit\u00e9s. \/ Communication Lettres<\/p>\n\n\n\n<p><a href=\"https:\/\/unil.ch\/labelettres\" data-type=\"URL\" data-id=\"unil.ch\/labelettres\" target=\"_blank\" rel=\"noreferrer noopener\">unil.ch\/labelettres<\/a><\/p>\n\n\n\n<p>Dans le cadre de son programme d\u2019encouragement de la rel\u00e8ve dans le domaine de l\u2019enseignement sup\u00e9rieur et de la recherche, la Fondation Philanthropique Famille Sandoz soutient <strong>Cleo Bertelsmeier<\/strong>, professeure assistante au D\u00e9partement d\u2019\u00e9cologie et \u00e9volution. L\u2019an pass\u00e9, cette chercheuse a publi\u00e9 un ouvrage accessible \u00e0 tous, <em>Les guerres secr\u00e8tes des fourmis<\/em>, aux \u00c9ditions Favre. Dans <a href=\"https:\/\/wp.unil.ch\/allezsavoir\/elle-court-elle-court-la-fourmi\/\" data-type=\"URL\" data-id=\"https:\/\/wp.unil.ch\/allezsavoir\/elle-court-elle-court-la-fourmi\/\" target=\"_blank\" rel=\"noreferrer noopener\">l\u2019\u00e9dition d\u2019octobre 2018 (n\u00b070) d\u2019<em>Allez savoir!<\/em><\/a>, la biologiste nous avait parl\u00e9 des fourmis invasives que l\u2019on trouve en Suisse, comme par exemple la <em>Tapinoma magnum<\/em>, pr\u00e9sente en grand nombre \u00e0 Cully et dans d\u2019autres localit\u00e9s vaudoises. DS<\/p>\n\n\n\n<p>Fin 2019, le Conseil f\u00e9d\u00e9ral a nomm\u00e9 <strong>Anne-Christine Fornage<\/strong> \u00e0 la vice-pr\u00e9sidence de la Commission f\u00e9d\u00e9rale de la consommation (CFC). Professeure \u00e0 la Facult\u00e9 de droit, des sciences criminelles et d\u2019administration publique, elle enseigne le droit des obligations et le droit de la consommation. Ses recherches portent sur les d\u00e9s\u00e9quilibres structurels dans les contrats de masse, en particulier dans le contexte de l\u2019\u00e9conomie num\u00e9ris\u00e9e, la s\u00e9curit\u00e9 des produits et la responsabilit\u00e9 qui en d\u00e9coule ainsi que sur le droit des s\u00fbret\u00e9s. Ind\u00e9pendante, la CFC peut \u00eatre consult\u00e9e par les Autorit\u00e9s f\u00e9d\u00e9rales pour les sujets relatifs \u00e0 la politique en mati\u00e8re de consommation. \/ FDCA<\/p>\n","protected":false},"excerpt":{"rendered":"<p>Microbiomes, un nouveau p\u00f4le de recherche Dans la nature et dans nos intestins, les bact\u00e9ries forment des \u00e9cosyst\u00e8mes dont nous commen\u00e7ons \u00e0 peine \u00e0 mesurer l\u2019importance pour notre sant\u00e9 et &hellip; <\/p>\n","protected":false},"author":825,"featured_media":11313,"comment_status":"open","ping_status":"closed","sticky":false,"template":"","format":"standard","meta":{"_seopress_robots_primary_cat":"","_seopress_titles_title":"","_seopress_titles_desc":"","_seopress_robots_index":"","footnotes":""},"categories":[14714,42161,42191],"tags":[39521,42185,42179],"class_list":{"0":"post-11392","1":"post","2":"type-post","3":"status-publish","4":"format-standard","5":"has-post-thumbnail","7":"category-breves","8":"category-campus","9":"category-no-75","10":"tag-david-spring","11":"tag-lysiane-christen","12":"tag-noemie-matos"},"_links":{"self":[{"href":"https:\/\/wp.unil.ch\/allezsavoir\/wp-json\/wp\/v2\/posts\/11392","targetHints":{"allow":["GET"]}}],"collection":[{"href":"https:\/\/wp.unil.ch\/allezsavoir\/wp-json\/wp\/v2\/posts"}],"about":[{"href":"https:\/\/wp.unil.ch\/allezsavoir\/wp-json\/wp\/v2\/types\/post"}],"author":[{"embeddable":true,"href":"https:\/\/wp.unil.ch\/allezsavoir\/wp-json\/wp\/v2\/users\/825"}],"replies":[{"embeddable":true,"href":"https:\/\/wp.unil.ch\/allezsavoir\/wp-json\/wp\/v2\/comments?post=11392"}],"version-history":[{"count":0,"href":"https:\/\/wp.unil.ch\/allezsavoir\/wp-json\/wp\/v2\/posts\/11392\/revisions"}],"wp:featuredmedia":[{"embeddable":true,"href":"https:\/\/wp.unil.ch\/allezsavoir\/wp-json\/wp\/v2\/media\/11313"}],"wp:attachment":[{"href":"https:\/\/wp.unil.ch\/allezsavoir\/wp-json\/wp\/v2\/media?parent=11392"}],"wp:term":[{"taxonomy":"category","embeddable":true,"href":"https:\/\/wp.unil.ch\/allezsavoir\/wp-json\/wp\/v2\/categories?post=11392"},{"taxonomy":"post_tag","embeddable":true,"href":"https:\/\/wp.unil.ch\/allezsavoir\/wp-json\/wp\/v2\/tags?post=11392"}],"curies":[{"name":"wp","href":"https:\/\/api.w.org\/{rel}","templated":true}]}}