{"id":11386,"date":"2020-08-21T08:28:05","date_gmt":"2020-08-21T06:28:05","guid":{"rendered":"http:\/\/wp.unil.ch\/allezsavoir\/?p=11386"},"modified":"2020-08-21T09:19:27","modified_gmt":"2020-08-21T07:19:27","slug":"le-colisee-des-etudiants","status":"publish","type":"post","link":"https:\/\/wp.unil.ch\/allezsavoir\/le-colisee-des-etudiants\/","title":{"rendered":"Le Colis\u00e9e des \u00e9tudiants"},"content":{"rendered":"\n<figure class=\"wp-block-image size-large\"><img alt=\"\" loading=\"lazy\" decoding=\"async\" width=\"800\" height=\"599\" src=\"https:\/\/wp.unil.ch\/allezsavoir\/files\/2020\/07\/vortex_75_1.jpg\" alt=\"\" class=\"wp-image-11374\" srcset=\"https:\/\/wp.unil.ch\/allezsavoir\/files\/2020\/07\/vortex_75_1.jpg 800w, https:\/\/wp.unil.ch\/allezsavoir\/files\/2020\/07\/vortex_75_1-347x260.jpg 347w, https:\/\/wp.unil.ch\/allezsavoir\/files\/2020\/07\/vortex_75_1-768x575.jpg 768w\" sizes=\"auto, (max-width: 800px) 100vw, 800px\" \/><figcaption>Photo Fabrice Ducrest\/UNICOM<\/figcaption><\/figure>\n\n\n\n<p>Il a accueilli les athl\u00e8tes des Jeux olympiques de la Jeunesse 2020, puis du personnel impliqu\u00e9 dans la gestion de la crise du coronavirus. Le b\u00e2timent Vortex se pr\u00e9pare \u00e0 recevoir de nouveaux habitants. D\u00e8s la rentr\u00e9e de septembre, ses 828 chambres et studios accueilleront les \u00e9tudiants des hautes \u00e9coles. Un suppl\u00e9ment de logements bienvenu dans une r\u00e9gion o\u00f9 d\u00e9nicher un toit \u00e0 un prix raisonnable tient du sport de combat.Con\u00e7u par le bureau d\u2019architectes D\u00fcrig, cet \u00e9difice a \u00e9t\u00e9 financ\u00e9 par la Caisse de pension de l\u2019\u00c9tat de Vaud. Son diam\u00e8tre ext\u00e9rieur d\u00e9passe 130 m\u00e8tres, et sa hauteur en atteint 27. Ces dimensions imposantes font para\u00eetre le m\u00e9tro m1, sur la droite de l\u2019image, comme un mod\u00e8le r\u00e9duit de train. Sur la gauche, on aper\u00e7oit des immeubles situ\u00e9s sur la commune de Chavannes-pr\u00e8s-Renens.&nbsp;<\/p>\n\n\n\n<p>A l\u2019int\u00e9rieur de Vortex, o\u00f9 le bois domine, une coursive longue de plus de trois kilom\u00e8tres, \u00e0 la pente douce, permet aux personnes qui ont de bonnes jambes de gravir les 8 \u00e9tages qui m\u00e8nent au sommet, pour profiter de la vue sur l\u2019Ouest lausannois (oui, il y a aussi des ascenseurs). Ce Colis\u00e9e du XXI<sup>e<\/sup> si\u00e8cle, dot\u00e9 d\u2019espaces communs au rez-de-chauss\u00e9e et de deux restaurants, ne va pas tarder \u00e0 s\u2019animer. <\/p>\n","protected":false},"excerpt":{"rendered":"<p>Il a accueilli les athl\u00e8tes des Jeux olympiques de la Jeunesse 2020, puis du personnel impliqu\u00e9 dans la gestion de la crise du coronavirus. Le b\u00e2timent Vortex se pr\u00e9pare \u00e0 &hellip; <\/p>\n","protected":false},"author":825,"featured_media":11374,"comment_status":"open","ping_status":"closed","sticky":false,"template":"","format":"standard","meta":{"_seopress_robots_primary_cat":"","_seopress_titles_title":"","_seopress_titles_desc":"","_seopress_robots_index":"","footnotes":""},"categories":[42161,42189,42191,11],"tags":[39521],"class_list":{"0":"post-11386","1":"post","2":"type-post","3":"status-publish","4":"format-standard","5":"has-post-thumbnail","7":"category-campus","8":"category-diaporama","9":"category-no-75","10":"category-portfolio","11":"tag-david-spring"},"_links":{"self":[{"href":"https:\/\/wp.unil.ch\/allezsavoir\/wp-json\/wp\/v2\/posts\/11386","targetHints":{"allow":["GET"]}}],"collection":[{"href":"https:\/\/wp.unil.ch\/allezsavoir\/wp-json\/wp\/v2\/posts"}],"about":[{"href":"https:\/\/wp.unil.ch\/allezsavoir\/wp-json\/wp\/v2\/types\/post"}],"author":[{"embeddable":true,"href":"https:\/\/wp.unil.ch\/allezsavoir\/wp-json\/wp\/v2\/users\/825"}],"replies":[{"embeddable":true,"href":"https:\/\/wp.unil.ch\/allezsavoir\/wp-json\/wp\/v2\/comments?post=11386"}],"version-history":[{"count":0,"href":"https:\/\/wp.unil.ch\/allezsavoir\/wp-json\/wp\/v2\/posts\/11386\/revisions"}],"wp:featuredmedia":[{"embeddable":true,"href":"https:\/\/wp.unil.ch\/allezsavoir\/wp-json\/wp\/v2\/media\/11374"}],"wp:attachment":[{"href":"https:\/\/wp.unil.ch\/allezsavoir\/wp-json\/wp\/v2\/media?parent=11386"}],"wp:term":[{"taxonomy":"category","embeddable":true,"href":"https:\/\/wp.unil.ch\/allezsavoir\/wp-json\/wp\/v2\/categories?post=11386"},{"taxonomy":"post_tag","embeddable":true,"href":"https:\/\/wp.unil.ch\/allezsavoir\/wp-json\/wp\/v2\/tags?post=11386"}],"curies":[{"name":"wp","href":"https:\/\/api.w.org\/{rel}","templated":true}]}}