{"id":4676,"date":"2018-11-21T15:23:00","date_gmt":"2018-11-21T14:23:00","guid":{"rendered":"http:\/\/wp.unil.ch\/aessp\/?p=4676"},"modified":"2024-03-28T16:23:35","modified_gmt":"2024-03-28T15:23:35","slug":"operation-gilets-jaunes","status":"publish","type":"post","link":"https:\/\/wp.unil.ch\/aessp\/2018\/11\/operation-gilets-jaunes\/","title":{"rendered":"Op\u00e9ration gilets jaunes"},"content":{"rendered":"<p><img alt=\"\" loading=\"lazy\" decoding=\"async\" class=\"aligncenter wp-image-4677 size-medium\" src=\"https:\/\/wp.unil.ch\/aessp\/files\/2018\/11\/gilet-600x289.jpg\" alt=\"\" width=\"600\" height=\"289\" srcset=\"https:\/\/wp.unil.ch\/aessp\/files\/2018\/11\/gilet-600x289.jpg 600w, https:\/\/wp.unil.ch\/aessp\/files\/2018\/11\/gilet-768x370.jpg 768w, https:\/\/wp.unil.ch\/aessp\/files\/2018\/11\/gilet.jpg 830w\" sizes=\"auto, (max-width: 600px) 100vw, 600px\" \/><\/p>\n<p>Par Chiara Caccivio<\/p>\n<p><strong>Samedi 17 novembre ravive les \u00e9mois r\u00e9volutionnaires historiques fran\u00e7ais. Effectivement, plusieurs manifestations se pr\u00e9parent, instaurant une atmosph\u00e8re d\u2019inqui\u00e9tude passablement prononc\u00e9e au sein des autorit\u00e9s qui redoutent avant tout une ampleur bien plus grande qu\u2019initialement escompt\u00e9e. <\/strong><\/p>\n<p><strong>Mais qui sont les gilets jaunes\u00a0?<\/strong><!--more--><\/p>\n<p>Depuis quelques semaines, une col\u00e8re affirm\u00e9e s\u2019\u00e9l\u00e8ve chez les automobilistes. Le fondement de cette instabilit\u00e9 tient incontestablement en la hausse des prix des carburants qui ont pris leur envol dans les stations-services, mais permet de faire \u00e9merger d\u2019autres sujets conflictuels instaur\u00e9s par le gouvernement macronniste.<\/p>\n<p>Les poudres s\u2019embrasent d\u2019autant plus que le pouvoir ex\u00e9cutif annon\u00e7ait r\u00e9cemment vouloir augmenter les taxes sur l\u2019essence et le diesel en 2019 dans l\u2019optique de financer la transition \u00e9cologique. En r\u00e9ponse \u00e0 ces intentions, l\u2019essaim r\u00e9volt\u00e9 s\u2019organise en communaut\u00e9 soud\u00e9e dans l\u2019adversit\u00e9 et pr\u00e9pare un blocage des grands axes routiers dans tout l\u2019hexagone.<\/p>\n<p><strong>Les revendications<\/strong><\/p>\n<p>D\u00e9pourvus de cellule pr\u00e9sidentielle ou d\u2019une quelconque hi\u00e9rarchie, les gilets jaunes sont une communaut\u00e9 h\u00e9t\u00e9rog\u00e8ne qui poursuit le v\u0153u de ne pas se rattacher \u00e0 un syndicat ou un parti politis\u00e9. Cette \u00ab\u00a0confr\u00e9rie\u00a0\u00bb, en plus d\u2019\u00eatre oppos\u00e9e drastiquement \u00e0 la hausse du carburant, t\u00e9moigne \u00e9galement d\u2019un profond ras-le-bol fiscal.<\/p>\n<p>Alexis Spire, directeur de recherche au CNRS et auteur de \u00ab\u00a0<em>R\u00e9sistance \u00e0 l\u2019imp\u00f4t\u00a0\u00bb,<\/em><\/p>\n<p>se confiait \u00e0 l\u2019agence France-Presse\u00a0<strong>\u00ab\u00a0la question des carburants est juste un d\u00e9clencheur. Elle traduit un probl\u00e8me plus profond vis-\u00e0-vis de l\u2019imp\u00f4t\u00a0: ces derni\u00e8res ann\u00e9es, quelque chose s\u2019est gripp\u00e9<\/strong><strong>e<\/strong><strong> dans le rapport \u00e0 la fiscalit\u00e9, principalement chez les classes populaires. Cette contestation de l\u2019imp\u00f4t est aussi un r\u00e9v\u00e9lateur des fractures de la soci\u00e9t\u00e9 fran\u00e7aise\u00a0\u00bb<\/strong><\/p>\n<p>Certes les revendications des gilets jaunes perdurent dans une brume confuse, or certaines pourtant semblent se hisser hors du brouillard et revenir de fa\u00e7on r\u00e9p\u00e9titive sur le devant de la sc\u00e8ne publique.<\/p>\n<p>Si l\u2019assimilation aux bonnets rouges, l\u2019embl\u00e8me de ralliement des opposants aux mesures fiscales relatives \u00e0 la pollution des v\u00e9hicules de transport de marchandise et aux nombreux plans sociaux de l\u2019agroalimentaire en Bretagne en 2013 tiendrait en une erreur, il r\u00e9sulte justement de la pluralit\u00e9 des revendications annonc\u00e9es.<\/p>\n<p>Le gouvernement divise, \u00e9cart\u00e8le la population du continent. Les partisans du mouvement d\u00e9tiennent les m\u00eames constats accablants que la fraction de la population en d\u00e9saccord avec le pr\u00e9sident. \u00ab\u00a0Gaz ou \u00e9lectricit\u00e9, frais bancaires ou domestiques, tout est tax\u00e9. On \u00e9touffe\u00a0\u00bb des acclamations scand\u00e9es par la foule en liesse fluorescente. Jacqueline Mouraud, accord\u00e9oniste et embl\u00e8me du mouvement suite \u00e0 une vid\u00e9o revendicatrice post\u00e9e sur Facebook, criait sur <em>Paris Premi\u00e8re<\/em> \u00ab\u00a0<strong>Les<\/strong> <strong>fran\u00e7ais d\u2019en bas, qu\u2019on ne regarde pas, veulent vivre dignement de ce qu\u2019ils gagnent. Aujourd\u2019hui, on ne vit plus de notre travail(&#8230;) On va travailler, on rend plus que ce qu\u2019on gagne. On nous reprend absolument tout.\u00a0\u00bb<\/strong><\/p>\n<p>L\u2019imp\u00f4t de solidarit\u00e9 sur la fortune (ISF), supprim\u00e9 par le gouvernement en octobre 2017, constitue une seconde distorsion d\u2019opinion des gilets jaunes et une fois encore l\u2019alsacienne s\u2019en faisait la porte-parole sur le plateau de <em>C \u00e0 vous<\/em>. \u00a0\u00ab\u00a0Il laisse un go\u00fbt amer et amplifie le sentiment d\u2019abandon gouvernementale dont les classes populaires s\u2019affirment sujettes. La seule chose qui pourrait aujourd\u2019hui apaiser la col\u00e8re immense qu\u2019il y a dans ce pays, c\u2019est qu\u2019ils r\u00e9tablissent l\u2019ISF. Il n\u2019y a que \u00e7a.\u00a0Emmanuel Macron a fait des petits cadeaux aux milliardaires mais nous, on en a pris plein la poire. Nous sommes de plus en plus pr\u00e9caires. O\u00f9 va-t-on\u00a0?\u00a0\u00bb d\u00e9clamait -elle.<\/p>\n<p>Bien s\u00fbr, dans le champ politique, les partis l\u00e9s\u00e9s lors de l\u2019\u00e9lection pr\u00e9sidentielle ne se privent pas pour accentuer les failles du gouvernement. Fran\u00e7ois Ruffin, d\u00e9put\u00e9 de <em>La France insoumise<\/em> dans la Somme interpellait l\u2019\u00c9lys\u00e9e au sujet du poids des taxations sur les m\u00e9nages modestes en scandant \u00e0 plusieurs reprises <strong>\u00ab\u00a0Rendez l\u2019ISF d\u2019abord\u00a0\u00bb\u00a0!<\/strong><\/p>\n<p>Une ultime pr\u00e9occupation des manifestants r\u00e9side dans la hausse de 1,7 point de la CSG. Cet imp\u00f4t assis sur l\u2019ensemble des revenus personnels des citoyens r\u00e9sidant sur le territoire d\u00e9finit d\u00e9j\u00e0 une lourde charge pour les retrait\u00e9s particuli\u00e8rement et l\u2019augmentation annonc\u00e9e n\u2019aspire pas \u00e0 \u00eatre compens\u00e9e, m\u00eame si le gouvernement a fait un geste fiscal pour 300&rsquo;000 d\u2019entre eux en septembre dernier. <strong>\u00ab\u00a0Les retrait\u00e9s sont de plus en plus minables\u00a0\u00bb :<\/strong> une phrase que nous retrouvions sur les panneaux des barricades.<\/p>\n<p>Retenons encore que de nombreux agents du service public planifient de rejoindre le mouvement pour agir en faveur de la pr\u00e9servation de leur domaine. Pour l\u2019illustrer, prenons les avocats de Limoges qui ont annonc\u00e9s sur Twitter vouloir enfiler le\u00a0 \u00ab\u00a0costume\u00a0\u00bb.<\/p>\n<p><strong>Pourquoi donc les prix des carburants augmentent ils\u00a0?<\/strong><\/p>\n<p>Il existe trois facteurs essentiels, li\u00e9s \u00e0 l\u2019\u00e9volutions croissante du prix de l\u2019essence \u00e0 la pompe. Premi\u00e8rement, le taux de change euro\/dollar influe \u00e9norm\u00e9ment. En effet plus l\u2019euro est faible en rapport \u00e0 la devise am\u00e9ricaine plus la facture pour les consommateurs est lourde. Secondairement, le prix du baril de p\u00e9trole a grimp\u00e9 de 70 \u00e0 80 dollars en l\u2019espace de deux mois, de mars \u00e0 mai 2018. Puis finalement les taxes gouvernementales sur l\u2019essence s\u2019alourdissant depuis le d\u00e9but de l\u2019ann\u00e9e t\u00e9moigne d\u2019une volont\u00e9 gouvernementale d\u2019aligner le prix du gasoil \u00e0 celui du sans plomb, la r\u00e9sultante in\u00e9vitable se mat\u00e9rialise en un fort impact sur le prix \u00e0 la pompe.<\/p>\n<p>Ainsi ces trois \u00e9l\u00e9ments corr\u00e9l\u00e9s permettent d\u2019expliciter cette mont\u00e9e des co\u00fbts.<\/p>\n<p><strong>Le mouvement est-il politique\u00a0?<\/strong><\/p>\n<p>Fabien Buhler, protagonistes du mouvement sur les r\u00e9seaux sociaux et acolyte de \u00a0\u00a0\u00a0\u00a0\u00a0\u00a0\u00a0\u00a0\u00a0Nicolas Dupont-Aignan au sein du parti <em>Debout la France <\/em>se d\u00e9crit comme un \u00e9l\u00e9ment de la <strong><em>Patriosph\u00e8re<\/em><\/strong>. Volontairement orphelin d\u2019une assimilation politique, le mouvement a cependant re\u00e7u le soutien de plusieurs figures importantes du tableau id\u00e9ologique fran\u00e7ais. Marine Le Pen d\u00e9clarait fin octobre sur <em>Europe 1 <\/em>\u00ab\u00a0L\u2019ensemble de nos \u00e9lus et d\u00e9l\u00e9gu\u00e9s d\u00e9partementaux, de nos f\u00e9d\u00e9rations, rejoindront la contestation qui est en train d\u2019\u00e9merger\u00a0. A contrario, <em>Les R\u00e9publicains<\/em> et le <em>PS<\/em> se tiennent en retrait prononc\u00e9 avec cette journ\u00e9e d\u2019actions. Benjamin Griveaux, porte-parole du gouvernement, a d\u00e9nonc\u00e9 <strong><em>une instrumentalisation de la manifestation du 17 novembre par l\u2019extr\u00eame droite<\/em><\/strong>. Concernant la position de la France insoumise cette fois-ci, elle ne statue pas de mani\u00e8re nette et pr\u00e9cise. Jean-Luc M\u00e9lenchon, \u00e0 Lille, l\u00e9gitimait la col\u00e8re des automobilistes par les termes <em>justes<\/em> et <em>dignes<\/em> mais redoutait la pr\u00e9sence des fachos au sein du mouvement.<\/p>\n<p><strong>Point le dimanche 18 novembre.<\/strong><\/p>\n<p>Au lendemain de la mobilisation, l\u2019heure de faire le point sur la veille s\u2019impose<\/p>\n<ul>\n<li>Ce sont pr\u00e8s de 283&rsquo;000 personnes qui protest\u00e8rent, rassembl\u00e9es en groupes plus ou moins cons\u00e9quents au sein des 2000 manifestations parsemant le pays<\/li>\n<li>Un mort est \u00e0 d\u00e9plor\u00e9 et 227 bless\u00e9s durent b\u00e9n\u00e9ficier de soins hospitaliers, sans compter les sept personnes dans un \u00e9tat particuli\u00e8rement inqui\u00e9tant selon le personnel soignant.<\/li>\n<li>117 interpellations ainsi que 73 gardes \u00e0 vues selon le ministre de l\u2019Int\u00e9rieur.<\/li>\n<li>Les plus t\u00e9m\u00e9raires poursuivent, en ce dimanche 18 novembre, les barrages les plus cons\u00e9quents, dans le Pas-de-Calais ou sur l\u2019autoroute A7 \u00e0 la hauteur d\u2019orange par exemple.<\/li>\n<\/ul>\n<p>Les gilets jaunes n\u2019ont pas r\u00e9ussi \u00e0 bloquer la France \u00e0 la hauteur de leurs intentions mais l\u2019ensemble du territoire fut touch\u00e9 par leurs actions, ce qui repr\u00e9sente, pour les partisans, un point non n\u00e9gligeable et un v\u00e9ritable acquis pour ce mouvement issu des r\u00e9seaux sociaux et d\u00e9tach\u00e9 de tout appariement \u00e0 un parti ou un syndicat.<\/p>\n<p>Source image\u00a0:<\/p>\n<p><a href=\"https:\/\/www.lamanchelibre.fr\/photos\/maxi\/617591.jpg?fbclid=IwAR3BuO2W8RFs0DZeiisUqBYTXdsFcjTXidK5lSIfaKI6s7BBteHIh4doP7c\">https:\/\/www.lamanchelibre.fr\/photos\/maxi\/617591.jpg?fbclid=IwAR3BuO2W8RFs0DZeiisUqBYTXdsFcjTXidK5lSIfaKI6s7BBteHIh4doP7c<\/a><\/p>\n","protected":false},"excerpt":{"rendered":"<p>Par Chiara Caccivio Samedi 17 novembre ravive les \u00e9mois r\u00e9volutionnaires historiques fran\u00e7ais. Effectivement, plusieurs manifestations se pr\u00e9parent, instaurant une atmosph\u00e8re d\u2019inqui\u00e9tude passablement prononc\u00e9e au sein des autorit\u00e9s qui redoutent avant tout une ampleur bien plus grande qu\u2019initialement escompt\u00e9e. Mais qui sont les gilets jaunes\u00a0?<\/p>\n","protected":false},"author":1002759,"featured_media":0,"comment_status":"closed","ping_status":"closed","sticky":false,"template":"","format":"standard","meta":{"_seopress_robots_primary_cat":"","_seopress_titles_title":"","_seopress_titles_desc":"","_seopress_robots_index":"","_uag_custom_page_level_css":"","footnotes":""},"categories":[18501],"tags":[],"class_list":{"0":"post-4676","1":"post","2":"type-post","3":"status-publish","4":"format-standard","6":"category-journalisme"},"uagb_featured_image_src":{"full":false,"thumbnail":false,"medium":false,"medium_large":false,"large":false,"1536x1536":false,"2048x2048":false,"mailpoet_newsletter_max":false},"uagb_author_info":{"display_name":"Amphitryon","author_link":"https:\/\/wp.unil.ch\/aessp\/author\/afontesc\/"},"uagb_comment_info":0,"uagb_excerpt":"Par Chiara Caccivio Samedi 17 novembre ravive les \u00e9mois r\u00e9volutionnaires historiques fran\u00e7ais. Effectivement, plusieurs manifestations se pr\u00e9parent, instaurant une atmosph\u00e8re d\u2019inqui\u00e9tude passablement prononc\u00e9e au sein des autorit\u00e9s qui redoutent avant tout une ampleur bien plus grande qu\u2019initialement escompt\u00e9e. Mais qui sont les gilets jaunes\u00a0?","_links":{"self":[{"href":"https:\/\/wp.unil.ch\/aessp\/wp-json\/wp\/v2\/posts\/4676","targetHints":{"allow":["GET"]}}],"collection":[{"href":"https:\/\/wp.unil.ch\/aessp\/wp-json\/wp\/v2\/posts"}],"about":[{"href":"https:\/\/wp.unil.ch\/aessp\/wp-json\/wp\/v2\/types\/post"}],"author":[{"embeddable":true,"href":"https:\/\/wp.unil.ch\/aessp\/wp-json\/wp\/v2\/users\/1002759"}],"replies":[{"embeddable":true,"href":"https:\/\/wp.unil.ch\/aessp\/wp-json\/wp\/v2\/comments?post=4676"}],"version-history":[{"count":1,"href":"https:\/\/wp.unil.ch\/aessp\/wp-json\/wp\/v2\/posts\/4676\/revisions"}],"predecessor-version":[{"id":6735,"href":"https:\/\/wp.unil.ch\/aessp\/wp-json\/wp\/v2\/posts\/4676\/revisions\/6735"}],"wp:attachment":[{"href":"https:\/\/wp.unil.ch\/aessp\/wp-json\/wp\/v2\/media?parent=4676"}],"wp:term":[{"taxonomy":"category","embeddable":true,"href":"https:\/\/wp.unil.ch\/aessp\/wp-json\/wp\/v2\/categories?post=4676"},{"taxonomy":"post_tag","embeddable":true,"href":"https:\/\/wp.unil.ch\/aessp\/wp-json\/wp\/v2\/tags?post=4676"}],"curies":[{"name":"wp","href":"https:\/\/api.w.org\/{rel}","templated":true}]}}