{"id":4312,"date":"2017-12-04T09:26:05","date_gmt":"2017-12-04T08:26:05","guid":{"rendered":"http:\/\/wp.unil.ch\/aessp\/?p=4312"},"modified":"2017-12-11T17:47:40","modified_gmt":"2017-12-11T16:47:40","slug":"psychonoel-2017","status":"publish","type":"post","link":"https:\/\/wp.unil.ch\/aessp\/2017\/12\/psychonoel-2017\/","title":{"rendered":"PsychoNo\u00ebl 2017"},"content":{"rendered":"<p style=\"text-align: right\"><span class=\"_4n-j _3cht fsl\"><a href=\"https:\/\/wp.unil.ch\/aessp\/files\/2017\/11\/psychonoel2017.jpg\"><img alt=\"\" loading=\"lazy\" decoding=\"async\" class=\"alignright wp-image-4313\" src=\"https:\/\/wp.unil.ch\/aessp\/files\/2017\/11\/psychonoel2017-424x600.jpg\" alt=\"\" width=\"318\" height=\"450\" \/><\/a>Psycho No\u00ebl est de retour!!<br \/>\nEt comme la derni\u00e8re \u00e9dition f\u00fbt un succ\u00e8s, on refait la m\u00eame! Ou presque! \ud83d\ude09<\/span><\/p>\n<p style=\"text-align: right\">C&rsquo;est avec grande joie que nous vous invitons tous \u00e0 venir participer au PsychoNo\u00ebl de votre ch\u00e8re et tendre association EPSYL!<\/p>\n<p style=\"text-align: right\">Il aura lieu aux Gosses du Quebec le jeudi 7 d\u00e9cembre \u00e0 partir de 20 heures. (Pour les grincheux qui auraient voulu que cela se passe \u00e0 Zelig, \u00e7a sera pour le semestre prochain, un \u00e9v\u00e9nement en lien avec un lapin et des oeufs!)<\/p>\n<p style=\"text-align: left\"><!--more--><br \/>\n<span class=\"_4n-j _3cht fsl\">&#8211; VENTE DE VIN CHAUD de 21h30 \u00e0 23h00!!<\/span><\/p>\n<p>&#8211; BEERPONG \u00e0 partie de 21h!!<\/p>\n<p>-DISTRIBUTION de CADEAUX (heure \u00e0 venir)<\/p>\n<p>-HAPPY HOUR<\/p>\n<p>On se r\u00e9jouit d\u00e9j\u00e0 fortement de vous y voir!<br \/>\nRestez connect\u00e9 pour les infos concernant les inscriptions au beer-pong et aux cadeaux!<\/p>\n<p>Des bisous &#8211; Le GT Ev\u00e9nement d&rsquo;EPSYL \ud83d\ude42<\/p>\n<p>Entr\u00e9e gratuite<\/p>\n","protected":false},"excerpt":{"rendered":"<p>Psycho No\u00ebl est de retour!! Et comme la derni\u00e8re \u00e9dition f\u00fbt un succ\u00e8s, on refait la m\u00eame! Ou presque! \ud83d\ude09 C&rsquo;est avec grande joie que nous vous invitons tous \u00e0 venir participer au PsychoNo\u00ebl de votre ch\u00e8re et tendre association EPSYL! Il aura lieu aux Gosses du Quebec le jeudi 7 d\u00e9cembre \u00e0 partir de [&hellip;]<\/p>\n","protected":false},"author":1280,"featured_media":0,"comment_status":"closed","ping_status":"closed","sticky":false,"template":"","format":"standard","meta":{"_seopress_robots_primary_cat":"","_seopress_titles_title":"","_seopress_titles_desc":"","_seopress_robots_index":"","_uag_custom_page_level_css":"","footnotes":""},"categories":[18436,18441,18435],"tags":[],"class_list":{"0":"post-4312","1":"post","2":"type-post","3":"status-publish","4":"format-standard","6":"category-actions","7":"category-epsyl","8":"category-evenements"},"uagb_featured_image_src":{"full":false,"thumbnail":false,"medium":false,"medium_large":false,"large":false,"1536x1536":false,"2048x2048":false,"mailpoet_newsletter_max":false},"uagb_author_info":{"display_name":"","author_link":"https:\/\/wp.unil.ch\/aessp\/author\/"},"uagb_comment_info":0,"uagb_excerpt":"Psycho No\u00ebl est de retour!! Et comme la derni\u00e8re \u00e9dition f\u00fbt un succ\u00e8s, on refait la m\u00eame! Ou presque! \ud83d\ude09 C&rsquo;est avec grande joie que nous vous invitons tous \u00e0 venir participer au PsychoNo\u00ebl de votre ch\u00e8re et tendre association EPSYL! Il aura lieu aux Gosses du Quebec le jeudi 7 d\u00e9cembre \u00e0 partir de&hellip;","_links":{"self":[{"href":"https:\/\/wp.unil.ch\/aessp\/wp-json\/wp\/v2\/posts\/4312","targetHints":{"allow":["GET"]}}],"collection":[{"href":"https:\/\/wp.unil.ch\/aessp\/wp-json\/wp\/v2\/posts"}],"about":[{"href":"https:\/\/wp.unil.ch\/aessp\/wp-json\/wp\/v2\/types\/post"}],"author":[{"embeddable":true,"href":"https:\/\/wp.unil.ch\/aessp\/wp-json\/wp\/v2\/users\/1280"}],"replies":[{"embeddable":true,"href":"https:\/\/wp.unil.ch\/aessp\/wp-json\/wp\/v2\/comments?post=4312"}],"version-history":[{"count":0,"href":"https:\/\/wp.unil.ch\/aessp\/wp-json\/wp\/v2\/posts\/4312\/revisions"}],"wp:attachment":[{"href":"https:\/\/wp.unil.ch\/aessp\/wp-json\/wp\/v2\/media?parent=4312"}],"wp:term":[{"taxonomy":"category","embeddable":true,"href":"https:\/\/wp.unil.ch\/aessp\/wp-json\/wp\/v2\/categories?post=4312"},{"taxonomy":"post_tag","embeddable":true,"href":"https:\/\/wp.unil.ch\/aessp\/wp-json\/wp\/v2\/tags?post=4312"}],"curies":[{"name":"wp","href":"https:\/\/api.w.org\/{rel}","templated":true}]}}