{"id":4003,"date":"2017-04-09T22:55:53","date_gmt":"2017-04-09T20:55:53","guid":{"rendered":"http:\/\/wp.unil.ch\/aessp\/?p=4003"},"modified":"2017-10-18T11:33:43","modified_gmt":"2017-10-18T09:33:43","slug":"special-presidentielle-2017-presentation-des-candidat-e-s-par-notre-gt-journalisme","status":"publish","type":"post","link":"https:\/\/wp.unil.ch\/aessp\/2017\/04\/special-presidentielle-2017-presentation-des-candidat-e-s-par-notre-gt-journalisme\/","title":{"rendered":"Sp\u00e9cial pr\u00e9sidentielle 2017: pr\u00e9sentation des candidat-e-s par notre GT Journalisme"},"content":{"rendered":"<p>Pour suivre les pr\u00e9sidentielles fran\u00e7aises, le GT Journalisme vous propose un tour d&rsquo;horizon des candidat-e-s. Nous commen\u00e7ons avec la gauche.<\/p>\n<p><a href=\"https:\/\/wp.unil.ch\/aessp\/files\/2017\/04\/Gauche.pdf\">Pr\u00e9sentation ici<\/a><\/p>\n","protected":false},"excerpt":{"rendered":"<p>Pour suivre les pr\u00e9sidentielles fran\u00e7aises, le GT Journalisme vous propose un tour d&rsquo;horizon des candidat-e-s. Nous commen\u00e7ons avec la gauche. Pr\u00e9sentation ici<\/p>\n","protected":false},"author":1001420,"featured_media":0,"comment_status":"closed","ping_status":"closed","sticky":false,"template":"","format":"standard","meta":{"_seopress_robots_primary_cat":"","_seopress_titles_title":"","_seopress_titles_desc":"","_seopress_robots_index":"","_uag_custom_page_level_css":"","footnotes":""},"categories":[18437,18501,18442],"tags":[],"class_list":{"0":"post-4003","1":"post","2":"type-post","3":"status-publish","4":"format-standard","6":"category-actualites","7":"category-journalisme","8":"category-politique"},"uagb_featured_image_src":{"full":false,"thumbnail":false,"medium":false,"medium_large":false,"large":false,"1536x1536":false,"2048x2048":false,"mailpoet_newsletter_max":false},"uagb_author_info":{"display_name":"","author_link":"https:\/\/wp.unil.ch\/aessp\/author\/"},"uagb_comment_info":0,"uagb_excerpt":"Pour suivre les pr\u00e9sidentielles fran\u00e7aises, le GT Journalisme vous propose un tour d&rsquo;horizon des candidat-e-s. Nous commen\u00e7ons avec la gauche. Pr\u00e9sentation ici","_links":{"self":[{"href":"https:\/\/wp.unil.ch\/aessp\/wp-json\/wp\/v2\/posts\/4003","targetHints":{"allow":["GET"]}}],"collection":[{"href":"https:\/\/wp.unil.ch\/aessp\/wp-json\/wp\/v2\/posts"}],"about":[{"href":"https:\/\/wp.unil.ch\/aessp\/wp-json\/wp\/v2\/types\/post"}],"author":[{"embeddable":true,"href":"https:\/\/wp.unil.ch\/aessp\/wp-json\/wp\/v2\/users\/1001420"}],"replies":[{"embeddable":true,"href":"https:\/\/wp.unil.ch\/aessp\/wp-json\/wp\/v2\/comments?post=4003"}],"version-history":[{"count":0,"href":"https:\/\/wp.unil.ch\/aessp\/wp-json\/wp\/v2\/posts\/4003\/revisions"}],"wp:attachment":[{"href":"https:\/\/wp.unil.ch\/aessp\/wp-json\/wp\/v2\/media?parent=4003"}],"wp:term":[{"taxonomy":"category","embeddable":true,"href":"https:\/\/wp.unil.ch\/aessp\/wp-json\/wp\/v2\/categories?post=4003"},{"taxonomy":"post_tag","embeddable":true,"href":"https:\/\/wp.unil.ch\/aessp\/wp-json\/wp\/v2\/tags?post=4003"}],"curies":[{"name":"wp","href":"https:\/\/api.w.org\/{rel}","templated":true}]}}