{"id":3619,"date":"2016-05-17T22:57:20","date_gmt":"2016-05-17T20:57:20","guid":{"rendered":"http:\/\/wp.unil.ch\/aessp\/?p=3619"},"modified":"2017-10-18T11:28:52","modified_gmt":"2017-10-18T09:28:52","slug":"seminaire-le-revenu-de-base-inconditionnel-les-experiences-des-pays-bas-et-de-la-finlande","status":"publish","type":"post","link":"https:\/\/wp.unil.ch\/aessp\/2016\/05\/seminaire-le-revenu-de-base-inconditionnel-les-experiences-des-pays-bas-et-de-la-finlande\/","title":{"rendered":"S\u00e9minaire :\u00a0Le revenu de base inconditionnel &#8211; les exp\u00e9riences des Pays-Bas et de la Finlande"},"content":{"rendered":"<p>Chers \u00e9tudiants, l&rsquo;IDHEAP vous invite le 24 mai \u00e0 une conf\u00e9rence du\u00a0Prof. Giuliano Bonoli, sur\u00a0<a href=\"https:\/\/www.unil.ch\/getactu\/wwwidheap\/1461919206260\/\">le th\u00e8me du revenu de base inconditionnel<\/a>. Il invite deux professeurs impliqu\u00e9s dans l&rsquo;\u00e9valuation de projets pilotes men\u00e9s en Europe \u00e0 venir discuter de leurs r\u00e9sultats.<\/p>\n<p>La participation est gratuite, le s\u00e9minaire, qui sera donn\u00e9 en anglais, est ouvert \u00e0 tous au moyen d&rsquo;une simple inscription en ligne.<\/p>\n<p>&nbsp;<\/p>\n<blockquote><p>Depuis quelques ann\u00e9es, on constate un regain d&rsquo;int\u00e9r\u00eat pour l&rsquo;id\u00e9e d&rsquo;un revenu de base inconditionnel garantissant un niveau de vie minimal pour chaque citoyen qu&rsquo;il soit ou non actif sur le march\u00e9 du travail. La Suisse va se prononcer le 5 juin prochain sur l&rsquo;introduction d&rsquo;une telle mesure. Ce s\u00e9minaire, organis\u00e9\u00a0<strong>le mardi 24 mai 2016, d\u00e8s 17h dans l&rsquo;aula de l&rsquo;IDHEAP<\/strong>\u00a0est l&rsquo;occasion de discuter ce th\u00e8me au coeur de l&rsquo;actualit\u00e9 sur la base d&rsquo;exp\u00e9riences d&rsquo;envergure men\u00e9es en Europe avec deux chercheurs responsables de leur \u00e9valuation. Le Professeur Loek Groot pr\u00e9sentera l&rsquo;\u00e9valuation du programme test\u00e9 \u00e0 Utrecht aux Pays-Bas et le Professeur Olli Kangas parlera de l&rsquo;exp\u00e9rience finlandaise men\u00e9e \u00e0 l&rsquo;\u00e9chelle nationale.<!--more--><\/p>\n<p>&nbsp;<\/p>\n<table width=\"100%\">\n<tbody>\n<tr>\n<td width=\"5%\"><a href=\"https:\/\/wp.unil.ch\/aessp\/files\/2016\/05\/LoekGroot.jpg\"><img loading=\"lazy\" decoding=\"async\" class=\"size-thumbnail wp-image-3620 aligncenter\" src=\"https:\/\/wp.unil.ch\/aessp\/files\/2016\/05\/LoekGroot-150x124.jpg\" alt=\"LoekGroot\" width=\"150\" height=\"124\" srcset=\"https:\/\/wp.unil.ch\/aessp\/files\/2016\/05\/LoekGroot-150x124.jpg 150w, https:\/\/wp.unil.ch\/aessp\/files\/2016\/05\/LoekGroot-266x220.jpg 266w, https:\/\/wp.unil.ch\/aessp\/files\/2016\/05\/LoekGroot.jpg 361w\" sizes=\"auto, (max-width: 150px) 100vw, 150px\" \/><\/a><\/td>\n<td width=\"95%\">Loek Groot, \u00e9conomiste et philosophe, travaille comme Professeur associ\u00e9 en Economics of the public sector \u00e0 l&rsquo;Utrecht University School of Economics (U.S.E.). Ses recherches portent principalement sur l&rsquo;\u00e9conomie de l&rsquo;Etat social et ses interactions avec le march\u00e9 du travail avec une attention particuli\u00e8re sur les questions de revenu de base ou d&rsquo;imp\u00f4t n\u00e9gatif sur le revenu.<\/td>\n<\/tr>\n<\/tbody>\n<\/table>\n<table width=\"100%\">\n<tbody>\n<tr>\n<td width=\"5%\">\u00a0<a href=\"https:\/\/wp.unil.ch\/aessp\/files\/2016\/05\/OlliKangas.jpg\"><img loading=\"lazy\" decoding=\"async\" class=\"size-thumbnail wp-image-3621 aligncenter\" src=\"https:\/\/wp.unil.ch\/aessp\/files\/2016\/05\/OlliKangas-148x150.jpg\" alt=\"OlliKangas\" width=\"148\" height=\"150\" srcset=\"https:\/\/wp.unil.ch\/aessp\/files\/2016\/05\/OlliKangas-148x150.jpg 148w, https:\/\/wp.unil.ch\/aessp\/files\/2016\/05\/OlliKangas-90x90.jpg 90w, https:\/\/wp.unil.ch\/aessp\/files\/2016\/05\/OlliKangas-217x220.jpg 217w, https:\/\/wp.unil.ch\/aessp\/files\/2016\/05\/OlliKangas.jpg 239w\" sizes=\"auto, (max-width: 148px) 100vw, 148px\" \/><\/a><\/td>\n<td width=\"95%\">Olli Kangas a obtenu son Doctorat en sociologie \u00e0 l&rsquo;Universit\u00e9 d&rsquo;Helsinki en 1991. Il a ensuite \u00e9t\u00e9 professeur et directeur au Department of Social Policy de l&rsquo;Universit\u00e9 de Turku. Entre 2004 et 2007, il a travaill\u00e9 en tant que Professeur au Danish Institute for Social Research de Copenhague. Depuis 2008, il est professeur et directeur au d\u00e9partement Recherche du Kela, Social Insurance Institution of Finland. Ses recherches portent sur la politique compar\u00e9e de l&rsquo;\u00e9conomie de l&rsquo;Etat social.<\/td>\n<\/tr>\n<\/tbody>\n<\/table>\n<p><strong>Les documents:<br \/>\n<\/strong><a href=\"https:\/\/www.unil.ch\/idheap\/files\/live\/sites\/idheap\/files\/formations\/seminaires\/Revenu_inconditionnel\/3_Invitation_Seminaire_RBI.pdf\">Programme<\/a><\/p>\n<p><strong>Les\u00a0liens:<br \/>\n<\/strong><a href=\"https:\/\/www.unil.ch\/idheap\/seminar\">Inscription<\/a><br \/>\n<a href=\"https:\/\/www.rts.ch\/play\/tv\/19h30\/video\/linitiative-pour-un-revenu-de-base-inconditionnel-suscite-le-debat?id=7690862\">Revenu de base inconditionnel sujet d&rsquo;actualit\u00e9, 19.30 RTS, 01.05.2016<\/a><\/p><\/blockquote>\n<p>&nbsp;<\/p>\n","protected":false},"excerpt":{"rendered":"<p>Chers \u00e9tudiants, l&rsquo;IDHEAP vous invite le 24 mai \u00e0 une conf\u00e9rence du\u00a0Prof. Giuliano Bonoli, sur\u00a0le th\u00e8me du revenu de base inconditionnel. Il invite deux professeurs impliqu\u00e9s dans l&rsquo;\u00e9valuation de projets pilotes men\u00e9s en Europe \u00e0 venir discuter de leurs r\u00e9sultats. La participation est gratuite, le s\u00e9minaire, qui sera donn\u00e9 en anglais, est ouvert \u00e0 tous [&hellip;]<\/p>\n","protected":false},"author":1280,"featured_media":0,"comment_status":"closed","ping_status":"closed","sticky":false,"template":"","format":"standard","meta":{"_seopress_robots_primary_cat":"","_seopress_titles_title":"","_seopress_titles_desc":"","_seopress_robots_index":"","_uag_custom_page_level_css":"","footnotes":""},"categories":[18436,18492,18442],"tags":[18454,18467,18473,18470,18500,18455],"class_list":{"0":"post-3619","1":"post","2":"type-post","3":"status-publish","4":"format-standard","6":"category-actions","7":"category-conference","8":"category-politique","9":"tag-academique","10":"tag-assemblee","11":"tag-conference","12":"tag-etudiant","13":"tag-idheap","14":"tag-presentation"},"uagb_featured_image_src":{"full":false,"thumbnail":false,"medium":false,"medium_large":false,"large":false,"1536x1536":false,"2048x2048":false,"mailpoet_newsletter_max":false},"uagb_author_info":{"display_name":"","author_link":"https:\/\/wp.unil.ch\/aessp\/author\/"},"uagb_comment_info":0,"uagb_excerpt":"Chers \u00e9tudiants, l&rsquo;IDHEAP vous invite le 24 mai \u00e0 une conf\u00e9rence du\u00a0Prof. Giuliano Bonoli, sur\u00a0le th\u00e8me du revenu de base inconditionnel. Il invite deux professeurs impliqu\u00e9s dans l&rsquo;\u00e9valuation de projets pilotes men\u00e9s en Europe \u00e0 venir discuter de leurs r\u00e9sultats. La participation est gratuite, le s\u00e9minaire, qui sera donn\u00e9 en anglais, est ouvert \u00e0 tous&hellip;","_links":{"self":[{"href":"https:\/\/wp.unil.ch\/aessp\/wp-json\/wp\/v2\/posts\/3619","targetHints":{"allow":["GET"]}}],"collection":[{"href":"https:\/\/wp.unil.ch\/aessp\/wp-json\/wp\/v2\/posts"}],"about":[{"href":"https:\/\/wp.unil.ch\/aessp\/wp-json\/wp\/v2\/types\/post"}],"author":[{"embeddable":true,"href":"https:\/\/wp.unil.ch\/aessp\/wp-json\/wp\/v2\/users\/1280"}],"replies":[{"embeddable":true,"href":"https:\/\/wp.unil.ch\/aessp\/wp-json\/wp\/v2\/comments?post=3619"}],"version-history":[{"count":0,"href":"https:\/\/wp.unil.ch\/aessp\/wp-json\/wp\/v2\/posts\/3619\/revisions"}],"wp:attachment":[{"href":"https:\/\/wp.unil.ch\/aessp\/wp-json\/wp\/v2\/media?parent=3619"}],"wp:term":[{"taxonomy":"category","embeddable":true,"href":"https:\/\/wp.unil.ch\/aessp\/wp-json\/wp\/v2\/categories?post=3619"},{"taxonomy":"post_tag","embeddable":true,"href":"https:\/\/wp.unil.ch\/aessp\/wp-json\/wp\/v2\/tags?post=3619"}],"curies":[{"name":"wp","href":"https:\/\/api.w.org\/{rel}","templated":true}]}}