{"id":3071,"date":"2014-10-09T22:33:07","date_gmt":"2014-10-09T20:33:07","guid":{"rendered":"http:\/\/wp.unil.ch\/aessp\/?p=3071"},"modified":"2017-10-18T11:20:15","modified_gmt":"2017-10-18T09:20:15","slug":"cinepsyl-projette-la-maison-du-docteur-edwardes","status":"publish","type":"post","link":"https:\/\/wp.unil.ch\/aessp\/2014\/10\/cinepsyl-projette-la-maison-du-docteur-edwardes\/","title":{"rendered":"CinepsyL projette : La maison du docteur Edwardes"},"content":{"rendered":"<p><a href=\"https:\/\/wp.unil.ch\/aessp\/files\/2014\/10\/10703979_863786183646646_5642238736706114062_n.jpg\"><img loading=\"lazy\" decoding=\"async\" class=\"alignright size-thumbnail wp-image-3072\" src=\"https:\/\/wp.unil.ch\/aessp\/files\/2014\/10\/10703979_863786183646646_5642238736706114062_n-106x150.jpg\" alt=\"10703979_863786183646646_5642238736706114062_n\" width=\"106\" height=\"150\" srcset=\"https:\/\/wp.unil.ch\/aessp\/files\/2014\/10\/10703979_863786183646646_5642238736706114062_n-106x150.jpg 106w, https:\/\/wp.unil.ch\/aessp\/files\/2014\/10\/10703979_863786183646646_5642238736706114062_n-426x600.jpg 426w, https:\/\/wp.unil.ch\/aessp\/files\/2014\/10\/10703979_863786183646646_5642238736706114062_n-213x300.jpg 213w, https:\/\/wp.unil.ch\/aessp\/files\/2014\/10\/10703979_863786183646646_5642238736706114062_n.jpg 682w\" sizes=\"auto, (max-width: 106px) 100vw, 106px\" \/><\/a>En ce d\u00e9but d&rsquo;ann\u00e9e, EpsyL vous propose une premi\u00e8re s\u00e9ance haute en noir et blanc !<br \/>\nEn effet, \u00ab\u00a0La Maison du Docteur Edwardes\u00a0\u00bb, d&rsquo;Alfred Hitchcock, sera diffus\u00e9 jeudi 16 octobre, \u00e0 17h30, \u00e0 l&rsquo;Anthropole 2106.<\/p>\n<p>R\u00eaves et hallucinations r\u00e9alis\u00e9s par S.Dali, ce film risque de vous happer au plus profond des secrets de la psychanalyse.<br \/>\nHeureusement, le Professeur Roman sera l\u00e0 pour vous remonter \u00e0 la surface et \u00e9claircir vos points sombres.<br \/>\nFinalement, un ap\u00e9ro vous attendra \u00e0 la sortie de la salle afin de vous r\u00e9chauffer les c\u0153urs.<\/p>\n<p><!--more--><br \/>\nOn vous attends donc nombreux pour ce voyage psychanalytique le 16 octobre \u00e0 17h30, salle Anthropole 2106 !?<\/p>\n","protected":false},"excerpt":{"rendered":"<p>En ce d\u00e9but d&rsquo;ann\u00e9e, EpsyL vous propose une premi\u00e8re s\u00e9ance haute en noir et blanc ! En effet, \u00ab\u00a0La Maison du Docteur Edwardes\u00a0\u00bb, d&rsquo;Alfred Hitchcock, sera diffus\u00e9 jeudi 16 octobre, \u00e0 17h30, \u00e0 l&rsquo;Anthropole 2106. R\u00eaves et hallucinations r\u00e9alis\u00e9s par S.Dali, ce film risque de vous happer au plus profond des secrets de la psychanalyse. [&hellip;]<\/p>\n","protected":false},"author":1280,"featured_media":0,"comment_status":"closed","ping_status":"closed","sticky":false,"template":"","format":"standard","meta":{"_seopress_robots_primary_cat":"","_seopress_titles_title":"","_seopress_titles_desc":"","_seopress_robots_index":"","_uag_custom_page_level_css":"","footnotes":""},"categories":[18436,18437,18494,18441],"tags":[],"class_list":{"0":"post-3071","1":"post","2":"type-post","3":"status-publish","4":"format-standard","6":"category-actions","7":"category-actualites","8":"category-cinepsyl","9":"category-epsyl"},"uagb_featured_image_src":{"full":false,"thumbnail":false,"medium":false,"medium_large":false,"large":false,"1536x1536":false,"2048x2048":false,"mailpoet_newsletter_max":false},"uagb_author_info":{"display_name":"","author_link":"https:\/\/wp.unil.ch\/aessp\/author\/"},"uagb_comment_info":0,"uagb_excerpt":"En ce d\u00e9but d&rsquo;ann\u00e9e, EpsyL vous propose une premi\u00e8re s\u00e9ance haute en noir et blanc ! En effet, \u00ab\u00a0La Maison du Docteur Edwardes\u00a0\u00bb, d&rsquo;Alfred Hitchcock, sera diffus\u00e9 jeudi 16 octobre, \u00e0 17h30, \u00e0 l&rsquo;Anthropole 2106. R\u00eaves et hallucinations r\u00e9alis\u00e9s par S.Dali, ce film risque de vous happer au plus profond des secrets de la psychanalyse.&hellip;","_links":{"self":[{"href":"https:\/\/wp.unil.ch\/aessp\/wp-json\/wp\/v2\/posts\/3071","targetHints":{"allow":["GET"]}}],"collection":[{"href":"https:\/\/wp.unil.ch\/aessp\/wp-json\/wp\/v2\/posts"}],"about":[{"href":"https:\/\/wp.unil.ch\/aessp\/wp-json\/wp\/v2\/types\/post"}],"author":[{"embeddable":true,"href":"https:\/\/wp.unil.ch\/aessp\/wp-json\/wp\/v2\/users\/1280"}],"replies":[{"embeddable":true,"href":"https:\/\/wp.unil.ch\/aessp\/wp-json\/wp\/v2\/comments?post=3071"}],"version-history":[{"count":0,"href":"https:\/\/wp.unil.ch\/aessp\/wp-json\/wp\/v2\/posts\/3071\/revisions"}],"wp:attachment":[{"href":"https:\/\/wp.unil.ch\/aessp\/wp-json\/wp\/v2\/media?parent=3071"}],"wp:term":[{"taxonomy":"category","embeddable":true,"href":"https:\/\/wp.unil.ch\/aessp\/wp-json\/wp\/v2\/categories?post=3071"},{"taxonomy":"post_tag","embeddable":true,"href":"https:\/\/wp.unil.ch\/aessp\/wp-json\/wp\/v2\/tags?post=3071"}],"curies":[{"name":"wp","href":"https:\/\/api.w.org\/{rel}","templated":true}]}}