{"id":2903,"date":"2014-03-11T08:12:24","date_gmt":"2014-03-11T07:12:24","guid":{"rendered":"http:\/\/wp.unil.ch\/aessp\/?p=2903"},"modified":"2017-10-18T11:28:15","modified_gmt":"2017-10-18T09:28:15","slug":"conference","status":"publish","type":"post","link":"https:\/\/wp.unil.ch\/aessp\/2014\/03\/conference\/","title":{"rendered":"Conf\u00e9rence"},"content":{"rendered":"<p><a href=\"https:\/\/wp.unil.ch\/aessp\/files\/2014\/03\/Conf\u00e9rence-Hypnose-P2014.jpg\"><img loading=\"lazy\" decoding=\"async\" class=\"alignright size-thumbnail wp-image-2904\" alt=\"Conf\u00e9rence Hypnose P2014\" src=\"https:\/\/wp.unil.ch\/aessp\/files\/2014\/03\/Conf\u00e9rence-Hypnose-P2014-105x150.jpg\" width=\"105\" height=\"150\" srcset=\"https:\/\/wp.unil.ch\/aessp\/files\/2014\/03\/Conf\u00e9rence-Hypnose-P2014-105x150.jpg 105w, https:\/\/wp.unil.ch\/aessp\/files\/2014\/03\/Conf\u00e9rence-Hypnose-P2014-423x600.jpg 423w, https:\/\/wp.unil.ch\/aessp\/files\/2014\/03\/Conf\u00e9rence-Hypnose-P2014-723x1024.jpg 723w, https:\/\/wp.unil.ch\/aessp\/files\/2014\/03\/Conf\u00e9rence-Hypnose-P2014-211x300.jpg 211w, https:\/\/wp.unil.ch\/aessp\/files\/2014\/03\/Conf\u00e9rence-Hypnose-P2014.jpg 763w\" sizes=\"auto, (max-width: 105px) 100vw, 105px\" \/><\/a>Dans le cadre du cycle de conf\u00e9rences sur les m\u00e9tiers de la Psychologie, EPSYL vous accueille pour une conf\u00e9rence ayant pour th\u00e9matique l&rsquo;Hypnose, le jeudi 20 mars, de 17h15 \u00e0 19h, \u00e0 la salle 1620 du b\u00e2timent G\u00e9opolis.<\/p>\n<p>En commen\u00e7ant par un bref historique de l&rsquo;hypnose, <!--more-->nous continuerons avec les diff\u00e9rentes applications, indications et contre-indications, puis sur l&rsquo;auto-hypnose, avant de terminer sur les modalit\u00e9s de formation en Suisse.<br \/>\nA la fin de la conf\u00e9rence, un ap\u00e9ritif sera pr\u00eat \u00e0 vous accueillir pour poser d&rsquo;autres questions dans un cadre plus informel, ou pour simplement discuter entre \u00e9tudiants et intervenants.<\/p>\n<p>Intervenants :<br \/>\nDr.Olivier Spinnler, psychoth\u00e9rapeute priv\u00e9 et membre de l&rsquo;IRHys (Institut Romand d&rsquo;Hypnose Suisse)<\/p>\n<div>Mme Alexandra Mella, Psychologue FSP, directrice de l&rsquo;IRHyS et coordinatrice des activit\u00e9s.<\/div>\n","protected":false},"excerpt":{"rendered":"<p>Dans le cadre du cycle de conf\u00e9rences sur les m\u00e9tiers de la Psychologie, EPSYL vous accueille pour une conf\u00e9rence ayant pour th\u00e9matique l&rsquo;Hypnose, le jeudi 20 mars, de 17h15 \u00e0 19h, \u00e0 la salle 1620 du b\u00e2timent G\u00e9opolis. En commen\u00e7ant par un bref historique de l&rsquo;hypnose,<\/p>\n","protected":false},"author":1280,"featured_media":0,"comment_status":"closed","ping_status":"closed","sticky":false,"template":"","format":"standard","meta":{"_seopress_robots_primary_cat":"","_seopress_titles_title":"","_seopress_titles_desc":"","_seopress_robots_index":"","_uag_custom_page_level_css":"","footnotes":""},"categories":[18436,18492,18441],"tags":[18476,18473,18474,18475],"class_list":{"0":"post-2903","1":"post","2":"type-post","3":"status-publish","4":"format-standard","6":"category-actions","7":"category-conference","8":"category-epsyl","9":"tag-aperitif","10":"tag-conference","11":"tag-epsyl-2","12":"tag-hypnose"},"uagb_featured_image_src":{"full":false,"thumbnail":false,"medium":false,"medium_large":false,"large":false,"1536x1536":false,"2048x2048":false,"mailpoet_newsletter_max":false},"uagb_author_info":{"display_name":"","author_link":"https:\/\/wp.unil.ch\/aessp\/author\/"},"uagb_comment_info":0,"uagb_excerpt":"Dans le cadre du cycle de conf\u00e9rences sur les m\u00e9tiers de la Psychologie, EPSYL vous accueille pour une conf\u00e9rence ayant pour th\u00e9matique l&rsquo;Hypnose, le jeudi 20 mars, de 17h15 \u00e0 19h, \u00e0 la salle 1620 du b\u00e2timent G\u00e9opolis. En commen\u00e7ant par un bref historique de l&rsquo;hypnose,","_links":{"self":[{"href":"https:\/\/wp.unil.ch\/aessp\/wp-json\/wp\/v2\/posts\/2903","targetHints":{"allow":["GET"]}}],"collection":[{"href":"https:\/\/wp.unil.ch\/aessp\/wp-json\/wp\/v2\/posts"}],"about":[{"href":"https:\/\/wp.unil.ch\/aessp\/wp-json\/wp\/v2\/types\/post"}],"author":[{"embeddable":true,"href":"https:\/\/wp.unil.ch\/aessp\/wp-json\/wp\/v2\/users\/1280"}],"replies":[{"embeddable":true,"href":"https:\/\/wp.unil.ch\/aessp\/wp-json\/wp\/v2\/comments?post=2903"}],"version-history":[{"count":0,"href":"https:\/\/wp.unil.ch\/aessp\/wp-json\/wp\/v2\/posts\/2903\/revisions"}],"wp:attachment":[{"href":"https:\/\/wp.unil.ch\/aessp\/wp-json\/wp\/v2\/media?parent=2903"}],"wp:term":[{"taxonomy":"category","embeddable":true,"href":"https:\/\/wp.unil.ch\/aessp\/wp-json\/wp\/v2\/categories?post=2903"},{"taxonomy":"post_tag","embeddable":true,"href":"https:\/\/wp.unil.ch\/aessp\/wp-json\/wp\/v2\/tags?post=2903"}],"curies":[{"name":"wp","href":"https:\/\/api.w.org\/{rel}","templated":true}]}}