{"id":1506,"date":"2022-12-12T19:58:01","date_gmt":"2022-12-12T18:58:01","guid":{"rendered":"https:\/\/wp.unil.ch\/aelac\/?p=1506"},"modified":"2024-09-03T15:19:08","modified_gmt":"2024-09-03T13:19:08","slug":"rencontre-de-bex-du-groupe-romande-de-laelac-vendredi-13-samedi-14-janvier-2023","status":"publish","type":"post","link":"https:\/\/wp.unil.ch\/aelac\/rencontre-de-bex-du-groupe-romande-de-laelac-vendredi-13-samedi-14-janvier-2023\/","title":{"rendered":"Rencontre de Bex du groupe romand de l\u2019AELAC, vendredi 13 \u2013 samedi 14 janvier 2023"},"content":{"rendered":"\n<p>R\u00e9union le vendredi 13 et le samedi 14 janvier 2023.<\/p>\n\n\n\n<p>La r\u00e9union se tiendra en pr\u00e9sentiel, avec la possibilit\u00e9 de s&rsquo;y joindre par Zoom. Pour assister aux interventions par Zoom, pri\u00e8re de s&rsquo;inscrire \u00e0 l&rsquo;adresse suivante: <em>Sergey.Kim[at]unil.ch<\/em> <\/p>\n\n\n\n<p class=\"has-text-align-left has-large-font-size\">Programme<\/p>\n\n\n\n\n<table id=\"tablepress-21\" class=\"tablepress tablepress-id-21\">\n<thead>\n<tr class=\"row-1\">\n\t<th class=\"column-1\"><em>Date et heure (GMT+1)<\/em><\/th><th class=\"column-2\"><em>Intervenants<\/em><\/th><th class=\"column-3\"><em>Sujets<\/em><\/th>\n<\/tr>\n<\/thead>\n<tbody class=\"row-striping row-hover\">\n<tr class=\"row-2\">\n\t<td class=\"column-1\"><em>Vendredi 13 janvier<\/em><\/td><td class=\"column-2\"><\/td><td class=\"column-3\"><\/td>\n<\/tr>\n<tr class=\"row-3\">\n\t<td class=\"column-1\">9h15-10h30<\/td><td class=\"column-2\">Enrico NORELLI (Gen\u00e8ve)<br \/>\n<\/td><td class=\"column-3\">Matthieu 27,24 et <i>Evangile de Pierre<\/i> v. 1 comme lectures r\u00e9ciproquement ind\u00e9pendantes de Deut\u00e9ronome 21,1-9<\/td>\n<\/tr>\n<tr class=\"row-4\">\n\t<td class=\"column-1\">10h45-12h00\t<\/td><td class=\"column-2\">Sergey KIM (Lausanne)<\/td><td class=\"column-3\">Nouvel examen du quatri\u00e8me t\u00e9moin du <i>Livre de Joseph d\u2019Arimath\u00e9e sur la construction de l\u2019\u00e9glise de Lydda<\/i> (CANT 77), Ivir. georg. 7<\/td>\n<\/tr>\n<tr class=\"row-5\">\n\t<td class=\"column-1\">14h00-15h15<\/td><td class=\"column-2\">Alessio ROCCA (Strasbourg)<\/td><td class=\"column-3\">Joseph d'Arimath\u00e9e dans les apocryphes anciens : un regard d'ensemble<\/td>\n<\/tr>\n<tr class=\"row-6\">\n\t<td class=\"column-1\">15h30-16h45<\/td><td class=\"column-2\">Benjamin DE VOS (Ghent)<\/td><td class=\"column-3\">Living philosophy in the Pseudo-Clementine Narrative <\/td>\n<\/tr>\n<tr class=\"row-7\">\n\t<td class=\"column-1\">17h30-18h45<\/td><td class=\"column-2\">Sara SCARPELLINI (Gen\u00e8ve)<\/td><td class=\"column-3\">La traduction arm\u00e9nienne des <i>Actes de Pierre et Paul<\/i> du Pseudo-Marcellus : pr\u00e9sentation de la nouvelle \u00e9dition critique<\/td>\n<\/tr>\n<tr class=\"row-8\">\n\t<td class=\"column-1\"><em>Samedi 14 janvier<\/em><\/td><td class=\"column-2\"><\/td><td class=\"column-3\"><\/td>\n<\/tr>\n<tr class=\"row-9\">\n\t<td class=\"column-1\">8h45-10h00<\/td><td class=\"column-2\">Priscille MARSCHALL (Lausanne)<\/td><td class=\"column-3\">La vision de la crucifixion dans l'<i>Apocalypse de Pierre<\/i> (Nag Hammadi VII,3)<\/td>\n<\/tr>\n<tr class=\"row-10\">\n\t<td class=\"column-1\">10h45-12h00<\/td><td class=\"column-2\">Stefanos PETALAS (Lausanne)<\/td><td class=\"column-3\">Pal\u00e9ographie et codicologie dans les manuscrits byzantins. L'exemple de la tradition manuscrite de la <i>Chronique Universelle<\/i> de Georges K\u00e9dr\u00e8nos<\/td>\n<\/tr>\n<\/tbody>\n<\/table>\n<!-- #tablepress-21 from cache -->\n","protected":false},"excerpt":{"rendered":"<p>R\u00e9union le vendredi 13 et le samedi 14 janvier 2023. La r\u00e9union se tiendra en pr\u00e9sentiel, avec la possibilit\u00e9 de s&rsquo;y joindre par Zoom. Pour assister aux interventions par Zoom, &hellip; <\/p>\n","protected":false},"author":1002334,"featured_media":0,"comment_status":"closed","ping_status":"closed","sticky":false,"template":"","format":"standard","meta":{"_seopress_robots_primary_cat":"","_seopress_titles_title":"","_seopress_titles_desc":"","_seopress_robots_index":"","footnotes":""},"categories":[10],"tags":[],"class_list":{"0":"post-1506","1":"post","2":"type-post","3":"status-publish","4":"format-standard","6":"category-rencontres-du-groupe-suisse-romand"},"_links":{"self":[{"href":"https:\/\/wp.unil.ch\/aelac\/wp-json\/wp\/v2\/posts\/1506","targetHints":{"allow":["GET"]}}],"collection":[{"href":"https:\/\/wp.unil.ch\/aelac\/wp-json\/wp\/v2\/posts"}],"about":[{"href":"https:\/\/wp.unil.ch\/aelac\/wp-json\/wp\/v2\/types\/post"}],"author":[{"embeddable":true,"href":"https:\/\/wp.unil.ch\/aelac\/wp-json\/wp\/v2\/users\/1002334"}],"replies":[{"embeddable":true,"href":"https:\/\/wp.unil.ch\/aelac\/wp-json\/wp\/v2\/comments?post=1506"}],"version-history":[{"count":1,"href":"https:\/\/wp.unil.ch\/aelac\/wp-json\/wp\/v2\/posts\/1506\/revisions"}],"predecessor-version":[{"id":1617,"href":"https:\/\/wp.unil.ch\/aelac\/wp-json\/wp\/v2\/posts\/1506\/revisions\/1617"}],"wp:attachment":[{"href":"https:\/\/wp.unil.ch\/aelac\/wp-json\/wp\/v2\/media?parent=1506"}],"wp:term":[{"taxonomy":"category","embeddable":true,"href":"https:\/\/wp.unil.ch\/aelac\/wp-json\/wp\/v2\/categories?post=1506"},{"taxonomy":"post_tag","embeddable":true,"href":"https:\/\/wp.unil.ch\/aelac\/wp-json\/wp\/v2\/tags?post=1506"}],"curies":[{"name":"wp","href":"https:\/\/api.w.org\/{rel}","templated":true}]}}