{"id":26519,"date":"2019-11-21T19:36:27","date_gmt":"2019-11-21T18:36:27","guid":{"rendered":"http:\/\/wp.unil.ch\/adas\/?p=26519"},"modified":"2019-11-22T10:23:51","modified_gmt":"2019-11-22T09:23:51","slug":"adas-christmas-apero-4-decembre","status":"publish","type":"post","link":"https:\/\/wp.unil.ch\/adas\/2019\/11\/adas-christmas-apero-4-decembre\/?lang=fr","title":{"rendered":"ADAS Christmas Apero \u2013\u00a04 d\u00e9cembre!"},"content":{"rendered":"<p><strong><span style=\"color: #ff0000\">Ho ho ho<\/span>! L&#8217;ADAS vous invite \u00e0 un <span style=\"color: #339966\">Ap\u00e9ro de No\u00ebl<\/span> pour bien d\u00e9buter la p\u00e9riode des f\u00eates!<a href=\"https:\/\/wp.unil.ch\/adas\/files\/2019\/11\/Christmas-Apero-2019-1-scaled.png\"><img alt=\"\" loading=\"lazy\" decoding=\"async\" class=\"wp-image-26524 alignright\" src=\"https:\/\/wp.unil.ch\/adas\/files\/2019\/11\/Christmas-Apero-2019-1-724x1024.png\" alt=\"\" width=\"303\" height=\"429\" srcset=\"https:\/\/wp.unil.ch\/adas\/files\/2019\/11\/Christmas-Apero-2019-1-724x1024.png 724w, https:\/\/wp.unil.ch\/adas\/files\/2019\/11\/Christmas-Apero-2019-1-212x300.png 212w, https:\/\/wp.unil.ch\/adas\/files\/2019\/11\/Christmas-Apero-2019-1-768x1086.png 768w, https:\/\/wp.unil.ch\/adas\/files\/2019\/11\/Christmas-Apero-2019-1-1086x1536.png 1086w, https:\/\/wp.unil.ch\/adas\/files\/2019\/11\/Christmas-Apero-2019-1-1448x2048.png 1448w, https:\/\/wp.unil.ch\/adas\/files\/2019\/11\/Christmas-Apero-2019-1-156x220.png 156w, https:\/\/wp.unil.ch\/adas\/files\/2019\/11\/Christmas-Apero-2019-1-scaled.png 1811w\" sizes=\"auto, (max-width: 303px) 100vw, 303px\" \/><\/a><\/strong><\/p>\n<p><span style=\"color: #339966\"><strong>Quand?<\/strong><\/span> <strong>Mercredi 4 d\u00e9cembre d\u00e8s 18h<\/strong><br \/>\n<strong><span style=\"color: #ff0000\">O\u00f9?<\/span><\/strong> Au<strong> Bugnon 9, au DNF<\/strong><\/p>\n<p>Nous offrons le vin chaud! N&#8217;h\u00e9sitez pas \u00e0 apporter quelque chose \u00e0 manger pour partager avec autres doctorants et post-doctorants!<\/p>\n<p><span style=\"color: #339966\"><strong>Comment s&#8217;inscrire:<\/strong><\/span> envoyez un e-mail \u00e0 <strong><span style=\"color: #ff0000\">adas@unil.ch<\/span><\/strong> indiquant combien vous serez \ud83d\ude42<\/p>\n<p>A bient\u00f4t-<span style=\"color: #ff0000\"><strong>ho-ho<\/strong><\/span>!<\/p>\n<p>&nbsp;<\/p>\n<p>Le comit\u00e9 ADAS<\/p>\n<p>&nbsp;<\/p>\n","protected":false},"excerpt":{"rendered":"<p>Ho ho ho! L&#8217;ADAS vous invite \u00e0 un Ap\u00e9ro de No\u00ebl pour bien d\u00e9buter la p\u00e9riode des f\u00eates! Quand? Mercredi 4 d\u00e9cembre d\u00e8s 18h O\u00f9? Au Bugnon 9, au DNF &hellip; <\/p>\n","protected":false},"author":996,"featured_media":0,"comment_status":"closed","ping_status":"closed","sticky":false,"template":"","format":"standard","meta":{"_seopress_robots_primary_cat":"","_seopress_titles_title":"","_seopress_titles_desc":"","_seopress_robots_index":"","ngg_post_thumbnail":0,"footnotes":"","_links_to":"","_links_to_target":""},"categories":[1],"tags":[],"class_list":["post-26519","post","type-post","status-publish","format-standard","category-uncategorized"],"_links":{"self":[{"href":"https:\/\/wp.unil.ch\/adas\/wp-json\/wp\/v2\/posts\/26519","targetHints":{"allow":["GET"]}}],"collection":[{"href":"https:\/\/wp.unil.ch\/adas\/wp-json\/wp\/v2\/posts"}],"about":[{"href":"https:\/\/wp.unil.ch\/adas\/wp-json\/wp\/v2\/types\/post"}],"author":[{"embeddable":true,"href":"https:\/\/wp.unil.ch\/adas\/wp-json\/wp\/v2\/users\/996"}],"replies":[{"embeddable":true,"href":"https:\/\/wp.unil.ch\/adas\/wp-json\/wp\/v2\/comments?post=26519"}],"version-history":[{"count":0,"href":"https:\/\/wp.unil.ch\/adas\/wp-json\/wp\/v2\/posts\/26519\/revisions"}],"wp:attachment":[{"href":"https:\/\/wp.unil.ch\/adas\/wp-json\/wp\/v2\/media?parent=26519"}],"wp:term":[{"taxonomy":"category","embeddable":true,"href":"https:\/\/wp.unil.ch\/adas\/wp-json\/wp\/v2\/categories?post=26519"},{"taxonomy":"post_tag","embeddable":true,"href":"https:\/\/wp.unil.ch\/adas\/wp-json\/wp\/v2\/tags?post=26519"}],"curies":[{"name":"wp","href":"https:\/\/api.w.org\/{rel}","templated":true}]}}