{"id":3667,"date":"2024-03-05T08:59:00","date_gmt":"2024-03-05T07:59:00","guid":{"rendered":"https:\/\/wp.unil.ch\/acidul\/?p=3667"},"modified":"2024-07-24T11:24:55","modified_gmt":"2024-07-24T09:24:55","slug":"newsletter-fevrier-2024","status":"publish","type":"post","link":"https:\/\/wp.unil.ch\/acidul\/2024\/03\/05\/newsletter-fevrier-2024\/","title":{"rendered":"Newsletter &#8211; f\u00e9vrier 2024"},"content":{"rendered":"\n<p class=\"has-text-color has-link-color wp-elements-7c51d522b2a53ca6906dc6f28e81d2a6\" style=\"color:#0b0bc2\"><em><strong>English below<\/strong><\/em><\/p>\n\n\n\n<p>Ch\u00e8res et chers coll\u00e8gues,<br \/><br \/>Nous esp\u00e9rons que vous vous portez bien et que votre rentr\u00e9e s&rsquo;est bien pass\u00e9e. Vous trouverez ci-dessous quelques nouvelles associatives :<br \/><br \/><strong>Le cahier des charges, k\u00e9sako ?<\/strong><br \/>ACIDUL organise un <a href=\"https:\/\/wp.unil.ch\/acidul\/2024\/02\/09\/evenement-sur-le-cahier-des-charges\/\">\u00e9v\u00e9nement d&rsquo;information<\/a>\u00a0sur le cahier des charges destin\u00e9 aux doctorant\u00b7e\u00b7s et au corps interm\u00e9diaire. Nos invit\u00e9\u00b7e\u00b7s expliqueront l&rsquo;importance du cahier des charges, vous donneront des conseils, et r\u00e9pondront aux questions que vous vous poseriez sur votre cahier des charges. <strong>RDV le 12 mars de 17h00 \u00e0 18h30 dans la salle 2129 du b\u00e2timent G\u00e9opolis<\/strong>.<br \/><br \/><strong>Mobilisation pour la p\u00e9tition : nous avons besoin de vous !<\/strong><br \/>En octobre 2023, la Direction a <a href=\"https:\/\/wp.unil.ch\/acidul\/2023\/11\/08\/reponse-de-la-direction-a-la-petition-pour-les-doctorant-e-s\/\">r\u00e9pondu<\/a>\u00a0\u00e0 notre <a href=\"https:\/\/vaud.ssp-vpod.ch\/secteurs\/hautes-ecoles-et-universite-2\/mettons-fin-a-la-precarite-et-aux-inegalites-entre-doctorant-e-s-a-lunil\/\">p\u00e9tition<\/a>. Pour faire bouger les choses pour les centaines de doctorant\u00b7e\u00b7s concern\u00e9\u00b7e\u00b7s, ACIDUL et le SSP organisent une mobilisation de 92 personnes devant l&rsquo;Unicentre<strong>\u00a0le 19 mars de 12h00 \u00e0 12h30. <\/strong>Nous avons besoin de vous\u00a0! Information et inscription <strong><u><a href=\"https:\/\/wp.unil.ch\/acidul\/3586-2\/\">ici<\/a><\/u><\/strong>.<br \/><br \/><strong>R\u00e9sultats du sondage sur la cr\u00e9ation de postes \u00e0 l&rsquo;UNIL<\/strong><br \/>Les <a href=\"https:\/\/wp.unil.ch\/acidul\/2024\/02\/20\/resultats-du-sondage-creation-de-postes-unil\/\">r\u00e9sultats du sondage<\/a> peuvent \u00eatre consult\u00e9s sur notre site. Ils seront prochainement discut\u00e9s avec les associations facultaires du corps interm\u00e9diaire de l&rsquo;UNIL et pr\u00e9sent\u00e9s \u00e0 la Direction. Un tr\u00e8s grand merci \u00e0 toutes les personnes qui ont partag\u00e9 leurs id\u00e9es avec nous !<br \/><br \/><strong>Le comit\u00e9 d&rsquo;ACIDUL recrute !<\/strong><br \/>La politique universitaire vous int\u00e9resse ? Le comit\u00e9 accueille avec plaisir de nouveaux membres ! N&rsquo;h\u00e9sitez pas \u00e0 nous contacter (acidul@unil.ch). Veuillez noter qu&rsquo;un bon niveau de fran\u00e7ais est requis pour participer pleinement aux activit\u00e9s de l&rsquo;association.<br \/><br \/><strong>Soutien individuel<\/strong><br \/>Si vous rencontrez des probl\u00e8mes \u00e0 l&rsquo;UNIL (contrat de travail, cahier des charges, conflit, harc\u00e8lement, etc.), n&rsquo;h\u00e9sitez pas \u00e0 nous contacter. Nous pouvons vous soutenir. Vous pouvez nous \u00e9crire \u00e0 acidul@unil.ch, nous appeler au 077 402 21 94 ou remplir ce formulaire, en toute confidentialit\u00e9.<br \/><br \/><strong>Fonds de solidarit\u00e9 des doctorant\u00b7e\u00b7s (FSD)<\/strong><br \/>Vous \u00eates doctorant-e et rencontrez une mauvaise passe financi\u00e8re ? Vous pouvez adresser une demande de soutien ponctuel \u00e0 acidul@unil.ch. Le r\u00e8glement d&rsquo;octroi du FSD se trouve <a href=\"https:\/\/wp.unil.ch\/acidul\/files\/2023\/10\/FSD-1.pdf\">ici<\/a>.<br \/><br \/><strong>Unith\u00e8se : soutien \u00e0 la r\u00e9daction de th\u00e8se en fran\u00e7ais<\/strong><br \/>L&rsquo;UNIL propose depuis peu un service d&rsquo;aide \u00e0 la r\u00e9daction de th\u00e8se en fran\u00e7ais. Plus d&rsquo;informations <a href=\"https:\/\/wp.unil.ch\/ecritsacademiques\/unithese-soutien-a-la-redaction-des-theses-en-francais\/\">ici<\/a>\u00a0!<\/p>\n\n\n\n<hr class=\"wp-block-separator has-alpha-channel-opacity\" \/>\n\n\n\n<p>Dear colleagues,<br \/><br \/>We hope this message finds you well and that your semester started smoothly. Below you will find some updates from our association:<br \/><br \/><strong>So what\u2019s the deal about the <em>cahier des charges<\/em>?<\/strong><br \/>ACIDUL is organizing an <a href=\"https:\/\/wp.unil.ch\/acidul\/2024\/02\/09\/evenement-sur-le-cahier-des-charges\/\">information session<\/a> about the <em>cahier des charges,<\/em>\u00a0intended for PhD students and mid-level staff. Our guests will explain the importance of the <em>cahier des charges<\/em>, provide advice, and answer any questions you may have about your own <em>cahier des charges<\/em>. <strong>Join us on 12th March from 5 to 6:30pm in room 2129 of the G\u00e9opolis building<\/strong>. **Please note that presentations will be given in French but questions may be asked in English**<br \/><br \/><strong>Mobilisation around our petition: we need you!<\/strong><br \/>In October 2023, the rectorate <a href=\"https:\/\/wp.unil.ch\/acidul\/2023\/11\/08\/reponse-de-la-direction-a-la-petition-pour-les-doctorant-e-s\/\">responded<\/a>\u00a0to our <a href=\"https:\/\/vaud.ssp-vpod.ch\/secteurs\/hautes-ecoles-et-universite-2\/mettons-fin-a-la-precarite-et-aux-inegalites-entre-doctorant-e-s-a-lunil\/\">petition<\/a>. To make things move for the hundreds of PhD candidates who are affected, ACIDUL and the SSP are organising a mobilisation of 92 people in front of the Unicentre on <strong>19th March from 12:00 to 12:30pm<\/strong>. We need your support! Information and enrollment <strong><u><a href=\"https:\/\/wp.unil.ch\/acidul\/3586-2\/\">here<\/a><\/u><\/strong>.<br \/><br \/><strong>Survey results on the creation of positions at UNIL<\/strong><br \/>The <a href=\"https:\/\/wp.unil.ch\/acidul\/results-of-the-survey-creation-of-positions-at-unil\/\">results of the survey<\/a> can be viewed on our website. They will soon be discussed with the intermediary staff associations on the faculty level and presented to the rectorate. A huge thank you to everyone who shared their ideas with us!<br \/><br \/><strong>ACIDUL&rsquo;s committee is recruiting!<\/strong><br \/>Interested in university policies? The committee always welcomes new members! Don&rsquo;t hesitate to contact us (acidul@unil.ch). Please note that a good level of French is required to fully participate in the association&rsquo;s activities.<br \/><br \/><strong>Individual support<\/strong><br \/>If you are encountering issues at UNIL (employment contract, <em>cahier des charges<\/em>, conflicts, harassment, etc.), feel free to contact us. We can support you. You can email us (acidul@unil.ch), call us (077 402 21 94) or fill out this form, all in complete confidentiality.<br \/><br \/><strong>PhD Students&rsquo; Solidarity Fund (FSD)<\/strong><br \/>Are you experiencing financial difficulties as a PhD student? You can submit a request for punctual support at acidul@unil.ch. The regulations for the FSD can be found <a href=\"https:\/\/wp.unil.ch\/acidul\/files\/2023\/10\/FSD-1.pdf\">here<\/a>.<br \/><br \/><strong>Unith\u00e8se: support for PhD writing in French<\/strong><br \/>UNIL recently launched a service to assist with thesis writing in French. More information <a href=\"https:\/\/wp.unil.ch\/acidul\/results-of-the-survey-creation-of-positions-at-unil\/\">here<\/a>.<\/p>\n","protected":false},"excerpt":{"rendered":"<p>English below Ch\u00e8res et chers coll\u00e8gues, Nous esp\u00e9rons que vous vous portez bien et que votre rentr\u00e9e s&rsquo;est bien pass\u00e9e. Vous trouverez ci-dessous quelques nouvelles associatives : Le cahier des charges, k\u00e9sako ?ACIDUL organise un \u00e9v\u00e9nement d&rsquo;information\u00a0sur le cahier des charges destin\u00e9 aux doctorant\u00b7e\u00b7s et au corps interm\u00e9diaire. Nos invit\u00e9\u00b7e\u00b7s expliqueront l&rsquo;importance du cahier des [&hellip;]<\/p>\n","protected":false},"author":1002600,"featured_media":0,"comment_status":"open","ping_status":"open","sticky":false,"template":"","format":"standard","meta":{"_seopress_robots_primary_cat":"","_seopress_titles_title":"","_seopress_titles_desc":"","_seopress_robots_index":"","footnotes":"","_links_to":"","_links_to_target":""},"categories":[66744],"tags":[],"class_list":{"0":"post-3667","1":"post","2":"type-post","3":"status-publish","4":"format-standard","6":"category-newsletters"},"_links":{"self":[{"href":"https:\/\/wp.unil.ch\/acidul\/wp-json\/wp\/v2\/posts\/3667","targetHints":{"allow":["GET"]}}],"collection":[{"href":"https:\/\/wp.unil.ch\/acidul\/wp-json\/wp\/v2\/posts"}],"about":[{"href":"https:\/\/wp.unil.ch\/acidul\/wp-json\/wp\/v2\/types\/post"}],"author":[{"embeddable":true,"href":"https:\/\/wp.unil.ch\/acidul\/wp-json\/wp\/v2\/users\/1002600"}],"replies":[{"embeddable":true,"href":"https:\/\/wp.unil.ch\/acidul\/wp-json\/wp\/v2\/comments?post=3667"}],"version-history":[{"count":5,"href":"https:\/\/wp.unil.ch\/acidul\/wp-json\/wp\/v2\/posts\/3667\/revisions"}],"predecessor-version":[{"id":4171,"href":"https:\/\/wp.unil.ch\/acidul\/wp-json\/wp\/v2\/posts\/3667\/revisions\/4171"}],"wp:attachment":[{"href":"https:\/\/wp.unil.ch\/acidul\/wp-json\/wp\/v2\/media?parent=3667"}],"wp:term":[{"taxonomy":"category","embeddable":true,"href":"https:\/\/wp.unil.ch\/acidul\/wp-json\/wp\/v2\/categories?post=3667"},{"taxonomy":"post_tag","embeddable":true,"href":"https:\/\/wp.unil.ch\/acidul\/wp-json\/wp\/v2\/tags?post=3667"}],"curies":[{"name":"wp","href":"https:\/\/api.w.org\/{rel}","templated":true}]}}